{"id":743,"count":1,"description":"","link":"https:\/\/naszpowiat.info\/index.php\/tag\/panstwowa-straz-pozarna\/","name":"Pa\u0144stwowa Stra\u017c Po\u017carna","slug":"panstwowa-straz-pozarna","taxonomy":"post_tag","meta":[],"_links":{"self":[{"href":"https:\/\/naszpowiat.info\/index.php\/wp-json\/wp\/v2\/tags\/743","targetHints":{"allow":["GET"]}}],"collection":[{"href":"https:\/\/naszpowiat.info\/index.php\/wp-json\/wp\/v2\/tags"}],"about":[{"href":"https:\/\/naszpowiat.info\/index.php\/wp-json\/wp\/v2\/taxonomies\/post_tag"}],"wp:post_type":[{"href":"https:\/\/naszpowiat.info\/index.php\/wp-json\/wp\/v2\/posts?tags=743"}],"curies":[{"name":"wp","href":"https:\/\/api.w.org\/{rel}","templated":true}]}}