{"id":9905,"date":"2026-04-30T16:46:02","date_gmt":"2026-04-30T16:46:02","guid":{"rendered":"https:\/\/naszpowiat.info\/?p=9905"},"modified":"2026-04-30T16:46:05","modified_gmt":"2026-04-30T16:46:05","slug":"piknik-patriotyczny-w-garwolinie-swietowanie-3-maja-w-atmosferze-patriotyzmu-i-wspolnej-zabawy","status":"publish","type":"post","link":"https:\/\/naszpowiat.info\/index.php\/2026\/04\/30\/piknik-patriotyczny-w-garwolinie-swietowanie-3-maja-w-atmosferze-patriotyzmu-i-wspolnej-zabawy\/","title":{"rendered":"Piknik Patriotyczny w Garwolinie \u2013 \u015awi\u0119towanie 3 Maja w atmosferze patriotyzmu i wsp\u00f3lnej zabawy"},"content":{"rendered":"\n<p>Z okazji obchod\u00f3w 235. rocznicy uchwalenia Konstytucji 3 Maja, mieszka\u0144cy Garwolina b\u0119d\u0105 mieli okazj\u0119 uczestniczy\u0107 w Pikniku Patriotycznym, kt\u00f3ry odb\u0119dzie si\u0119 3 maja 2026 roku o godzinie 13:00 na placu przed Starostwem Powiatowym w Garwolinie. Wydarzenie, kt\u00f3re z roku na rok cieszy si\u0119 coraz wi\u0119kszym zainteresowaniem, ma na celu po\u0142\u0105czenie patriotyzmu z rado\u015bci\u0105 wsp\u00f3lnego \u015bwi\u0119towania w gronie rodziny, s\u0105siad\u00f3w i przyjaci\u00f3\u0142.<\/p>\n\n\n\n<p>Podczas Pikniku, organizatorzy przygotowali szereg atrakcji, kt\u00f3re z pewno\u015bci\u0105 przyci\u0105gn\u0105 uczestnik\u00f3w w ka\u017cdym wieku. Uroczysto\u015bci rozpoczn\u0105 si\u0119 wsp\u00f3lnym \u015bwi\u0119towaniem, kt\u00f3re po\u0142\u0105czy elementy tradycji z aktywno\u015bci\u0105 na \u015bwie\u017cym powietrzu. B\u0119d\u0105 to mi\u0119dzy innymi interaktywne wydarzenia, takie jak wirtualna strzelnica, gdzie ka\u017cdy ch\u0119tny b\u0119dzie m\u00f3g\u0142 spr\u00f3bowa\u0107 swoich si\u0142 w strzelectwie. Dla najm\u0142odszych przewidziano animacje, malowanie buziek i patriotyczne fryzury w bia\u0142o-czerwonych barwach. Doro\u015bli i dzieci b\u0119d\u0105 mogli r\u00f3wnie\u017c skorzysta\u0107 z atrakcji kulinarnych, takich jak \u017co\u0142nierska groch\u00f3wka, kt\u00f3rej zapach przyci\u0105gnie wszystkich uczestnik\u00f3w.<\/p>\n\n\n\n<p>Jednym z bardziej unikalnych punkt\u00f3w programu b\u0119dzie mo\u017cliwo\u015b\u0107 zobaczenia z bliska prawdziwych pojazd\u00f3w stra\u017cackich i policyjnych, kt\u00f3re b\u0119dzie mo\u017cna dok\u0142adnie obejrze\u0107. Dodatkowo, podno\u015bnik OSP umo\u017cliwi uczestnikom podziwianie Garwolina z wysoko\u015bci. Wydarzenie to b\u0119dzie doskona\u0142\u0105 okazj\u0105 do sp\u0119dzenia czasu z rodzin\u0105, wsp\u00f3lnego \u015bwi\u0119towania i budowania wsp\u00f3lnoty, opartej na wsp\u00f3lnych warto\u015bciach narodowych.<\/p>\n\n\n\n<p>Organizatorzy zapraszaj\u0105 mieszka\u0144c\u00f3w i go\u015bci do wzi\u0119cia udzia\u0142u w tym wyj\u0105tkowym wydarzeniu. Piknik Patriotyczny w Garwolinie to doskona\u0142a okazja, by poczu\u0107 si\u0119 cz\u0119\u015bci\u0105 lokalnej wsp\u00f3lnoty i uczci\u0107 jedno z najwa\u017cniejszych wydarze\u0144 w historii Polski.<\/p>\n\n\n\n<p><strong>Do zobaczenia 3 maja o godzinie 13:00 na placu przed Starostwem Powiatowym w Garwolinie!<\/strong><\/p>\n\n\n\n<figure class=\"wp-block-image size-full\"><img loading=\"lazy\" decoding=\"async\" width=\"566\" height=\"800\" src=\"https:\/\/naszpowiat.info\/wp-content\/uploads\/2026\/04\/csm_Piknik_patriotyczny_2_a8c88f66dd.png\" alt=\"\" class=\"wp-image-9906\"\/><figcaption class=\"wp-element-caption\">Fot. Starostwo Powiatowe w Garwolinie<\/figcaption><\/figure>\n<div class=\"naszp-po-tresci\" id=\"naszp-3483073029\"><script async src=\"\/\/pagead2.googlesyndication.com\/pagead\/js\/adsbygoogle.js?client=ca-pub-5304901113955943\" crossorigin=\"anonymous\"><\/script><ins class=\"adsbygoogle\" style=\"display:block;\" data-ad-client=\"ca-pub-5304901113955943\" \ndata-ad-slot=\"9226873542\" \ndata-ad-format=\"auto\"><\/ins>\n<script> \n(adsbygoogle = window.adsbygoogle || []).push({}); \n<\/script>\n<\/div>","protected":false},"excerpt":{"rendered":"<p>Z okazji obchod\u00f3w 235. rocznicy uchwalenia Konstytucji 3 Maja, mieszka\u0144cy Garwolina b\u0119d\u0105 mieli okazj\u0119 uczestniczy\u0107 w Pikniku Patriotycznym, kt\u00f3ry odb\u0119dzie si\u0119 3 maja 2026 roku o godzinie 13:00 na placu przed Starostwem Powiatowym w Garwolinie. Wydarzenie, kt\u00f3re z roku na rok cieszy si\u0119 coraz wi\u0119kszym zainteresowaniem, ma na celu po\u0142\u0105czenie<span class=\"more-link\"><a href=\"https:\/\/naszpowiat.info\/index.php\/2026\/04\/30\/piknik-patriotyczny-w-garwolinie-swietowanie-3-maja-w-atmosferze-patriotyzmu-i-wspolnej-zabawy\/\">Czytaj dalej<\/a><\/span><\/p>\n","protected":false},"author":9,"featured_media":9907,"comment_status":"closed","ping_status":"closed","sticky":false,"template":"","format":"standard","meta":{"_monsterinsights_skip_tracking":false,"_monsterinsights_sitenote_active":false,"_monsterinsights_sitenote_note":"","_monsterinsights_sitenote_category":0,"footnotes":""},"categories":[123,28,213,78,30,209,31,187,59],"tags":[1070,227,309,290],"class_list":["entry","author-admin","post-9905","post","type-post","status-publish","format-standard","has-post-thumbnail","category-aktualnosci","category-dla-mieszkanca","category-garwolin","category-historia","category-kultura","category-powiat-garwolinski","category-powiaty-mazowieckiego","category-samorzad","category-wydarzenia","tag-3-maja","tag-garwolin","tag-samorzad","tag-wydarzenia"],"aioseo_notices":[],"_links":{"self":[{"href":"https:\/\/naszpowiat.info\/index.php\/wp-json\/wp\/v2\/posts\/9905","targetHints":{"allow":["GET"]}}],"collection":[{"href":"https:\/\/naszpowiat.info\/index.php\/wp-json\/wp\/v2\/posts"}],"about":[{"href":"https:\/\/naszpowiat.info\/index.php\/wp-json\/wp\/v2\/types\/post"}],"author":[{"embeddable":true,"href":"https:\/\/naszpowiat.info\/index.php\/wp-json\/wp\/v2\/users\/9"}],"replies":[{"embeddable":true,"href":"https:\/\/naszpowiat.info\/index.php\/wp-json\/wp\/v2\/comments?post=9905"}],"version-history":[{"count":1,"href":"https:\/\/naszpowiat.info\/index.php\/wp-json\/wp\/v2\/posts\/9905\/revisions"}],"predecessor-version":[{"id":9908,"href":"https:\/\/naszpowiat.info\/index.php\/wp-json\/wp\/v2\/posts\/9905\/revisions\/9908"}],"wp:featuredmedia":[{"embeddable":true,"href":"https:\/\/naszpowiat.info\/index.php\/wp-json\/wp\/v2\/media\/9907"}],"wp:attachment":[{"href":"https:\/\/naszpowiat.info\/index.php\/wp-json\/wp\/v2\/media?parent=9905"}],"wp:term":[{"taxonomy":"category","embeddable":true,"href":"https:\/\/naszpowiat.info\/index.php\/wp-json\/wp\/v2\/categories?post=9905"},{"taxonomy":"post_tag","embeddable":true,"href":"https:\/\/naszpowiat.info\/index.php\/wp-json\/wp\/v2\/tags?post=9905"}],"curies":[{"name":"wp","href":"https:\/\/api.w.org\/{rel}","templated":true}]}}