{"id":9901,"date":"2026-04-28T09:49:39","date_gmt":"2026-04-28T09:49:39","guid":{"rendered":"https:\/\/naszpowiat.info\/?p=9901"},"modified":"2026-04-28T09:49:48","modified_gmt":"2026-04-28T09:49:48","slug":"tysiace-kilogramow-dobra-final-szkoly-z-sercem-w-nowym-dworze-mazowieckim","status":"publish","type":"post","link":"https:\/\/naszpowiat.info\/index.php\/2026\/04\/28\/tysiace-kilogramow-dobra-final-szkoly-z-sercem-w-nowym-dworze-mazowieckim\/","title":{"rendered":"Tysi\u0105ce kilogram\u00f3w dobra. Fina\u0142 \u201eSzko\u0142y z Sercem\u201d w Nowym Dworze Mazowieckim"},"content":{"rendered":"\n<p>Ponad 17 ton i 248 kilogram\u00f3w nakr\u0119tek \u2013 dok\u0142adnie tyle uda\u0142o si\u0119 zebra\u0107 w sze\u015bciu edycjach konkursu \u201eSzko\u0142a z Sercem\u201d, kt\u00f3ry na sta\u0142e wpisa\u0142 si\u0119 w kalendarz lokalnych inicjatyw spo\u0142ecznych. Tegoroczny wynik to 3162,5 kilograma, co potwierdza, \u017ce zaanga\u017cowanie m\u0142odych ludzi nie s\u0142abnie, a idea pomagania wci\u0105\u017c jednoczy kolejne pokolenia.<\/p>\n\n\n\n<p>Fina\u0142 akcji odby\u0142 si\u0119 24 kwietnia 2026 roku w Nowodworskim O\u015brodku Kultury i mia\u0142 wyj\u0105tkowy, pe\u0142en emocji charakter. By\u0142o to spotkanie, kt\u00f3re pokaza\u0142o nie tylko skal\u0119 przedsi\u0119wzi\u0119cia, ale przede wszystkim ogromn\u0105 wra\u017cliwo\u015b\u0107 dzieci i m\u0142odzie\u017cy, dla kt\u00f3rych udzia\u0142 w konkursie sta\u0142 si\u0119 czym\u015b wi\u0119cej ni\u017c rywalizacj\u0105 \u2013 realn\u0105 form\u0105 wsparcia potrzebuj\u0105cych.<\/p>\n\n\n\n<p>Na szczeg\u00f3lne wyr\u00f3\u017cnienie zas\u0142u\u017cy\u0142y szko\u0142y, kt\u00f3re w tym roku wykaza\u0142y si\u0119 najwi\u0119kszym zaanga\u017cowaniem. W\u015br\u00f3d nich znalaz\u0142y si\u0119 Zesp\u00f3\u0142 Szkolno-Przedszkolny nr 1 w Nowym Dworze Mazowieckim wraz ze Szko\u0142\u0105 Podstawow\u0105 nr 7 im. Or\u0142a Bia\u0142ego, Szko\u0142a Podstawowa nr 3 im. J\u00f3zefa Wybickiego w Nowym Dworze Mazowieckim, Zesp\u00f3\u0142 Szkolno-Przedszkolny nr 4 w Nowym Dworze Mazowieckim, a tak\u017ce Szko\u0142a Podstawowa im. Fryderyka Chopina w Wojszczycach.<\/p>\n\n\n\n<p>Organizatorzy podkre\u015blali, \u017ce sukces inicjatywy to nie tylko efekt pracy uczni\u00f3w, ale r\u00f3wnie\u017c wsparcia nauczycieli, rodzic\u00f3w oraz os\u00f3b zaanga\u017cowanych w koordynacj\u0119 projektu. W\u015br\u00f3d nich znalaz\u0142 si\u0119 S\u0142awek Micha\u0142owski, kt\u00f3rego wk\u0142ad w rozw\u00f3j akcji zosta\u0142 szczeg\u00f3lnie doceniony.<\/p>\n\n\n\n<p>\u201eSzko\u0142a z Sercem\u201d to przyk\u0142ad inicjatywy, kt\u00f3ra \u0142\u0105czy edukacj\u0119 z realnym dzia\u0142aniem spo\u0142ecznym. Zbieranie nakr\u0119tek sta\u0142o si\u0119 symbolem solidarno\u015bci, a jednocze\u015bnie wa\u017cn\u0105 lekcj\u0105 odpowiedzialno\u015bci i empatii. Organizatorzy podkre\u015blaj\u0105, \u017ce to do\u015bwiadczenie pozostaje z uczestnikami na d\u0142ugo, kszta\u0142tuj\u0105c ich postawy i spos\u00f3b patrzenia na potrzeby innych.<\/p>\n\n\n\n<p>Zako\u0144czenie kolejnej edycji konkursu nie oznacza ko\u0144ca dzia\u0142a\u0144. Wr\u0119cz przeciwnie \u2013 rosn\u0105ce wyniki i zaanga\u017cowanie uczestnik\u00f3w pokazuj\u0105, \u017ce inicjatywa ma potencja\u0142, by rozwija\u0107 si\u0119 dalej i anga\u017cowa\u0107 kolejne \u015brodowiska.<\/p>\n\n\n<div class=\"wp-block-image\">\n<figure class=\"aligncenter size-full\"><img loading=\"lazy\" decoding=\"async\" width=\"800\" height=\"600\" src=\"https:\/\/naszpowiat.info\/wp-content\/uploads\/2026\/04\/97701.jpg\" alt=\"\" class=\"wp-image-9902\"\/><figcaption class=\"wp-element-caption\">Fot. nowydwormaz.pl<\/figcaption><\/figure>\n<\/div>\n\n\n<p><br><\/p>\n<div class=\"naszp-po-tresci\" id=\"naszp-1606054678\"><script async src=\"\/\/pagead2.googlesyndication.com\/pagead\/js\/adsbygoogle.js?client=ca-pub-5304901113955943\" crossorigin=\"anonymous\"><\/script><ins class=\"adsbygoogle\" style=\"display:block;\" data-ad-client=\"ca-pub-5304901113955943\" \ndata-ad-slot=\"9226873542\" \ndata-ad-format=\"auto\"><\/ins>\n<script> \n(adsbygoogle = window.adsbygoogle || []).push({}); \n<\/script>\n<\/div>","protected":false},"excerpt":{"rendered":"<p>Ponad 17 ton i 248 kilogram\u00f3w nakr\u0119tek \u2013 dok\u0142adnie tyle uda\u0142o si\u0119 zebra\u0107 w sze\u015bciu edycjach konkursu \u201eSzko\u0142a z Sercem\u201d, kt\u00f3ry na sta\u0142e wpisa\u0142 si\u0119 w kalendarz lokalnych inicjatyw spo\u0142ecznych. Tegoroczny wynik to 3162,5 kilograma, co potwierdza, \u017ce zaanga\u017cowanie m\u0142odych ludzi nie s\u0142abnie, a idea pomagania wci\u0105\u017c jednoczy kolejne pokolenia.<span class=\"more-link\"><a href=\"https:\/\/naszpowiat.info\/index.php\/2026\/04\/28\/tysiace-kilogramow-dobra-final-szkoly-z-sercem-w-nowym-dworze-mazowieckim\/\">Czytaj dalej<\/a><\/span><\/p>\n","protected":false},"author":9,"featured_media":9902,"comment_status":"closed","ping_status":"closed","sticky":false,"template":"","format":"standard","meta":{"_monsterinsights_skip_tracking":false,"_monsterinsights_sitenote_active":false,"_monsterinsights_sitenote_note":"","_monsterinsights_sitenote_category":0,"footnotes":""},"categories":[123,28,191,169,106,35,31,187,59],"tags":[309,290],"class_list":["entry","author-admin","post-9901","post","type-post","status-publish","format-standard","has-post-thumbnail","category-aktualnosci","category-dla-mieszkanca","category-edukacja","category-ekologia","category-nowy-dwor-mazowiecki","category-nowodworski","category-powiaty-mazowieckiego","category-samorzad","category-wydarzenia","tag-samorzad","tag-wydarzenia"],"aioseo_notices":[],"_links":{"self":[{"href":"https:\/\/naszpowiat.info\/index.php\/wp-json\/wp\/v2\/posts\/9901","targetHints":{"allow":["GET"]}}],"collection":[{"href":"https:\/\/naszpowiat.info\/index.php\/wp-json\/wp\/v2\/posts"}],"about":[{"href":"https:\/\/naszpowiat.info\/index.php\/wp-json\/wp\/v2\/types\/post"}],"author":[{"embeddable":true,"href":"https:\/\/naszpowiat.info\/index.php\/wp-json\/wp\/v2\/users\/9"}],"replies":[{"embeddable":true,"href":"https:\/\/naszpowiat.info\/index.php\/wp-json\/wp\/v2\/comments?post=9901"}],"version-history":[{"count":2,"href":"https:\/\/naszpowiat.info\/index.php\/wp-json\/wp\/v2\/posts\/9901\/revisions"}],"predecessor-version":[{"id":9904,"href":"https:\/\/naszpowiat.info\/index.php\/wp-json\/wp\/v2\/posts\/9901\/revisions\/9904"}],"wp:featuredmedia":[{"embeddable":true,"href":"https:\/\/naszpowiat.info\/index.php\/wp-json\/wp\/v2\/media\/9902"}],"wp:attachment":[{"href":"https:\/\/naszpowiat.info\/index.php\/wp-json\/wp\/v2\/media?parent=9901"}],"wp:term":[{"taxonomy":"category","embeddable":true,"href":"https:\/\/naszpowiat.info\/index.php\/wp-json\/wp\/v2\/categories?post=9901"},{"taxonomy":"post_tag","embeddable":true,"href":"https:\/\/naszpowiat.info\/index.php\/wp-json\/wp\/v2\/tags?post=9901"}],"curies":[{"name":"wp","href":"https:\/\/api.w.org\/{rel}","templated":true}]}}