{"id":9898,"date":"2026-04-27T18:46:10","date_gmt":"2026-04-27T18:46:10","guid":{"rendered":"https:\/\/naszpowiat.info\/?p=9898"},"modified":"2026-04-27T18:46:13","modified_gmt":"2026-04-27T18:46:13","slug":"szkola-w-zabkach-po-modernizacji-nizsze-koszty-i-lepsze-warunki-dla-uczniow","status":"publish","type":"post","link":"https:\/\/naszpowiat.info\/index.php\/2026\/04\/27\/szkola-w-zabkach-po-modernizacji-nizsze-koszty-i-lepsze-warunki-dla-uczniow\/","title":{"rendered":"Szko\u0142a w Z\u0105bkach po modernizacji. Ni\u017csze koszty i lepsze warunki dla uczni\u00f3w!"},"content":{"rendered":"\n<p>W Z\u0105bkach zako\u0144czono kolejny etap prac modernizacyjnych w Zespole Szk\u00f3\u0142 nr 1, obejmuj\u0105cy termomodernizacj\u0119 elewacji budynku. Inwestycja wpisuje si\u0119 w szerszy proces poprawy efektywno\u015bci energetycznej infrastruktury o\u015bwiatowej i ju\u017c teraz przek\u0142ada si\u0119 na wyra\u017an\u0105 popraw\u0119 warunk\u00f3w u\u017cytkowania obiektu.<\/p>\n\n\n\n<p>W ramach prowadzonych prac wykonano now\u0105 elewacj\u0119, a tak\u017ce wymieniono piec centralnego ogrzewania. Obecnie kontynuowane s\u0105 dzia\u0142ania zwi\u0105zane z modernizacj\u0105 instalacji oraz wymian\u0105 grzejnik\u00f3w, co pozwoli na pe\u0142ne dostosowanie systemu ogrzewania do wsp\u00f3\u0142czesnych standard\u00f3w energetycznych.<\/p>\n\n\n\n<p>Termomodernizacja obiekt\u00f3w szkolnych ma bezpo\u015bredni wp\u0142yw na komfort uczni\u00f3w i pracownik\u00f3w. Poprawa izolacji budynku oraz modernizacja systemu grzewczego przek\u0142adaj\u0105 si\u0119 na stabilniejsze warunki termiczne, co sprzyja zar\u00f3wno zdrowiu, jak i efektywno\u015bci nauki. Jednocze\u015bnie inwestycja pozwoli na znacz\u0105ce ograniczenie koszt\u00f3w eksploatacyjnych w kolejnych latach.<\/p>\n\n\n\n<p>Realizacja przedsi\u0119wzi\u0119cia by\u0142a mo\u017cliwa dzi\u0119ki wsparciu ze \u015brodk\u00f3w unijnych, pozyskanych w ramach projektu \u201ePoprawa efektywno\u015bci energetycznej infrastruktury szkolnej na terenie Miasta Z\u0105bki\u201d. Dofinansowanie pochodzi z Europejskiego Funduszu Rozwoju Regionalnego i jest cz\u0119\u015bci\u0105 programu Fundusze Europejskie dla Mazowsza 2021\u20132027, w ramach priorytetu dotycz\u0105cego zielonego rozwoju regionu.<\/p>\n\n\n\n<p>Inwestycje tego typu stanowi\u0105 wa\u017cny element d\u0142ugofalowej strategii miasta, ukierunkowanej na modernizacj\u0119 infrastruktury publicznej oraz ograniczanie zu\u017cycia energii. Zako\u0144czenie prac przy elewacji to istotny krok w kierunku stworzenia nowoczesnej, energooszcz\u0119dnej przestrzeni edukacyjnej.<\/p>\n\n\n<div class=\"wp-block-image\">\n<figure class=\"aligncenter size-full\"><img loading=\"lazy\" decoding=\"async\" width=\"1080\" height=\"1080\" src=\"https:\/\/naszpowiat.info\/wp-content\/uploads\/2026\/04\/1.png\" alt=\"\" class=\"wp-image-9899\"\/><figcaption class=\"wp-element-caption\">Fot. zabki.pl<br><\/figcaption><\/figure>\n<\/div><div class=\"naszp-po-tresci\" id=\"naszp-4264429006\"><script async src=\"\/\/pagead2.googlesyndication.com\/pagead\/js\/adsbygoogle.js?client=ca-pub-5304901113955943\" crossorigin=\"anonymous\"><\/script><ins class=\"adsbygoogle\" style=\"display:block;\" data-ad-client=\"ca-pub-5304901113955943\" \ndata-ad-slot=\"9226873542\" \ndata-ad-format=\"auto\"><\/ins>\n<script> \n(adsbygoogle = window.adsbygoogle || []).push({}); \n<\/script>\n<\/div>","protected":false},"excerpt":{"rendered":"<p>W Z\u0105bkach zako\u0144czono kolejny etap prac modernizacyjnych w Zespole Szk\u00f3\u0142 nr 1, obejmuj\u0105cy termomodernizacj\u0119 elewacji budynku. Inwestycja wpisuje si\u0119 w szerszy proces poprawy efektywno\u015bci energetycznej infrastruktury o\u015bwiatowej i ju\u017c teraz przek\u0142ada si\u0119 na wyra\u017an\u0105 popraw\u0119 warunk\u00f3w u\u017cytkowania obiektu. W ramach prowadzonych prac wykonano now\u0105 elewacj\u0119, a tak\u017ce wymieniono piec centralnego<span class=\"more-link\"><a href=\"https:\/\/naszpowiat.info\/index.php\/2026\/04\/27\/szkola-w-zabkach-po-modernizacji-nizsze-koszty-i-lepsze-warunki-dla-uczniow\/\">Czytaj dalej<\/a><\/span><\/p>\n","protected":false},"author":9,"featured_media":9899,"comment_status":"closed","ping_status":"closed","sticky":false,"template":"","format":"standard","meta":{"_monsterinsights_skip_tracking":false,"_monsterinsights_sitenote_active":false,"_monsterinsights_sitenote_note":"","_monsterinsights_sitenote_category":0,"footnotes":""},"categories":[123,28,191,127,40,31,187,59,61,62],"tags":[309,290,130,1938],"class_list":["entry","author-admin","post-9898","post","type-post","status-publish","format-standard","has-post-thumbnail","category-aktualnosci","category-dla-mieszkanca","category-edukacja","category-inwestycje","category-wolominski","category-powiaty-mazowieckiego","category-samorzad","category-wydarzenia","category-zabki","category-zabki-wolominski","tag-samorzad","tag-wydarzenia","tag-zabki","tag-zabki-szkola-modernizacja"],"aioseo_notices":[],"_links":{"self":[{"href":"https:\/\/naszpowiat.info\/index.php\/wp-json\/wp\/v2\/posts\/9898","targetHints":{"allow":["GET"]}}],"collection":[{"href":"https:\/\/naszpowiat.info\/index.php\/wp-json\/wp\/v2\/posts"}],"about":[{"href":"https:\/\/naszpowiat.info\/index.php\/wp-json\/wp\/v2\/types\/post"}],"author":[{"embeddable":true,"href":"https:\/\/naszpowiat.info\/index.php\/wp-json\/wp\/v2\/users\/9"}],"replies":[{"embeddable":true,"href":"https:\/\/naszpowiat.info\/index.php\/wp-json\/wp\/v2\/comments?post=9898"}],"version-history":[{"count":1,"href":"https:\/\/naszpowiat.info\/index.php\/wp-json\/wp\/v2\/posts\/9898\/revisions"}],"predecessor-version":[{"id":9900,"href":"https:\/\/naszpowiat.info\/index.php\/wp-json\/wp\/v2\/posts\/9898\/revisions\/9900"}],"wp:featuredmedia":[{"embeddable":true,"href":"https:\/\/naszpowiat.info\/index.php\/wp-json\/wp\/v2\/media\/9899"}],"wp:attachment":[{"href":"https:\/\/naszpowiat.info\/index.php\/wp-json\/wp\/v2\/media?parent=9898"}],"wp:term":[{"taxonomy":"category","embeddable":true,"href":"https:\/\/naszpowiat.info\/index.php\/wp-json\/wp\/v2\/categories?post=9898"},{"taxonomy":"post_tag","embeddable":true,"href":"https:\/\/naszpowiat.info\/index.php\/wp-json\/wp\/v2\/tags?post=9898"}],"curies":[{"name":"wp","href":"https:\/\/api.w.org\/{rel}","templated":true}]}}