{"id":9894,"date":"2026-04-26T21:12:12","date_gmt":"2026-04-26T21:12:12","guid":{"rendered":"https:\/\/naszpowiat.info\/?p=9894"},"modified":"2026-04-26T21:12:21","modified_gmt":"2026-04-26T21:12:21","slug":"piaseczno-uczci-3-maja-uroczystosci-muzyka-i-bieg-konstytucyjny","status":"publish","type":"post","link":"https:\/\/naszpowiat.info\/index.php\/2026\/04\/26\/piaseczno-uczci-3-maja-uroczystosci-muzyka-i-bieg-konstytucyjny\/","title":{"rendered":"Piaseczno uczci 3 Maja. Uroczysto\u015bci, muzyka i bieg konstytucyjny"},"content":{"rendered":"\n<p>W Piasecznie odb\u0119d\u0105 si\u0119 uroczyste obchody 235. rocznicy uchwalenia Konstytucji 3 Maja, kt\u00f3re po\u0142\u0105cz\u0105 tradycj\u0119, kultur\u0119 oraz aktywno\u015b\u0107 sportow\u0105. Program wydarze\u0144 zosta\u0142 przygotowany z my\u015bl\u0105 o mieszka\u0144cach i go\u015bciach, kt\u00f3rzy chc\u0105 wsp\u00f3lnie uczci\u0107 jedno z najwa\u017cniejszych \u015bwi\u0105t pa\u0144stwowych.<\/p>\n\n\n\n<p>Uroczysto\u015bci rozpoczn\u0105 si\u0119 o godzinie 10.00 msz\u0105 \u015bwi\u0119t\u0105 w intencji Ojczyzny w ko\u015bciele \u015bw. Anny w Piasecznie. Nast\u0119pnie, o godzinie 11.00, uczestnicy przenios\u0105 si\u0119 na Plac Pi\u0142sudskiego przy ratuszu w Piasecznie, gdzie odb\u0119d\u0105 si\u0119 oficjalne obchody. Opraw\u0119 artystyczn\u0105 zapewni\u0105 Ch\u00f3r Lira oraz Piaseczy\u0144ska Orkiestra D\u0119ta, kt\u00f3re towarzyszy\u0107 b\u0119d\u0105 najwa\u017cniejszym momentom uroczysto\u015bci.<\/p>\n\n\n\n<p>Kulminacj\u0105 wydarzenia b\u0119dzie cz\u0119\u015b\u0107 sportowa. O godzinie 12.15 wystartuje 26. Piaseczy\u0144ska Mila Konstytucyjna \u2013 bieg g\u0142\u00f3wny, kt\u00f3ry od lat przyci\u0105ga zar\u00f3wno amator\u00f3w, jak i bardziej do\u015bwiadczonych biegaczy. Trasa biegu poprowadzi ulicami miasta, a start i meta zlokalizowane b\u0119d\u0105 na Placu Pi\u0142sudskiego w Piasecznie.<\/p>\n\n\n\n<p>Obchody \u015awi\u0119ta Konstytucji 3 Maja w Piasecznie to nie tylko uroczysto\u015bci oficjalne, ale r\u00f3wnie\u017c okazja do wsp\u00f3lnego sp\u0119dzenia czasu i budowania lokalnej wsp\u00f3lnoty. Organizatorzy zach\u0119caj\u0105 wszystkich mieszka\u0144c\u00f3w oraz go\u015bci do udzia\u0142u i aktywnego w\u0142\u0105czenia si\u0119 w wydarzenia.<\/p>\n\n\n\n<p>Za przygotowanie obchod\u00f3w odpowiadaj\u0105 m.in. gmina Piaseczno, Starostwo Powiatowe w Piasecznie, Centrum Kultury w Piasecznie, Stowarzyszenie Kondycja, ZHP Hufiec Piaseczno, parafia \u015bw. Anny w Piasecznie, GOSiR Piaseczno oraz organizacje kombatanckie.<\/p>\n\n\n<div class=\"wp-block-image\">\n<figure class=\"aligncenter size-full\"><img loading=\"lazy\" decoding=\"async\" width=\"581\" height=\"841\" src=\"https:\/\/naszpowiat.info\/wp-content\/uploads\/2026\/04\/piaseczno.png\" alt=\"\" class=\"wp-image-9895\"\/><figcaption class=\"wp-element-caption\">Fot. piaseczno.eu<\/figcaption><\/figure>\n<\/div><div class=\"naszp-po-tresci\" id=\"naszp-3008226622\"><script async src=\"\/\/pagead2.googlesyndication.com\/pagead\/js\/adsbygoogle.js?client=ca-pub-5304901113955943\" crossorigin=\"anonymous\"><\/script><ins class=\"adsbygoogle\" style=\"display:block;\" data-ad-client=\"ca-pub-5304901113955943\" \ndata-ad-slot=\"9226873542\" \ndata-ad-format=\"auto\"><\/ins>\n<script> \n(adsbygoogle = window.adsbygoogle || []).push({}); \n<\/script>\n<\/div>","protected":false},"excerpt":{"rendered":"<p>W Piasecznie odb\u0119d\u0105 si\u0119 uroczyste obchody 235. rocznicy uchwalenia Konstytucji 3 Maja, kt\u00f3re po\u0142\u0105cz\u0105 tradycj\u0119, kultur\u0119 oraz aktywno\u015b\u0107 sportow\u0105. Program wydarze\u0144 zosta\u0142 przygotowany z my\u015bl\u0105 o mieszka\u0144cach i go\u015bciach, kt\u00f3rzy chc\u0105 wsp\u00f3lnie uczci\u0107 jedno z najwa\u017cniejszych \u015bwi\u0105t pa\u0144stwowych. Uroczysto\u015bci rozpoczn\u0105 si\u0119 o godzinie 10.00 msz\u0105 \u015bwi\u0119t\u0105 w intencji Ojczyzny w<span class=\"more-link\"><a href=\"https:\/\/naszpowiat.info\/index.php\/2026\/04\/26\/piaseczno-uczci-3-maja-uroczystosci-muzyka-i-bieg-konstytucyjny\/\">Czytaj dalej<\/a><\/span><\/p>\n","protected":false},"author":9,"featured_media":9896,"comment_status":"closed","ping_status":"closed","sticky":false,"template":"","format":"standard","meta":{"_monsterinsights_skip_tracking":false,"_monsterinsights_sitenote_active":false,"_monsterinsights_sitenote_note":"","_monsterinsights_sitenote_category":0,"footnotes":""},"categories":[123,28,191,78,30,110,37,31,187,59],"tags":[1070,151,309,290],"class_list":["entry","author-admin","post-9894","post","type-post","status-publish","format-standard","has-post-thumbnail","category-aktualnosci","category-dla-mieszkanca","category-edukacja","category-historia","category-kultura","category-piaseczno","category-piaseczynski","category-powiaty-mazowieckiego","category-samorzad","category-wydarzenia","tag-3-maja","tag-piaseczno","tag-samorzad","tag-wydarzenia"],"aioseo_notices":[],"_links":{"self":[{"href":"https:\/\/naszpowiat.info\/index.php\/wp-json\/wp\/v2\/posts\/9894","targetHints":{"allow":["GET"]}}],"collection":[{"href":"https:\/\/naszpowiat.info\/index.php\/wp-json\/wp\/v2\/posts"}],"about":[{"href":"https:\/\/naszpowiat.info\/index.php\/wp-json\/wp\/v2\/types\/post"}],"author":[{"embeddable":true,"href":"https:\/\/naszpowiat.info\/index.php\/wp-json\/wp\/v2\/users\/9"}],"replies":[{"embeddable":true,"href":"https:\/\/naszpowiat.info\/index.php\/wp-json\/wp\/v2\/comments?post=9894"}],"version-history":[{"count":1,"href":"https:\/\/naszpowiat.info\/index.php\/wp-json\/wp\/v2\/posts\/9894\/revisions"}],"predecessor-version":[{"id":9897,"href":"https:\/\/naszpowiat.info\/index.php\/wp-json\/wp\/v2\/posts\/9894\/revisions\/9897"}],"wp:featuredmedia":[{"embeddable":true,"href":"https:\/\/naszpowiat.info\/index.php\/wp-json\/wp\/v2\/media\/9896"}],"wp:attachment":[{"href":"https:\/\/naszpowiat.info\/index.php\/wp-json\/wp\/v2\/media?parent=9894"}],"wp:term":[{"taxonomy":"category","embeddable":true,"href":"https:\/\/naszpowiat.info\/index.php\/wp-json\/wp\/v2\/categories?post=9894"},{"taxonomy":"post_tag","embeddable":true,"href":"https:\/\/naszpowiat.info\/index.php\/wp-json\/wp\/v2\/tags?post=9894"}],"curies":[{"name":"wp","href":"https:\/\/api.w.org\/{rel}","templated":true}]}}