{"id":9744,"date":"2026-03-13T16:34:50","date_gmt":"2026-03-13T16:34:50","guid":{"rendered":"https:\/\/naszpowiat.info\/?p=9744"},"modified":"2026-03-13T16:35:05","modified_gmt":"2026-03-13T16:35:05","slug":"nowa-hala-w-sp-nr-4-w-zabkach-szkola-po-kompleksowej-modernizacji-energetycznej","status":"publish","type":"post","link":"https:\/\/naszpowiat.info\/index.php\/2026\/03\/13\/nowa-hala-w-sp-nr-4-w-zabkach-szkola-po-kompleksowej-modernizacji-energetycznej\/","title":{"rendered":"Nowa hala w SP nr 4 w Z\u0105bkach. Szko\u0142a po kompleksowej modernizacji energetycznej"},"content":{"rendered":"\n<p>Zako\u0144czy\u0142a si\u0119 kompleksowa modernizacja energetyczna sali gimnastycznej w <strong>Szkole Podstawowej nr 4 w Z\u0105bkach<\/strong>. Inwestycja znacz\u0105co poprawi\u0142a standard infrastruktury sportowej oraz komfort korzystania z obiektu przez uczni\u00f3w i nauczycieli.<\/p>\n\n\n\n<p>W ramach prac przeprowadzono szeroki zakres rob\u00f3t modernizacyjnych. Wymieniona zosta\u0142a nawierzchnia hali sportowej oraz stolarka okienna. Zmodernizowano tak\u017ce system wentylacji i nagrzewnice, a dodatkowo wykonano docieplenie dachu oraz ca\u0142ego budynku sali gimnastycznej.<\/p>\n\n\n\n<p>Realizacja inwestycji by\u0142a mo\u017cliwa dzi\u0119ki \u015brodkom unijnym pozyskanym przez <strong>Z\u0105bki<\/strong> w ramach projektu \u201ePoprawa efektywno\u015bci energetycznej infrastruktury szkolnej na terenie Miasta Z\u0105bki\u201d. Projekt wsp\u00f3\u0142finansowany jest z <strong>Europejskiego Funduszu Rozwoju Regionalnego<\/strong> w ramach programu <strong>Fundusze Europejskie dla Mazowsza 2021-2027<\/strong>, w priorytecie dotycz\u0105cym zielonego rozwoju Mazowsza.<\/p>\n\n\n\n<p>Termomodernizacja szkolnych budynk\u00f3w ma du\u017ce znaczenie zar\u00f3wno dla komfortu u\u017cytkownik\u00f3w, jak i dla \u015brodowiska. Dzi\u0119ki takim inwestycjom poprawiaj\u0105 si\u0119 warunki termiczne w obiektach, a jednocze\u015bnie zmniejszaj\u0105 si\u0119 koszty ich utrzymania oraz zu\u017cycie energii.<\/p>\n\n\n\n<p>Zmodernizowana sala gimnastyczna w Szkole Podstawowej nr 4 b\u0119dzie teraz s\u0142u\u017cy\u0107 uczniom w znacznie lepszych warunkach, sprzyjaj\u0105cych aktywno\u015bci fizycznej i codziennym zaj\u0119ciom sportowym.<\/p>\n\n\n<div class=\"wp-block-image\">\n<figure class=\"aligncenter size-full\"><img loading=\"lazy\" decoding=\"async\" width=\"1080\" height=\"1080\" src=\"https:\/\/naszpowiat.info\/wp-content\/uploads\/2026\/03\/1-1.png\" alt=\"\" class=\"wp-image-9745\"\/><figcaption class=\"wp-element-caption\">Fot. zabki.pl<\/figcaption><\/figure>\n<\/div><div class=\"naszp-po-tresci\" id=\"naszp-864445623\"><script async src=\"\/\/pagead2.googlesyndication.com\/pagead\/js\/adsbygoogle.js?client=ca-pub-5304901113955943\" crossorigin=\"anonymous\"><\/script><ins class=\"adsbygoogle\" style=\"display:block;\" data-ad-client=\"ca-pub-5304901113955943\" \ndata-ad-slot=\"9226873542\" \ndata-ad-format=\"auto\"><\/ins>\n<script> \n(adsbygoogle = window.adsbygoogle || []).push({}); \n<\/script>\n<\/div>","protected":false},"excerpt":{"rendered":"<p>Zako\u0144czy\u0142a si\u0119 kompleksowa modernizacja energetyczna sali gimnastycznej w Szkole Podstawowej nr 4 w Z\u0105bkach. Inwestycja znacz\u0105co poprawi\u0142a standard infrastruktury sportowej oraz komfort korzystania z obiektu przez uczni\u00f3w i nauczycieli. W ramach prac przeprowadzono szeroki zakres rob\u00f3t modernizacyjnych. Wymieniona zosta\u0142a nawierzchnia hali sportowej oraz stolarka okienna. Zmodernizowano tak\u017ce system wentylacji i<span class=\"more-link\"><a href=\"https:\/\/naszpowiat.info\/index.php\/2026\/03\/13\/nowa-hala-w-sp-nr-4-w-zabkach-szkola-po-kompleksowej-modernizacji-energetycznej\/\">Czytaj dalej<\/a><\/span><\/p>\n","protected":false},"author":9,"featured_media":9745,"comment_status":"closed","ping_status":"closed","sticky":false,"template":"","format":"standard","meta":{"_monsterinsights_skip_tracking":false,"_monsterinsights_sitenote_active":false,"_monsterinsights_sitenote_note":"","_monsterinsights_sitenote_category":0,"footnotes":""},"categories":[123,186,28,191,183,127,40,166,187,157,59,61,62],"tags":[253,1879,1878,375,992,1875,207,1877,309,1876,1212,290,130],"class_list":["entry","author-admin","post-9744","post","type-post","status-publish","format-standard","has-post-thumbnail","category-aktualnosci","category-budzet","category-dla-mieszkanca","category-edukacja","category-infrastruktura","category-inwestycje","category-wolominski","category-rekreacja","category-samorzad","category-sport","category-wydarzenia","category-zabki","category-zabki-wolominski","tag-edukacja","tag-europejski-fundusz-rozwoju-regionalnego","tag-fundusze-europejskie-dla-mazowsza","tag-hala-sportowa","tag-infrastruktura-sportowa","tag-inwestycje-w-szkolach","tag-kultura","tag-modernizacja-szkoly","tag-samorzad","tag-szkola-podstawowa-nr-4-w-zabkach","tag-termomodernizacja","tag-wydarzenia","tag-zabki"],"aioseo_notices":[],"_links":{"self":[{"href":"https:\/\/naszpowiat.info\/index.php\/wp-json\/wp\/v2\/posts\/9744","targetHints":{"allow":["GET"]}}],"collection":[{"href":"https:\/\/naszpowiat.info\/index.php\/wp-json\/wp\/v2\/posts"}],"about":[{"href":"https:\/\/naszpowiat.info\/index.php\/wp-json\/wp\/v2\/types\/post"}],"author":[{"embeddable":true,"href":"https:\/\/naszpowiat.info\/index.php\/wp-json\/wp\/v2\/users\/9"}],"replies":[{"embeddable":true,"href":"https:\/\/naszpowiat.info\/index.php\/wp-json\/wp\/v2\/comments?post=9744"}],"version-history":[{"count":1,"href":"https:\/\/naszpowiat.info\/index.php\/wp-json\/wp\/v2\/posts\/9744\/revisions"}],"predecessor-version":[{"id":9746,"href":"https:\/\/naszpowiat.info\/index.php\/wp-json\/wp\/v2\/posts\/9744\/revisions\/9746"}],"wp:featuredmedia":[{"embeddable":true,"href":"https:\/\/naszpowiat.info\/index.php\/wp-json\/wp\/v2\/media\/9745"}],"wp:attachment":[{"href":"https:\/\/naszpowiat.info\/index.php\/wp-json\/wp\/v2\/media?parent=9744"}],"wp:term":[{"taxonomy":"category","embeddable":true,"href":"https:\/\/naszpowiat.info\/index.php\/wp-json\/wp\/v2\/categories?post=9744"},{"taxonomy":"post_tag","embeddable":true,"href":"https:\/\/naszpowiat.info\/index.php\/wp-json\/wp\/v2\/tags?post=9744"}],"curies":[{"name":"wp","href":"https:\/\/api.w.org\/{rel}","templated":true}]}}