{"id":9741,"date":"2026-03-12T21:43:57","date_gmt":"2026-03-12T21:43:57","guid":{"rendered":"https:\/\/naszpowiat.info\/?p=9741"},"modified":"2026-03-12T21:44:06","modified_gmt":"2026-03-12T21:44:06","slug":"nowa-inwestycja-drogowa-w-siedlcach-powstanie-wazne-polaczenie-z-droga-krajowa-nr-2","status":"publish","type":"post","link":"https:\/\/naszpowiat.info\/index.php\/2026\/03\/12\/nowa-inwestycja-drogowa-w-siedlcach-powstanie-wazne-polaczenie-z-droga-krajowa-nr-2\/","title":{"rendered":"Nowa inwestycja drogowa w Siedlcach. Powstanie wa\u017cne po\u0142\u0105czenie z drog\u0105 krajow\u0105 nr 2"},"content":{"rendered":"\n<p>W <strong>Siedlcach<\/strong> podpisano umow\u0119 na realizacj\u0119 du\u017cej inwestycji drogowej, kt\u00f3ra ma usprawni\u0107 uk\u0142ad komunikacyjny w tej cz\u0119\u015bci miasta. Dokument podpisano 11 marca 2026 roku w Urz\u0119dzie Miasta.<\/p>\n\n\n\n<p>Projekt obejmuje budow\u0119 i rozbudow\u0119 odcink\u00f3w ulic, kt\u00f3re stworz\u0105 ci\u0105g komunikacyjny \u0142\u0105cz\u0105cy <strong>ul. Pami\u0119ci Ofiar II Wojny \u015awiatowej<\/strong> z <strong>Drog\u0105 krajow\u0105 nr 2<\/strong>. W ramach pierwszego etapu powstanie nowy odcinek ul. Pami\u0119ci Ofiar II Wojny \u015awiatowej oraz ul. Okopowej \u2013 od ul. Pami\u0119ci Ofiar II Wojny \u015awiatowej do ul. Artyleryjskiej. Przebudowana zostanie tak\u017ce ul. Artyleryjska na odcinku od ul. Okopowej do skrzy\u017cowania z ul. 2KDG.<\/p>\n\n\n\n<p>Wykonawc\u0105 inwestycji zosta\u0142a firma <strong>Przedsi\u0119biorstwo Rob\u00f3t Drogowo-Mostowych MIKST<\/strong> z siedzib\u0105 w <strong>W\u0119growie<\/strong>. Warto\u015b\u0107 podpisanej umowy wynosi 14 230 803,25 z\u0142. Zadanie zostanie w ca\u0142o\u015bci sfinansowane ze \u015brodk\u00f3w <strong>Rz\u0105dowego Funduszu Rozwoju Dr\u00f3g<\/strong>.<\/p>\n\n\n\n<p>Celem inwestycji jest poprawa p\u0142ynno\u015bci ruchu oraz zwi\u0119kszenie bezpiecze\u0144stwa wszystkich uczestnik\u00f3w ruchu drogowego. Nowe rozwi\u0105zania komunikacyjne maj\u0105 u\u0142atwi\u0107 dojazd do drogi krajowej nr 2 oraz uporz\u0105dkowa\u0107 uk\u0142ad drogowy w tej cz\u0119\u015bci miasta.<\/p>\n\n\n\n<p>Zakres prac jest szeroki i obejmuje m.in. wykonanie jezdni o nawierzchni bitumicznej, budow\u0119 i przebudow\u0119 zjazd\u00f3w oraz skrzy\u017cowa\u0144 z drogami bocznymi. Powstan\u0105 r\u00f3wnie\u017c drogi dla pieszych i rower\u00f3w, a tak\u017ce przebudowane zostan\u0105 zatoki autobusowe. W ramach inwestycji zaplanowano r\u00f3wnie\u017c wycink\u0119 drzew i krzew\u00f3w koliduj\u0105cych z budow\u0105 oraz nowe nasadzenia zieleni.<\/p>\n\n\n\n<p>Projekt przewiduje tak\u017ce budow\u0119 muru oporowego, przebudow\u0119 sieci kanalizacji deszczowej i gazowej, zabezpieczenie sieci ciep\u0142owniczej oraz prace przy infrastrukturze telekomunikacyjnej i energetycznej. W ramach rob\u00f3t powstanie kana\u0142 technologiczny, przebudowane zostan\u0105 sieci telekomunikacyjne, a tak\u017ce wybudowane i zmodernizowane zostanie o\u015bwietlenie uliczne oraz sieci elektroenergetyczne.<\/p>\n\n\n\n<p>Zako\u0144czenie realizacji inwestycji planowane jest w ci\u0105gu 16 miesi\u0119cy od dnia podpisania umowy na wykonanie rob\u00f3t.<\/p>\n\n\n<div class=\"wp-block-image\">\n<figure class=\"aligncenter size-full\"><img loading=\"lazy\" decoding=\"async\" width=\"1536\" height=\"1024\" src=\"https:\/\/naszpowiat.info\/wp-content\/uploads\/2026\/03\/ump03139.jpg\" alt=\"\" class=\"wp-image-9742\"\/><figcaption class=\"wp-element-caption\">Fot. siedlce.pl<\/figcaption><\/figure>\n<\/div><div class=\"naszp-po-tresci\" id=\"naszp-1853699968\"><script async src=\"\/\/pagead2.googlesyndication.com\/pagead\/js\/adsbygoogle.js?client=ca-pub-5304901113955943\" crossorigin=\"anonymous\"><\/script><ins class=\"adsbygoogle\" style=\"display:block;\" data-ad-client=\"ca-pub-5304901113955943\" \ndata-ad-slot=\"9226873542\" \ndata-ad-format=\"auto\"><\/ins>\n<script> \n(adsbygoogle = window.adsbygoogle || []).push({}); \n<\/script>\n<\/div>","protected":false},"excerpt":{"rendered":"<p>W Siedlcach podpisano umow\u0119 na realizacj\u0119 du\u017cej inwestycji drogowej, kt\u00f3ra ma usprawni\u0107 uk\u0142ad komunikacyjny w tej cz\u0119\u015bci miasta. Dokument podpisano 11 marca 2026 roku w Urz\u0119dzie Miasta. Projekt obejmuje budow\u0119 i rozbudow\u0119 odcink\u00f3w ulic, kt\u00f3re stworz\u0105 ci\u0105g komunikacyjny \u0142\u0105cz\u0105cy ul. Pami\u0119ci Ofiar II Wojny \u015awiatowej z Drog\u0105 krajow\u0105 nr 2.<span class=\"more-link\"><a href=\"https:\/\/naszpowiat.info\/index.php\/2026\/03\/12\/nowa-inwestycja-drogowa-w-siedlcach-powstanie-wazne-polaczenie-z-droga-krajowa-nr-2\/\">Czytaj dalej<\/a><\/span><\/p>\n","protected":false},"author":9,"featured_media":9742,"comment_status":"closed","ping_status":"closed","sticky":false,"template":"","format":"standard","meta":{"_monsterinsights_skip_tracking":false,"_monsterinsights_sitenote_active":false,"_monsterinsights_sitenote_note":"","_monsterinsights_sitenote_category":0,"footnotes":""},"categories":[123,172,186,28,183,127,31,187,226,59],"tags":[1867,1871,1873,126,478,1868,1351,309,474,1870,1869,1872,290],"class_list":["entry","author-admin","post-9741","post","type-post","status-publish","format-standard","has-post-thumbnail","category-aktualnosci","category-bezpieczenstwo","category-budzet","category-dla-mieszkanca","category-infrastruktura","category-inwestycje","category-powiaty-mazowieckiego","category-samorzad","category-siedlce","category-wydarzenia","tag-2-mln-zl","tag-droga-krajowa-nr-2","tag-drogi-w-siedlcach","tag-inwestycje","tag-inwestycje-drogowe","tag-mikst-wegrow","tag-rzadowy-fundusz-rozwoju-drog","tag-samorzad","tag-siedlce","tag-ul-artyleryjska","tag-ul-okopowa","tag-ul-pamieci-ofiar-ii-wojny-swiatowej","tag-wydarzenia"],"aioseo_notices":[],"_links":{"self":[{"href":"https:\/\/naszpowiat.info\/index.php\/wp-json\/wp\/v2\/posts\/9741","targetHints":{"allow":["GET"]}}],"collection":[{"href":"https:\/\/naszpowiat.info\/index.php\/wp-json\/wp\/v2\/posts"}],"about":[{"href":"https:\/\/naszpowiat.info\/index.php\/wp-json\/wp\/v2\/types\/post"}],"author":[{"embeddable":true,"href":"https:\/\/naszpowiat.info\/index.php\/wp-json\/wp\/v2\/users\/9"}],"replies":[{"embeddable":true,"href":"https:\/\/naszpowiat.info\/index.php\/wp-json\/wp\/v2\/comments?post=9741"}],"version-history":[{"count":1,"href":"https:\/\/naszpowiat.info\/index.php\/wp-json\/wp\/v2\/posts\/9741\/revisions"}],"predecessor-version":[{"id":9743,"href":"https:\/\/naszpowiat.info\/index.php\/wp-json\/wp\/v2\/posts\/9741\/revisions\/9743"}],"wp:featuredmedia":[{"embeddable":true,"href":"https:\/\/naszpowiat.info\/index.php\/wp-json\/wp\/v2\/media\/9742"}],"wp:attachment":[{"href":"https:\/\/naszpowiat.info\/index.php\/wp-json\/wp\/v2\/media?parent=9741"}],"wp:term":[{"taxonomy":"category","embeddable":true,"href":"https:\/\/naszpowiat.info\/index.php\/wp-json\/wp\/v2\/categories?post=9741"},{"taxonomy":"post_tag","embeddable":true,"href":"https:\/\/naszpowiat.info\/index.php\/wp-json\/wp\/v2\/tags?post=9741"}],"curies":[{"name":"wp","href":"https:\/\/api.w.org\/{rel}","templated":true}]}}