{"id":9727,"date":"2026-03-09T21:34:30","date_gmt":"2026-03-09T21:34:30","guid":{"rendered":"https:\/\/naszpowiat.info\/?p=9727"},"modified":"2026-03-09T21:34:37","modified_gmt":"2026-03-09T21:34:37","slug":"kobieca-strona-legionowa-miasto-swietowalo-dzien-kobiet-pelen-inspiracji","status":"publish","type":"post","link":"https:\/\/naszpowiat.info\/index.php\/2026\/03\/09\/kobieca-strona-legionowa-miasto-swietowalo-dzien-kobiet-pelen-inspiracji\/","title":{"rendered":"Kobieca Strona Legionowa. Miasto \u015bwi\u0119towa\u0142o Dzie\u0144 Kobiet pe\u0142en inspiracji"},"content":{"rendered":"\n<p>8 marca <strong>Legionowo<\/strong> \u015bwi\u0119towa\u0142o <strong>Mi\u0119dzynarodowy Dzie\u0144 Kobiet<\/strong> w wyj\u0105tkowej atmosferze. W wielu punktach miasta odbywa\u0142y si\u0119 wydarzenia w ramach \u201eKobiecej Strony Legionowa\u201d \u2013 dnia wype\u0142nionego spotkaniami, warsztatami, aktywno\u015bciami i rozmowami. Jednym z g\u0142\u00f3wnych miejsc wydarze\u0144 by\u0142o atrium <strong>Urz\u0119du Miasta Legionowo<\/strong>, kt\u00f3re przez ca\u0142y dzie\u0144 odwiedza\u0142y mieszkanki ch\u0119tnie korzystaj\u0105ce z przygotowanych atrakcji.<\/p>\n\n\n\n<p>W ratuszu przygotowano stref\u0119 po\u015bwi\u0119con\u0105 zdrowiu, urodzie i kobiecemu dobrostanowi. Na uczestniczki czeka\u0142y konsultacje zdrowotne i kosmetologiczne, pomiary oraz rozmowy ze specjalistami. Du\u017cym zainteresowaniem cieszy\u0142y si\u0119 zaj\u0119cia jogi kundalini, warsztaty \u201eBabciny Kufer\u201d, a tak\u017ce spotkanie z ginekologiem endokrynologiem <strong>Agnieszk\u0105 Osi\u0144sk\u0105<\/strong>, kt\u00f3ra podczas wyk\u0142adu \u201eMenopauza bez tabu \u2013 nowy rozdzia\u0142 kobieco\u015bci\u201d m\u00f3wi\u0142a o zdrowiu kobiet i \u015bwiadomym podej\u015bciu do zmian zachodz\u0105cych w \u017cyciu.<\/p>\n\n\n\n<p>Jednym z najbardziej widowiskowych punkt\u00f3w programu by\u0142 pokaz mody \u201eTak mi wygodnie \u2013 szpilki, kapcie i \u015bwi\u0119ty spok\u00f3j\u201d. Wydarzenie poprowadzi\u0142a zast\u0119pczyni prezydenta miasta <strong>Anna Szczep\u0142ek<\/strong>, a w\u015br\u00f3d publiczno\u015bci panowa\u0142a radosna atmosfera. Tego dnia mieszkanki otrzymywa\u0142y r\u00f3wnie\u017c symboliczne r\u00f3\u017ce wr\u0119czane przez zast\u0119pc\u0119 prezydenta <strong>Miros\u0142awa Grabowskiego<\/strong>.<\/p>\n\n\n\n<p>Bogaty program wydarze\u0144 przygotowa\u0142y r\u00f3wnie\u017c miejskie instytucje kultury. W <strong>Poczytalni w Legionowie<\/strong> odby\u0142o si\u0119 \u015bniadanie literackie z <strong>Ann\u0105 Dziewit-Meller<\/strong>, warsztaty inspirowane tw\u00f3rczo\u015bci\u0105 <strong>Virginii Woolf<\/strong> oraz wernisa\u017c malarstwa <strong>Joanny Su\u0142ek-Malinowskiej<\/strong>.<\/p>\n\n\n\n<p>Z kolei w <strong>Muzeum Historyczne w Legionowie<\/strong> uczestniczki wys\u0142ucha\u0142y wyk\u0142adu <strong>Marty Piber-Zbieranowskiej<\/strong> o roli ksi\u0119\u017cnych na Mazowszu w p\u00f3\u017anym \u015bredniowieczu oraz wzi\u0119\u0142y udzia\u0142 w warsztatach tworzenia opasek w stylu art d\u00e9co prowadzonych przez <strong>Izabel\u0119 Lewoczewicz<\/strong>.<\/p>\n\n\n\n<p>Atrakcje przygotowa\u0142y tak\u017ce inne instytucje. W filii <strong>Miejskiego O\u015brodka Kultury w Legionowie<\/strong> odby\u0142y si\u0119 warsztaty artystyczne, zaj\u0119cia wokalne oraz koncert \u201eMi\u0142o\u015b\u0107 ci wszystko wybaczy\u201d. Natomiast w <strong>Arena Legionowo<\/strong> zorganizowano marsz nordic walking, kt\u00f3ry zgromadzi\u0142 rekordow\u0105 liczb\u0119 uczestnik\u00f3w.<\/p>\n\n\n\n<p>Dodatkowo z okazji Dnia Kobiet wszystkie panie mog\u0142y skorzysta\u0107 z bezp\u0142atnego wst\u0119pu na miejskie p\u0142ywalnie.<\/p>\n\n\n\n<p>\u201eKobieca Strona Legionowa\u201d by\u0142a okazj\u0105 do wsp\u00f3lnego \u015bwi\u0119towania, rozm\u00f3w i inspiruj\u0105cych spotka\u0144, pokazuj\u0105c jak silna, r\u00f3\u017cnorodna i aktywna jest kobieca spo\u0142eczno\u015b\u0107 miasta.<\/p>\n\n\n<div class=\"wp-block-image\">\n<figure class=\"aligncenter size-full\"><img loading=\"lazy\" decoding=\"async\" width=\"850\" height=\"479\" src=\"https:\/\/naszpowiat.info\/wp-content\/uploads\/2026\/03\/qergaegegeqvreg.webp\" alt=\"\" class=\"wp-image-9728\"\/><figcaption class=\"wp-element-caption\">Fot. legionowo.pl<\/figcaption><\/figure>\n<\/div><div class=\"naszp-po-tresci\" id=\"naszp-1312027744\"><script async src=\"\/\/pagead2.googlesyndication.com\/pagead\/js\/adsbygoogle.js?client=ca-pub-5304901113955943\" crossorigin=\"anonymous\"><\/script><ins class=\"adsbygoogle\" style=\"display:block;\" data-ad-client=\"ca-pub-5304901113955943\" \ndata-ad-slot=\"9226873542\" \ndata-ad-format=\"auto\"><\/ins>\n<script> \n(adsbygoogle = window.adsbygoogle || []).push({}); \n<\/script>\n<\/div>","protected":false},"excerpt":{"rendered":"<p>8 marca Legionowo \u015bwi\u0119towa\u0142o Mi\u0119dzynarodowy Dzie\u0144 Kobiet w wyj\u0105tkowej atmosferze. W wielu punktach miasta odbywa\u0142y si\u0119 wydarzenia w ramach \u201eKobiecej Strony Legionowa\u201d \u2013 dnia wype\u0142nionego spotkaniami, warsztatami, aktywno\u015bciami i rozmowami. Jednym z g\u0142\u00f3wnych miejsc wydarze\u0144 by\u0142o atrium Urz\u0119du Miasta Legionowo, kt\u00f3re przez ca\u0142y dzie\u0144 odwiedza\u0142y mieszkanki ch\u0119tnie korzystaj\u0105ce z przygotowanych<span class=\"more-link\"><a href=\"https:\/\/naszpowiat.info\/index.php\/2026\/03\/09\/kobieca-strona-legionowa-miasto-swietowalo-dzien-kobiet-pelen-inspiracji\/\">Czytaj dalej<\/a><\/span><\/p>\n","protected":false},"author":9,"featured_media":9728,"comment_status":"closed","ping_status":"closed","sticky":false,"template":"","format":"standard","meta":{"_monsterinsights_skip_tracking":false,"_monsterinsights_sitenote_active":false,"_monsterinsights_sitenote_note":"","_monsterinsights_sitenote_category":0,"footnotes":""},"categories":[123,28,191,30,93,33,31,187,59],"tags":[207,165,309,290],"class_list":["entry","author-admin","post-9727","post","type-post","status-publish","format-standard","has-post-thumbnail","category-aktualnosci","category-dla-mieszkanca","category-edukacja","category-kultura","category-legionowo","category-legionowski","category-powiaty-mazowieckiego","category-samorzad","category-wydarzenia","tag-kultura","tag-legionowo","tag-samorzad","tag-wydarzenia"],"aioseo_notices":[],"_links":{"self":[{"href":"https:\/\/naszpowiat.info\/index.php\/wp-json\/wp\/v2\/posts\/9727","targetHints":{"allow":["GET"]}}],"collection":[{"href":"https:\/\/naszpowiat.info\/index.php\/wp-json\/wp\/v2\/posts"}],"about":[{"href":"https:\/\/naszpowiat.info\/index.php\/wp-json\/wp\/v2\/types\/post"}],"author":[{"embeddable":true,"href":"https:\/\/naszpowiat.info\/index.php\/wp-json\/wp\/v2\/users\/9"}],"replies":[{"embeddable":true,"href":"https:\/\/naszpowiat.info\/index.php\/wp-json\/wp\/v2\/comments?post=9727"}],"version-history":[{"count":2,"href":"https:\/\/naszpowiat.info\/index.php\/wp-json\/wp\/v2\/posts\/9727\/revisions"}],"predecessor-version":[{"id":9730,"href":"https:\/\/naszpowiat.info\/index.php\/wp-json\/wp\/v2\/posts\/9727\/revisions\/9730"}],"wp:featuredmedia":[{"embeddable":true,"href":"https:\/\/naszpowiat.info\/index.php\/wp-json\/wp\/v2\/media\/9728"}],"wp:attachment":[{"href":"https:\/\/naszpowiat.info\/index.php\/wp-json\/wp\/v2\/media?parent=9727"}],"wp:term":[{"taxonomy":"category","embeddable":true,"href":"https:\/\/naszpowiat.info\/index.php\/wp-json\/wp\/v2\/categories?post=9727"},{"taxonomy":"post_tag","embeddable":true,"href":"https:\/\/naszpowiat.info\/index.php\/wp-json\/wp\/v2\/tags?post=9727"}],"curies":[{"name":"wp","href":"https:\/\/api.w.org\/{rel}","templated":true}]}}