{"id":9723,"date":"2026-03-08T18:56:44","date_gmt":"2026-03-08T18:56:44","guid":{"rendered":"https:\/\/naszpowiat.info\/?p=9723"},"modified":"2026-03-08T18:56:49","modified_gmt":"2026-03-08T18:56:49","slug":"remont-boisk-i-placu-zabaw-przy-sp2-w-markach-od-9-marca-ruszaja-prace","status":"publish","type":"post","link":"https:\/\/naszpowiat.info\/index.php\/2026\/03\/08\/remont-boisk-i-placu-zabaw-przy-sp2-w-markach-od-9-marca-ruszaja-prace\/","title":{"rendered":"Remont boisk i placu zabaw przy SP2 w Markach. Od 9 marca ruszaj\u0105 prace"},"content":{"rendered":"\n<p>Od poniedzia\u0142ku, 9 marca 2026 roku, rozpoczn\u0105 si\u0119 prace remontowe na terenie obiekt\u00f3w sportowych oraz placu zabaw przy <strong>Szkole Podstawowej nr 2 w Markach<\/strong>. Informacj\u0119 przekaza\u0142y <strong>Mareckie Inwestycje Miejskie<\/strong>.<\/p>\n\n\n\n<p>Inwestycja obejmuje modernizacj\u0119 boisk sportowych oraz przestrzeni rekreacyjnej przeznaczonej dla najm\u0142odszych. Celem prac jest poprawa bezpiecze\u0144stwa oraz komfortu korzystania z infrastruktury przez uczni\u00f3w i mieszka\u0144c\u00f3w.<\/p>\n\n\n\n<p>W zwi\u0105zku z prowadzonym remontem teren inwestycji zostanie wygrodzony i odpowiednio zabezpieczony. Na czas rob\u00f3t z u\u017cytkowania zostan\u0105 wy\u0142\u0105czone: boisko do pi\u0142ki no\u017cnej, boisko do koszyk\u00f3wki oraz plac zabaw.<\/p>\n\n\n\n<p>Przez kr\u00f3tki czas dost\u0119pne pozostanie jeszcze boisko wielofunkcyjne, kt\u00f3re b\u0119dzie mog\u0142o by\u0107 wykorzystywane przez szko\u0142\u0119.<\/p>\n\n\n<div class=\"wp-block-image\">\n<figure class=\"aligncenter size-full is-resized\"><img loading=\"lazy\" decoding=\"async\" width=\"1800\" height=\"1012\" src=\"https:\/\/naszpowiat.info\/wp-content\/uploads\/2026\/03\/14429.jpg\" alt=\"\" class=\"wp-image-9724\" style=\"aspect-ratio:1.7786600496277916;width:804px;height:auto\"\/><figcaption class=\"wp-element-caption\">Fot. marki.pl<\/figcaption><\/figure>\n<\/div><div class=\"naszp-po-tresci\" id=\"naszp-2933257643\"><script async src=\"\/\/pagead2.googlesyndication.com\/pagead\/js\/adsbygoogle.js?client=ca-pub-5304901113955943\" crossorigin=\"anonymous\"><\/script><ins class=\"adsbygoogle\" style=\"display:block;\" data-ad-client=\"ca-pub-5304901113955943\" \ndata-ad-slot=\"9226873542\" \ndata-ad-format=\"auto\"><\/ins>\n<script> \n(adsbygoogle = window.adsbygoogle || []).push({}); \n<\/script>\n<\/div>","protected":false},"excerpt":{"rendered":"<p>Od poniedzia\u0142ku, 9 marca 2026 roku, rozpoczn\u0105 si\u0119 prace remontowe na terenie obiekt\u00f3w sportowych oraz placu zabaw przy Szkole Podstawowej nr 2 w Markach. Informacj\u0119 przekaza\u0142y Mareckie Inwestycje Miejskie. Inwestycja obejmuje modernizacj\u0119 boisk sportowych oraz przestrzeni rekreacyjnej przeznaczonej dla najm\u0142odszych. Celem prac jest poprawa bezpiecze\u0144stwa oraz komfortu korzystania z infrastruktury<span class=\"more-link\"><a href=\"https:\/\/naszpowiat.info\/index.php\/2026\/03\/08\/remont-boisk-i-placu-zabaw-przy-sp2-w-markach-od-9-marca-ruszaja-prace\/\">Czytaj dalej<\/a><\/span><\/p>\n","protected":false},"author":9,"featured_media":9724,"comment_status":"closed","ping_status":"closed","sticky":false,"template":"","format":"standard","meta":{"_monsterinsights_skip_tracking":false,"_monsterinsights_sitenote_active":false,"_monsterinsights_sitenote_note":"","_monsterinsights_sitenote_category":0,"footnotes":""},"categories":[123,186,28,191,183,127,98,40,31,187,157,59],"tags":[992,1264,207,1851,153,988,1186,309,1850,290],"class_list":["entry","author-admin","post-9723","post","type-post","status-publish","format-standard","has-post-thumbnail","category-aktualnosci","category-budzet","category-dla-mieszkanca","category-edukacja","category-infrastruktura","category-inwestycje","category-marki","category-wolominski","category-powiaty-mazowieckiego","category-samorzad","category-sport","category-wydarzenia","tag-infrastruktura-sportowa","tag-inwestycje-miejskie","tag-kultura","tag-mareckie-inwestycje-miejskie","tag-marki","tag-plac-zabaw","tag-remont-boiska","tag-samorzad","tag-szkola-podstawowa-nr-2-marki","tag-wydarzenia"],"aioseo_notices":[],"_links":{"self":[{"href":"https:\/\/naszpowiat.info\/index.php\/wp-json\/wp\/v2\/posts\/9723","targetHints":{"allow":["GET"]}}],"collection":[{"href":"https:\/\/naszpowiat.info\/index.php\/wp-json\/wp\/v2\/posts"}],"about":[{"href":"https:\/\/naszpowiat.info\/index.php\/wp-json\/wp\/v2\/types\/post"}],"author":[{"embeddable":true,"href":"https:\/\/naszpowiat.info\/index.php\/wp-json\/wp\/v2\/users\/9"}],"replies":[{"embeddable":true,"href":"https:\/\/naszpowiat.info\/index.php\/wp-json\/wp\/v2\/comments?post=9723"}],"version-history":[{"count":1,"href":"https:\/\/naszpowiat.info\/index.php\/wp-json\/wp\/v2\/posts\/9723\/revisions"}],"predecessor-version":[{"id":9725,"href":"https:\/\/naszpowiat.info\/index.php\/wp-json\/wp\/v2\/posts\/9723\/revisions\/9725"}],"wp:featuredmedia":[{"embeddable":true,"href":"https:\/\/naszpowiat.info\/index.php\/wp-json\/wp\/v2\/media\/9724"}],"wp:attachment":[{"href":"https:\/\/naszpowiat.info\/index.php\/wp-json\/wp\/v2\/media?parent=9723"}],"wp:term":[{"taxonomy":"category","embeddable":true,"href":"https:\/\/naszpowiat.info\/index.php\/wp-json\/wp\/v2\/categories?post=9723"},{"taxonomy":"post_tag","embeddable":true,"href":"https:\/\/naszpowiat.info\/index.php\/wp-json\/wp\/v2\/tags?post=9723"}],"curies":[{"name":"wp","href":"https:\/\/api.w.org\/{rel}","templated":true}]}}