{"id":9585,"date":"2026-01-28T12:35:08","date_gmt":"2026-01-28T12:35:08","guid":{"rendered":"https:\/\/naszpowiat.info\/?p=9585"},"modified":"2026-01-28T12:35:10","modified_gmt":"2026-01-28T12:35:10","slug":"minsk-mazowiecki-zagral-z-sercem-rekordowa-energia-i-solidarnosc-podczas-34-finalu-wosp","status":"publish","type":"post","link":"https:\/\/naszpowiat.info\/index.php\/2026\/01\/28\/minsk-mazowiecki-zagral-z-sercem-rekordowa-energia-i-solidarnosc-podczas-34-finalu-wosp\/","title":{"rendered":"Mi\u0144sk Mazowiecki zagra\u0142 z sercem. Rekordowa energia i solidarno\u015b\u0107 podczas 34. Fina\u0142u WO\u015aP"},"content":{"rendered":"\n<p>Mi\u0144sk Mazowiecki po raz kolejny udowodni\u0142, \u017ce potrafi jednoczy\u0107 si\u0119 w najwa\u017cniejszych sprawach. Podczas 34. Fina\u0142u Wielkiej Orkiestry \u015awi\u0105tecznej Pomocy ca\u0142e miasto, podobnie jak setki miejsc w ca\u0142ej Polsce, wype\u0142ni\u0142o si\u0119 energi\u0105, rado\u015bci\u0105 i autentyczn\u0105 ch\u0119ci\u0105 niesienia pomocy. Zaanga\u017cowanie mieszka\u0144c\u00f3w, ich otwarto\u015b\u0107 i hojno\u015b\u0107 ponownie pokaza\u0142y, \u017ce solidarno\u015b\u0107 jest jedn\u0105 z najwi\u0119kszych lokalnych warto\u015bci.<\/p>\n\n\n\n<p>Efektem wsp\u00f3lnego dzia\u0142ania by\u0142a imponuj\u0105ca kwota 183 245,61 z\u0142, zebrana dzi\u0119ki pracy wolontariuszy, wsparciu mieszka\u0144c\u00f3w oraz bogatemu programowi wydarze\u0144 towarzysz\u0105cych fina\u0142owi. To wynik, kt\u00f3ry potwierdza ogromn\u0105 si\u0142\u0119 spo\u0142ecznej mobilizacji i wra\u017cliwo\u015bci na potrzeby innych.<\/p>\n\n\n\n<p>Szczeg\u00f3lne podzi\u0119kowania nale\u017c\u0105 si\u0119 wolontariuszom, artystom oraz mi\u0144skiemu sztabowi WO\u015aP, a tak\u017ce wszystkim instytucjom, stowarzyszeniom i osobom, kt\u00f3re w\u0142\u0105czy\u0142y si\u0119 w organizacj\u0119 wydarzenia. Wa\u017cn\u0105 rol\u0119 odegra\u0142y r\u00f3wnie\u017c Ochotnicze Stra\u017ce Po\u017carne oraz s\u0142u\u017cby miejskie, dbaj\u0105ce o bezpiecze\u0144stwo uczestnik\u00f3w i opraw\u0119 \u201e\u015awiate\u0142ka do Nieba\u201d, kt\u00f3re by\u0142o symbolicznym zwie\u0144czeniem fina\u0142u i wyrazem jedno\u015bci, nadziei oraz wiary w sens wsp\u00f3lnego pomagania.<\/p>\n\n\n\n<p>Tegoroczny fina\u0142 w Mi\u0144sku Mazowieckim wys\u0142a\u0142 w \u015bwiat czytelny sygna\u0142 empatii i wsp\u00f3lnoty, przypominaj\u0105c, \u017ce razem mo\u017cna osi\u0105gn\u0105\u0107 naprawd\u0119 wiele. To dow\u00f3d na to, \u017ce pomaganie ma realn\u0105 moc, a lokalna spo\u0142eczno\u015b\u0107 potrafi j\u0105 przeku\u0107 w konkretne dzia\u0142ania.<\/p>\n\n\n<div class=\"wp-block-image\">\n<figure class=\"aligncenter size-full is-resized\"><img loading=\"lazy\" decoding=\"async\" width=\"1525\" height=\"1085\" src=\"https:\/\/naszpowiat.info\/wp-content\/uploads\/2026\/01\/WOSP7.webp\" alt=\"\" class=\"wp-image-9586\" style=\"aspect-ratio:1.4055636896046853;width:722px;height:auto\"\/><figcaption class=\"wp-element-caption\">Fot. minsk-maz.pl<\/figcaption><\/figure>\n<\/div><div class=\"naszp-po-tresci\" id=\"naszp-453738435\"><script async src=\"\/\/pagead2.googlesyndication.com\/pagead\/js\/adsbygoogle.js?client=ca-pub-5304901113955943\" crossorigin=\"anonymous\"><\/script><ins class=\"adsbygoogle\" style=\"display:block;\" data-ad-client=\"ca-pub-5304901113955943\" \ndata-ad-slot=\"9226873542\" \ndata-ad-format=\"auto\"><\/ins>\n<script> \n(adsbygoogle = window.adsbygoogle || []).push({}); \n<\/script>\n<\/div>","protected":false},"excerpt":{"rendered":"<p>Mi\u0144sk Mazowiecki po raz kolejny udowodni\u0142, \u017ce potrafi jednoczy\u0107 si\u0119 w najwa\u017cniejszych sprawach. Podczas 34. Fina\u0142u Wielkiej Orkiestry \u015awi\u0105tecznej Pomocy ca\u0142e miasto, podobnie jak setki miejsc w ca\u0142ej Polsce, wype\u0142ni\u0142o si\u0119 energi\u0105, rado\u015bci\u0105 i autentyczn\u0105 ch\u0119ci\u0105 niesienia pomocy. Zaanga\u017cowanie mieszka\u0144c\u00f3w, ich otwarto\u015b\u0107 i hojno\u015b\u0107 ponownie pokaza\u0142y, \u017ce solidarno\u015b\u0107 jest jedn\u0105<span class=\"more-link\"><a href=\"https:\/\/naszpowiat.info\/index.php\/2026\/01\/28\/minsk-mazowiecki-zagral-z-sercem-rekordowa-energia-i-solidarnosc-podczas-34-finalu-wosp\/\">Czytaj dalej<\/a><\/span><\/p>\n","protected":false},"author":9,"featured_media":9586,"comment_status":"closed","ping_status":"closed","sticky":false,"template":"","format":"standard","meta":{"_monsterinsights_skip_tracking":false,"_monsterinsights_sitenote_active":false,"_monsterinsights_sitenote_note":"","_monsterinsights_sitenote_category":0,"footnotes":""},"categories":[123,28,101,34,31,187,59,228],"tags":[523,164,337,309,746,1707,1706,522,290],"class_list":["entry","author-admin","post-9585","post","type-post","status-publish","format-standard","has-post-thumbnail","category-aktualnosci","category-dla-mieszkanca","category-minsk-mazowiecki","category-minski","category-powiaty-mazowieckiego","category-samorzad","category-wydarzenia","category-zdrowie","tag-final-wosp","tag-minsk-mazowiecki","tag-pomoc","tag-samorzad","tag-solidarnosc","tag-swiatelko-do-nieba","tag-wolontariusze","tag-wosp","tag-wydarzenia"],"aioseo_notices":[],"_links":{"self":[{"href":"https:\/\/naszpowiat.info\/index.php\/wp-json\/wp\/v2\/posts\/9585","targetHints":{"allow":["GET"]}}],"collection":[{"href":"https:\/\/naszpowiat.info\/index.php\/wp-json\/wp\/v2\/posts"}],"about":[{"href":"https:\/\/naszpowiat.info\/index.php\/wp-json\/wp\/v2\/types\/post"}],"author":[{"embeddable":true,"href":"https:\/\/naszpowiat.info\/index.php\/wp-json\/wp\/v2\/users\/9"}],"replies":[{"embeddable":true,"href":"https:\/\/naszpowiat.info\/index.php\/wp-json\/wp\/v2\/comments?post=9585"}],"version-history":[{"count":1,"href":"https:\/\/naszpowiat.info\/index.php\/wp-json\/wp\/v2\/posts\/9585\/revisions"}],"predecessor-version":[{"id":9587,"href":"https:\/\/naszpowiat.info\/index.php\/wp-json\/wp\/v2\/posts\/9585\/revisions\/9587"}],"wp:featuredmedia":[{"embeddable":true,"href":"https:\/\/naszpowiat.info\/index.php\/wp-json\/wp\/v2\/media\/9586"}],"wp:attachment":[{"href":"https:\/\/naszpowiat.info\/index.php\/wp-json\/wp\/v2\/media?parent=9585"}],"wp:term":[{"taxonomy":"category","embeddable":true,"href":"https:\/\/naszpowiat.info\/index.php\/wp-json\/wp\/v2\/categories?post=9585"},{"taxonomy":"post_tag","embeddable":true,"href":"https:\/\/naszpowiat.info\/index.php\/wp-json\/wp\/v2\/tags?post=9585"}],"curies":[{"name":"wp","href":"https:\/\/api.w.org\/{rel}","templated":true}]}}