{"id":9581,"date":"2026-01-27T19:20:11","date_gmt":"2026-01-27T19:20:11","guid":{"rendered":"https:\/\/naszpowiat.info\/?p=9581"},"modified":"2026-01-27T19:22:13","modified_gmt":"2026-01-27T19:22:13","slug":"braz-pucharu-swiata-dla-szermierzy-z-zabek-wielki-sukces-w-salt-lake-city","status":"publish","type":"post","link":"https:\/\/naszpowiat.info\/index.php\/2026\/01\/27\/braz-pucharu-swiata-dla-szermierzy-z-zabek-wielki-sukces-w-salt-lake-city\/","title":{"rendered":"Br\u0105z Pucharu \u015awiata dla szermierzy z Z\u0105bek. Historyczny sukces w Salt Lake City"},"content":{"rendered":"\n<p>26 stycznia 2026 roku zapisze si\u0119 z\u0142otymi zg\u0142oskami w historii z\u0105bkowskiego sportu. W Salt Lake City reprezentacja Polski w szermierce stan\u0119\u0142a na podium Dru\u017cynowego Pucharu \u015awiata, zdobywaj\u0105c br\u0105zowy medal po serii niezwykle wymagaj\u0105cych pojedynk\u00f3w. W sk\u0142adzie medalowej dru\u017cyny znale\u017ali si\u0119 zawodnicy UKS Szabla Z\u0105bki \u2013 Benedykt Denkiewicz i Olaf Stasiak, kt\u00f3rzy wsp\u00f3lnie z Szymonem Hryciukiem oraz Krzysztofem Kaczkowskim wywalczyli miejsce w \u015bwiatowej czo\u0142\u00f3wce.<\/p>\n\n\n\n<p>Turniej w Stanach Zjednoczonych by\u0142 pokazem najwy\u017cszego poziomu sportowej rywalizacji, determinacji i odporno\u015bci psychicznej. Polscy szablistci przez ca\u0142y dzie\u0144 rywalizacji prezentowali konsekwencj\u0119, waleczno\u015b\u0107 i ogromne serce do walki, co pozwoli\u0142o im si\u0119gn\u0105\u0107 po medal jednej z najwa\u017cniejszych imprez w mi\u0119dzynarodowym kalendarzu szermierczym. Dla zawodnik\u00f3w z Z\u0105bek to nie tylko osobisty sukces, ale r\u00f3wnie\u017c dow\u00f3d na to, \u017ce lokalne szkolenie sportowe mo\u017ce prowadzi\u0107 na \u015bwiatowe podium.<\/p>\n\n\n\n<p>Br\u0105zowy medal Dru\u017cynowego Pucharu \u015awiata to ogromny pow\u00f3d do dumy dla ca\u0142ego \u015brodowiska sportowego w Z\u0105bkach. Sukces ten pokazuje, \u017ce ci\u0119\u017cka praca zawodnik\u00f3w, trener\u00f3w i ca\u0142ego sztabu szkoleniowego przynosi wymierne efekty, a m\u0142odzi sportowcy z naszego miasta potrafi\u0105 rywalizowa\u0107 z najlepszymi na \u015bwiecie. To tak\u017ce silny impuls i inspiracja dla kolejnych pokole\u0144 adept\u00f3w szermierki.<\/p>\n\n\n<div class=\"wp-block-image\">\n<figure class=\"aligncenter size-full is-resized\"><img loading=\"lazy\" decoding=\"async\" width=\"1758\" height=\"1983\" src=\"https:\/\/naszpowiat.info\/wp-content\/uploads\/2026\/01\/szabla1.jpg\" alt=\"\" class=\"wp-image-9582\" style=\"aspect-ratio:0.8865435356200527;width:681px;height:auto\"\/><figcaption class=\"wp-element-caption\">Fot. Polski Zwi\u0105zek Szermierczy<\/figcaption><\/figure>\n<\/div><div class=\"naszp-po-tresci\" id=\"naszp-397624963\"><script async src=\"\/\/pagead2.googlesyndication.com\/pagead\/js\/adsbygoogle.js?client=ca-pub-5304901113955943\" crossorigin=\"anonymous\"><\/script><ins class=\"adsbygoogle\" style=\"display:block;\" data-ad-client=\"ca-pub-5304901113955943\" \ndata-ad-slot=\"9226873542\" \ndata-ad-format=\"auto\"><\/ins>\n<script> \n(adsbygoogle = window.adsbygoogle || []).push({}); \n<\/script>\n<\/div>","protected":false},"excerpt":{"rendered":"<p>26 stycznia 2026 roku zapisze si\u0119 z\u0142otymi zg\u0142oskami w historii z\u0105bkowskiego sportu. W Salt Lake City reprezentacja Polski w szermierce stan\u0119\u0142a na podium Dru\u017cynowego Pucharu \u015awiata, zdobywaj\u0105c br\u0105zowy medal po serii niezwykle wymagaj\u0105cych pojedynk\u00f3w. W sk\u0142adzie medalowej dru\u017cyny znale\u017ali si\u0119 zawodnicy UKS Szabla Z\u0105bki \u2013 Benedykt Denkiewicz i Olaf Stasiak,<span class=\"more-link\"><a href=\"https:\/\/naszpowiat.info\/index.php\/2026\/01\/27\/braz-pucharu-swiata-dla-szermierzy-z-zabek-wielki-sukces-w-salt-lake-city\/\">Czytaj dalej<\/a><\/span><\/p>\n","protected":false},"author":9,"featured_media":9584,"comment_status":"closed","ping_status":"closed","sticky":false,"template":"","format":"standard","meta":{"_monsterinsights_skip_tracking":false,"_monsterinsights_sitenote_active":false,"_monsterinsights_sitenote_note":"","_monsterinsights_sitenote_category":0,"footnotes":""},"categories":[123,28,30,40,31,166,187,157,59,61,62],"tags":[1703,1705,309,138,1702,1704,290,130],"class_list":["entry","author-admin","post-9581","post","type-post","status-publish","format-standard","has-post-thumbnail","category-aktualnosci","category-dla-mieszkanca","category-kultura","category-wolominski","category-powiaty-mazowieckiego","category-rekreacja","category-samorzad","category-sport","category-wydarzenia","category-zabki","category-zabki-wolominski","tag-puchar-swiata","tag-salt-lake-city","tag-samorzad","tag-sport","tag-szermierka","tag-uks-szabla-zabki","tag-wydarzenia","tag-zabki"],"aioseo_notices":[],"_links":{"self":[{"href":"https:\/\/naszpowiat.info\/index.php\/wp-json\/wp\/v2\/posts\/9581","targetHints":{"allow":["GET"]}}],"collection":[{"href":"https:\/\/naszpowiat.info\/index.php\/wp-json\/wp\/v2\/posts"}],"about":[{"href":"https:\/\/naszpowiat.info\/index.php\/wp-json\/wp\/v2\/types\/post"}],"author":[{"embeddable":true,"href":"https:\/\/naszpowiat.info\/index.php\/wp-json\/wp\/v2\/users\/9"}],"replies":[{"embeddable":true,"href":"https:\/\/naszpowiat.info\/index.php\/wp-json\/wp\/v2\/comments?post=9581"}],"version-history":[{"count":1,"href":"https:\/\/naszpowiat.info\/index.php\/wp-json\/wp\/v2\/posts\/9581\/revisions"}],"predecessor-version":[{"id":9583,"href":"https:\/\/naszpowiat.info\/index.php\/wp-json\/wp\/v2\/posts\/9581\/revisions\/9583"}],"wp:featuredmedia":[{"embeddable":true,"href":"https:\/\/naszpowiat.info\/index.php\/wp-json\/wp\/v2\/media\/9584"}],"wp:attachment":[{"href":"https:\/\/naszpowiat.info\/index.php\/wp-json\/wp\/v2\/media?parent=9581"}],"wp:term":[{"taxonomy":"category","embeddable":true,"href":"https:\/\/naszpowiat.info\/index.php\/wp-json\/wp\/v2\/categories?post=9581"},{"taxonomy":"post_tag","embeddable":true,"href":"https:\/\/naszpowiat.info\/index.php\/wp-json\/wp\/v2\/tags?post=9581"}],"curies":[{"name":"wp","href":"https:\/\/api.w.org\/{rel}","templated":true}]}}