{"id":9565,"date":"2026-01-22T15:33:09","date_gmt":"2026-01-22T15:33:09","guid":{"rendered":"https:\/\/naszpowiat.info\/?p=9565"},"modified":"2026-01-22T15:33:11","modified_gmt":"2026-01-22T15:33:11","slug":"prawie-tysiac-wydarzen-w-rok-piaseczno-zylo-kultura-jak-nigdy-dotad","status":"publish","type":"post","link":"https:\/\/naszpowiat.info\/index.php\/2026\/01\/22\/prawie-tysiac-wydarzen-w-rok-piaseczno-zylo-kultura-jak-nigdy-dotad\/","title":{"rendered":"Prawie tysi\u0105c wydarze\u0144 w rok. Piaseczno \u017cy\u0142o kultur\u0105 jak nigdy dot\u0105d"},"content":{"rendered":"\n<p>Centrum Kultury w Piasecznie zamkn\u0119\u0142o kolejny rok intensywnej dzia\u0142alno\u015bci i opublikowa\u0142o dane podsumowuj\u0105ce minione dwana\u015bcie miesi\u0119cy. Zestawienie pokazuje, jak du\u017c\u0105 rol\u0119 instytucja odgrywa w codziennym \u017cyciu miasta i ca\u0142ej gminy.<\/p>\n\n\n\n<p>Rok 2025 przyni\u00f3s\u0142 wyj\u0105tkowo szerok\u0105 ofert\u0119 wydarze\u0144 kulturalnych \u2013 od niewielkich form artystycznych, przez dzia\u0142ania edukacyjne, po du\u017ce przedsi\u0119wzi\u0119cia plenerowe i koncertowe. Program by\u0142 kierowany do r\u00f3\u017cnych grup wiekowych i realizowany nie tylko w siedzibach Centrum Kultury, ale r\u00f3wnie\u017c w przestrzeni miejskiej.<\/p>\n\n\n\n<h3 class=\"wp-block-heading\">Zakres dzia\u0142a\u0144 w 2025 roku<\/h3>\n\n\n\n<p>Z opublikowanych statystyk wynika, \u017ce w ci\u0105gu roku zorganizowano <strong>952 wydarzenia<\/strong>, w kt\u00f3rych \u0142\u0105cznie uczestniczy\u0142o <strong>84 130 os\u00f3b<\/strong>. Dodatkowo Centrum Kultury prowadzi\u0142o <strong>346 sta\u0142ych grup zaj\u0119ciowych<\/strong>, skupiaj\u0105cych <strong>5 039 uczestnik\u00f3w<\/strong>. Oznacza to bardzo wysok\u0105, niemal codzienn\u0105 aktywno\u015b\u0107 kulturaln\u0105 na terenie Piaseczna.<\/p>\n\n\n\n<h3 class=\"wp-block-heading\">Sta\u0142a oferta i praca u podstaw<\/h3>\n\n\n\n<p>Istotn\u0105 cz\u0119\u015bci\u0105 dzia\u0142alno\u015bci by\u0142y regularne zaj\u0119cia artystyczne i edukacyjne. To w\u0142a\u015bnie one buduj\u0105 d\u0142ugofalowe relacje z mieszka\u0144cami i pozwalaj\u0105 na rozwijanie pasji w systematyczny spos\u00f3b. W 2025 roku szczeg\u00f3lny nacisk po\u0142o\u017cono na dzia\u0142ania integruj\u0105ce r\u00f3\u017cne pokolenia \u2013 od najm\u0142odszych po senior\u00f3w.<\/p>\n\n\n\n<h3 class=\"wp-block-heading\">Kultura jako przestrze\u0144 spotkania<\/h3>\n\n\n\n<p>Centrum Kultury w Piasecznie konsekwentnie realizuje ide\u0119 dost\u0119pno\u015bci i otwarto\u015bci. Dzia\u0142ania instytucji nie ograniczaj\u0105 si\u0119 wy\u0142\u0105cznie do prezentowania sztuki, lecz tworz\u0105 przestrze\u0144 do spotka\u0144, rozm\u00f3w i wsp\u00f3lnego prze\u017cywania wydarze\u0144.<\/p>\n\n\n\n<p>Pracownicy Centrum Kultury podkre\u015blaj\u0105, \u017ce za ka\u017cd\u0105 liczb\u0105 stoj\u0105 ludzie \u2013 zar\u00f3wno arty\u015bci, instruktorzy i organizatorzy, jak i mieszka\u0144cy, kt\u00f3rzy regularnie korzystaj\u0105 z oferty kulturalnej.<\/p>\n\n\n\n<h3 class=\"wp-block-heading\">Nowy rok, nowe plany<\/h3>\n\n\n\n<p>Cho\u0107 2025 rok by\u0142 wyj\u0105tkowo intensywny, Centrum Kultury ju\u017c realizuje kolejne inicjatywy. Program na 2026 rok jest stopniowo og\u0142aszany, a pierwsze wydarzenia nowego roku s\u0105 ju\u017c za nami. Wszystko wskazuje na to, \u017ce nadchodz\u0105ce miesi\u0105ce przynios\u0105 kolejne propozycje dla mieszka\u0144c\u00f3w Piaseczna i okolic.<\/p>\n\n\n<div class=\"wp-block-image\">\n<figure class=\"aligncenter size-full\"><img loading=\"lazy\" decoding=\"async\" width=\"943\" height=\"528\" src=\"https:\/\/naszpowiat.info\/wp-content\/uploads\/2026\/01\/ipasecn.png\" alt=\"\" class=\"wp-image-9566\"\/><figcaption class=\"wp-element-caption\">Fot. piaseczno.eu<\/figcaption><\/figure>\n<\/div>\n\n\n<p><a href=\"https:\/\/piaseczno.eu\/wp-content\/uploads\/2026\/01\/podsumowanie-2025-roku-przez-centrum-kultury-w-piasecznie.jpg\"><br><\/a><\/p>\n<div class=\"naszp-po-tresci\" id=\"naszp-1638694359\"><script async src=\"\/\/pagead2.googlesyndication.com\/pagead\/js\/adsbygoogle.js?client=ca-pub-5304901113955943\" crossorigin=\"anonymous\"><\/script><ins class=\"adsbygoogle\" style=\"display:block;\" data-ad-client=\"ca-pub-5304901113955943\" \ndata-ad-slot=\"9226873542\" \ndata-ad-format=\"auto\"><\/ins>\n<script> \n(adsbygoogle = window.adsbygoogle || []).push({}); \n<\/script>\n<\/div>","protected":false},"excerpt":{"rendered":"<p>Centrum Kultury w Piasecznie zamkn\u0119\u0142o kolejny rok intensywnej dzia\u0142alno\u015bci i opublikowa\u0142o dane podsumowuj\u0105ce minione dwana\u015bcie miesi\u0119cy. Zestawienie pokazuje, jak du\u017c\u0105 rol\u0119 instytucja odgrywa w codziennym \u017cyciu miasta i ca\u0142ej gminy. Rok 2025 przyni\u00f3s\u0142 wyj\u0105tkowo szerok\u0105 ofert\u0119 wydarze\u0144 kulturalnych \u2013 od niewielkich form artystycznych, przez dzia\u0142ania edukacyjne, po du\u017ce przedsi\u0119wzi\u0119cia plenerowe<span class=\"more-link\"><a href=\"https:\/\/naszpowiat.info\/index.php\/2026\/01\/22\/prawie-tysiac-wydarzen-w-rok-piaseczno-zylo-kultura-jak-nigdy-dotad\/\">Czytaj dalej<\/a><\/span><\/p>\n","protected":false},"author":9,"featured_media":9566,"comment_status":"closed","ping_status":"closed","sticky":false,"template":"","format":"standard","meta":{"_monsterinsights_skip_tracking":false,"_monsterinsights_sitenote_active":false,"_monsterinsights_sitenote_note":"","_monsterinsights_sitenote_category":0,"footnotes":""},"categories":[123,28,191,30,110,37,31,166,187,192,59],"tags":[1695,207,151,1696,309,290],"class_list":["entry","author-admin","post-9565","post","type-post","status-publish","format-standard","has-post-thumbnail","category-aktualnosci","category-dla-mieszkanca","category-edukacja","category-kultura","category-piaseczno","category-piaseczynski","category-powiaty-mazowieckiego","category-rekreacja","category-samorzad","category-sztuka","category-wydarzenia","tag-centrum-kultury-piaseczno","tag-kultura","tag-piaseczno","tag-podsumowanie","tag-samorzad","tag-wydarzenia"],"aioseo_notices":[],"_links":{"self":[{"href":"https:\/\/naszpowiat.info\/index.php\/wp-json\/wp\/v2\/posts\/9565","targetHints":{"allow":["GET"]}}],"collection":[{"href":"https:\/\/naszpowiat.info\/index.php\/wp-json\/wp\/v2\/posts"}],"about":[{"href":"https:\/\/naszpowiat.info\/index.php\/wp-json\/wp\/v2\/types\/post"}],"author":[{"embeddable":true,"href":"https:\/\/naszpowiat.info\/index.php\/wp-json\/wp\/v2\/users\/9"}],"replies":[{"embeddable":true,"href":"https:\/\/naszpowiat.info\/index.php\/wp-json\/wp\/v2\/comments?post=9565"}],"version-history":[{"count":1,"href":"https:\/\/naszpowiat.info\/index.php\/wp-json\/wp\/v2\/posts\/9565\/revisions"}],"predecessor-version":[{"id":9567,"href":"https:\/\/naszpowiat.info\/index.php\/wp-json\/wp\/v2\/posts\/9565\/revisions\/9567"}],"wp:featuredmedia":[{"embeddable":true,"href":"https:\/\/naszpowiat.info\/index.php\/wp-json\/wp\/v2\/media\/9566"}],"wp:attachment":[{"href":"https:\/\/naszpowiat.info\/index.php\/wp-json\/wp\/v2\/media?parent=9565"}],"wp:term":[{"taxonomy":"category","embeddable":true,"href":"https:\/\/naszpowiat.info\/index.php\/wp-json\/wp\/v2\/categories?post=9565"},{"taxonomy":"post_tag","embeddable":true,"href":"https:\/\/naszpowiat.info\/index.php\/wp-json\/wp\/v2\/tags?post=9565"}],"curies":[{"name":"wp","href":"https:\/\/api.w.org\/{rel}","templated":true}]}}