{"id":9562,"date":"2026-01-21T11:59:14","date_gmt":"2026-01-21T11:59:14","guid":{"rendered":"https:\/\/naszpowiat.info\/?p=9562"},"modified":"2026-01-21T11:59:17","modified_gmt":"2026-01-21T11:59:17","slug":"ferie-w-wolominie-bez-nudy-dwa-tygodnie-atrakcji-dla-dzieci-i-mlodziezy","status":"publish","type":"post","link":"https:\/\/naszpowiat.info\/index.php\/2026\/01\/21\/ferie-w-wolominie-bez-nudy-dwa-tygodnie-atrakcji-dla-dzieci-i-mlodziezy\/","title":{"rendered":"Ferie w Wo\u0142ominie bez nudy. Dwa tygodnie atrakcji dla dzieci i m\u0142odzie\u017cy"},"content":{"rendered":"\n<p>Przed uczniami dwa tygodnie upragnionego odpoczynku od szkolnych obowi\u0105zk\u00f3w. W wojew\u00f3dztwie mazowieckim ferie zimowe potrwaj\u0105 od 19 stycznia do 1 lutego 2026 roku, a Wo\u0142omin przygotowa\u0142 na ten czas wyj\u0105tkowo bogat\u0105 i r\u00f3\u017cnorodn\u0105 ofert\u0119 zaj\u0119\u0107 dla dzieci oraz m\u0142odzie\u017cy. Gminne jednostki zadba\u0142y o to, aby ka\u017cdy \u2013 niezale\u017cnie od wieku i zainteresowa\u0144 \u2013 m\u00f3g\u0142 znale\u017a\u0107 co\u015b dla siebie, sp\u0119dzaj\u0105c ferie aktywnie, tw\u00f3rczo i w bezpiecznych warunkach.<\/p>\n\n\n\n<p>Jedn\u0105 z g\u0142\u00f3wnych propozycji s\u0105 p\u00f3\u0142kolonie \u201eZima w mie\u015bcie\u201d, organizowane przez Miejski Dom Kultury w Wo\u0142ominie. Zapisy rozpocz\u0119\u0142y si\u0119 8 stycznia o godzinie 19:00 za po\u015brednictwem portalu strefazajec.pl i cieszy\u0142y si\u0119 ogromnym zainteresowaniem. Oferta skierowana by\u0142a do dzieci w wieku od 7 do 11 lat, zamieszka\u0142ych na terenie gminy Wo\u0142omin. Turnusy zaplanowano w dw\u00f3ch terminach: od 19 do 23 stycznia oraz od 26 do 30 stycznia 2026 roku. Koszt jednego turnusu wynosi\u0142 550 z\u0142, co by\u0142o mo\u017cliwe dzi\u0119ki dofinansowaniu ze strony gminy. Liczba miejsc by\u0142a ograniczona, a zapisy zako\u0144czy\u0142y si\u0119 bardzo szybko, co tylko potwierdza, jak du\u017ce jest zapotrzebowanie na tego typu formy zimowego wypoczynku.<\/p>\n\n\n\n<p>Ferie w Wo\u0142ominie to tak\u017ce propozycje warsztatowe przygotowane przez Centrum Aktywno\u015bci Wo\u0142omin \u2013 Star\u0105 Elektrowni\u0119. W dniach od 19 do 23 stycznia, w godzinach 10:00\u201312:00, dzieci mog\u0142y wzi\u0105\u0107 udzia\u0142 w cyklu r\u00f3\u017cnorodnych warsztat\u00f3w tematycznych. Program obejmowa\u0142 m.in. komponowanie w\u0142asnych herbat po\u0142\u0105czone z rozmow\u0105 o zdrowym \u017cywieniu, warsztaty tworzenia tzw. kulek mocy, zaj\u0119cia r\u0119kodzielnicze zwi\u0105zane z przygotowaniem laurek dla Babci i Dziadka z suszonych kwiat\u00f3w, malarstwo intuicyjne z wykorzystaniem techniki collage oraz warsztaty taneczne, kt\u00f3re zako\u0144czy\u0142y si\u0119 fina\u0142em ferii i rozdaniem dyplom\u00f3w. Dodatkowo 28 stycznia zaplanowano bal karnawa\u0142owy dla dzieci, kt\u00f3ry odby\u0142 si\u0119 w godzinach 12:00\u201314:00 i stanowi\u0142 jedno z najbardziej wyczekiwanych wydarze\u0144 zimowej przerwy.<\/p>\n\n\n\n<p>Na aktywny wypoczynek zaprasza r\u00f3wnie\u017c OSiR Huragan Wo\u0142omin, kt\u00f3ry przygotowa\u0142 sportowy harmonogram zaj\u0119\u0107 na oba tygodnie ferii \u2013 od 19 do 23 stycznia oraz od 26 do 29 stycznia 2026 roku. Dzieci i m\u0142odzie\u017c mog\u0142y uczestniczy\u0107 w strzelectwie na strzelnicy pneumatycznej \u201ePocisk\u201d przy ul. Sienkiewicza, zaj\u0119ciach z gier i zabaw z elementami sztuk walki, treningach koszyk\u00f3wki oraz zaj\u0119ciach z \u0142ucznictwa sportowego w hali OSiR przy ul. Korsaka. Organizatorzy przypominaj\u0105, \u017ce warunkiem udzia\u0142u w zaj\u0119ciach by\u0142o dostarczenie odpowiedniej deklaracji i o\u015bwiadczenia prawnego opiekuna osoby niepe\u0142noletniej.<\/p>\n\n\n\n<p>Nie zabrak\u0142o r\u00f3wnie\u017c oferty dla mi\u0142o\u015bnik\u00f3w p\u0142ywania. P\u0142ywalnia OSiR Huragan przygotowa\u0142a zaj\u0119cia nauki i doskonalenia p\u0142ywania w okresie od 19 do 30 stycznia, realizowane w poniedzia\u0142ki, \u015brody, czwartki i pi\u0105tki. Zaj\u0119cia podzielono na grupy wiekowe: 5\u20136 lat, 7\u20139 lat oraz 10+, a ka\u017cda lekcja trwa\u0142a 45 minut. Cena za ca\u0142y cykl o\u015bmiu spotka\u0144 wynosi\u0142a 364 z\u0142, przy maksymalnie dziesi\u0119cioosobowych grupach. R\u00f3wnolegle wprowadzono promocyjne ceny bilet\u00f3w rekreacyjnych dla dzieci i m\u0142odzie\u017cy do 18. roku \u017cycia, obowi\u0105zuj\u0105ce w dni robocze w godzinach porannych i popo\u0142udniowych.<\/p>\n\n\n\n<p>Ferie w Wo\u0142ominie to tak\u017ce propozycje dla m\u0142odych mi\u0142o\u015bnik\u00f3w ksi\u0105\u017cek i kreatywnych dzia\u0142a\u0144. Miejska Biblioteka Publiczna w Wo\u0142ominie we wszystkich swoich filiach przygotowa\u0142a cykl zaj\u0119\u0107 pod wsp\u00f3lnym has\u0142em \u201eZima Mi\u0119dzy Ksi\u0105\u017ckami\u201d. W Bibliotece G\u0142\u00f3wnej dzieci w wieku od 6 do 12 lat uczestniczy\u0142y w drugim tygodniu ferii w zaj\u0119ciach inspirowanych Dolin\u0105 Mumink\u00f3w, tworz\u0105c m.in. maski, pacynki i notesy my\u015bli. Filie w Ossowie, Lipinkach oraz na Osiedlu Niepodleg\u0142o\u015bci zaprosi\u0142y dzieci na warsztaty literacko-plastyczne, zaj\u0119cia integracyjne, gry, zabawy i spotkania z ksi\u0105\u017ck\u0105 w zimowej scenerii. Uzupe\u0142nieniem oferty by\u0142y warsztaty LEGO oraz warsztaty makramy, otwarte tak\u017ce dla doros\u0142ych uczestnik\u00f3w.<\/p>\n\n\n<div class=\"wp-block-image\">\n<figure class=\"aligncenter size-full is-resized\"><img loading=\"lazy\" decoding=\"async\" width=\"750\" height=\"500\" src=\"https:\/\/naszpowiat.info\/wp-content\/uploads\/2026\/01\/Ferie-2026-slajder-750x500-1.png\" alt=\"\" class=\"wp-image-9563\" style=\"width:612px;height:auto\"\/><figcaption class=\"wp-element-caption\">Fot. wolomin.org<\/figcaption><\/figure>\n<\/div><div class=\"naszp-po-tresci\" id=\"naszp-1531894581\"><script async src=\"\/\/pagead2.googlesyndication.com\/pagead\/js\/adsbygoogle.js?client=ca-pub-5304901113955943\" crossorigin=\"anonymous\"><\/script><ins class=\"adsbygoogle\" style=\"display:block;\" data-ad-client=\"ca-pub-5304901113955943\" \ndata-ad-slot=\"9226873542\" \ndata-ad-format=\"auto\"><\/ins>\n<script> \n(adsbygoogle = window.adsbygoogle || []).push({}); \n<\/script>\n<\/div>","protected":false},"excerpt":{"rendered":"<p>Przed uczniami dwa tygodnie upragnionego odpoczynku od szkolnych obowi\u0105zk\u00f3w. W wojew\u00f3dztwie mazowieckim ferie zimowe potrwaj\u0105 od 19 stycznia do 1 lutego 2026 roku, a Wo\u0142omin przygotowa\u0142 na ten czas wyj\u0105tkowo bogat\u0105 i r\u00f3\u017cnorodn\u0105 ofert\u0119 zaj\u0119\u0107 dla dzieci oraz m\u0142odzie\u017cy. Gminne jednostki zadba\u0142y o to, aby ka\u017cdy \u2013 niezale\u017cnie od wieku<span class=\"more-link\"><a href=\"https:\/\/naszpowiat.info\/index.php\/2026\/01\/21\/ferie-w-wolominie-bez-nudy-dwa-tygodnie-atrakcji-dla-dzieci-i-mlodziezy\/\">Czytaj dalej<\/a><\/span><\/p>\n","protected":false},"author":9,"featured_media":9563,"comment_status":"closed","ping_status":"closed","sticky":false,"template":"","format":"standard","meta":{"_monsterinsights_skip_tracking":false,"_monsterinsights_sitenote_active":false,"_monsterinsights_sitenote_note":"","_monsterinsights_sitenote_category":0,"footnotes":""},"categories":[123,186,28,191,127,30,40,31,166,187,157,57,58,59],"tags":[],"class_list":["entry","author-admin","post-9562","post","type-post","status-publish","format-standard","has-post-thumbnail","category-aktualnosci","category-budzet","category-dla-mieszkanca","category-edukacja","category-inwestycje","category-kultura","category-wolominski","category-powiaty-mazowieckiego","category-rekreacja","category-samorzad","category-sport","category-wolomin","category-wolomin-wolominski","category-wydarzenia"],"aioseo_notices":[],"_links":{"self":[{"href":"https:\/\/naszpowiat.info\/index.php\/wp-json\/wp\/v2\/posts\/9562","targetHints":{"allow":["GET"]}}],"collection":[{"href":"https:\/\/naszpowiat.info\/index.php\/wp-json\/wp\/v2\/posts"}],"about":[{"href":"https:\/\/naszpowiat.info\/index.php\/wp-json\/wp\/v2\/types\/post"}],"author":[{"embeddable":true,"href":"https:\/\/naszpowiat.info\/index.php\/wp-json\/wp\/v2\/users\/9"}],"replies":[{"embeddable":true,"href":"https:\/\/naszpowiat.info\/index.php\/wp-json\/wp\/v2\/comments?post=9562"}],"version-history":[{"count":1,"href":"https:\/\/naszpowiat.info\/index.php\/wp-json\/wp\/v2\/posts\/9562\/revisions"}],"predecessor-version":[{"id":9564,"href":"https:\/\/naszpowiat.info\/index.php\/wp-json\/wp\/v2\/posts\/9562\/revisions\/9564"}],"wp:featuredmedia":[{"embeddable":true,"href":"https:\/\/naszpowiat.info\/index.php\/wp-json\/wp\/v2\/media\/9563"}],"wp:attachment":[{"href":"https:\/\/naszpowiat.info\/index.php\/wp-json\/wp\/v2\/media?parent=9562"}],"wp:term":[{"taxonomy":"category","embeddable":true,"href":"https:\/\/naszpowiat.info\/index.php\/wp-json\/wp\/v2\/categories?post=9562"},{"taxonomy":"post_tag","embeddable":true,"href":"https:\/\/naszpowiat.info\/index.php\/wp-json\/wp\/v2\/tags?post=9562"}],"curies":[{"name":"wp","href":"https:\/\/api.w.org\/{rel}","templated":true}]}}