{"id":9553,"date":"2026-01-16T14:32:38","date_gmt":"2026-01-16T14:32:38","guid":{"rendered":"https:\/\/naszpowiat.info\/?p=9553"},"modified":"2026-01-16T14:32:41","modified_gmt":"2026-01-16T14:32:41","slug":"zabki-na-dwa-tygodnie-zamienia-sie-w-kraine-zabawy-festiwal-dmuchancow-2026-startuje-juz-w-ferie","status":"publish","type":"post","link":"https:\/\/naszpowiat.info\/index.php\/2026\/01\/16\/zabki-na-dwa-tygodnie-zamienia-sie-w-kraine-zabawy-festiwal-dmuchancow-2026-startuje-juz-w-ferie\/","title":{"rendered":"Z\u0105bki na dwa tygodnie zamieni\u0105 si\u0119 w krain\u0119 zabawy. Festiwal Dmucha\u0144c\u00f3w 2026 startuje ju\u017c w ferie"},"content":{"rendered":"\n<p><strong>Z\u0105bki na dwa tygodnie zamieni\u0105 si\u0119 w krain\u0119 zabawy. Festiwal Dmucha\u0144c\u00f3w 2026 startuje ju\u017c w ferie<\/strong><\/p>\n\n\n\n<p>Tegoroczne ferie zimowe w Z\u0105bkach zapowiadaj\u0105 si\u0119 wyj\u0105tkowo atrakcyjnie. Wszystko za spraw\u0105 Festiwalu Dmucha\u0144c\u00f3w 2026, na kt\u00f3ry zapraszaj\u0105 Burmistrz Miasta Z\u0105bki Ma\u0142gorzata Zy\u015bk oraz Miejski O\u015brodek Sportu i Rekreacji w Z\u0105bkach. Przez dwa pe\u0142ne tygodnie miasto stanie si\u0119 miejscem intensywnej, rodzinnej rozrywki, skierowanej przede wszystkim do najm\u0142odszych mieszka\u0144c\u00f3w, ale tak\u017ce do ca\u0142ych rodzin, kt\u00f3re chc\u0105 aktywnie sp\u0119dzi\u0107 zimowy czas wolny.<\/p>\n\n\n\n<p>Organizatorzy przygotowali bogaty program atrakcji oparty na bezpiecznych, nowoczesnych dmucha\u0144cach, kt\u00f3re od lat ciesz\u0105 si\u0119 nies\u0142abn\u0105c\u0105 popularno\u015bci\u0105 w\u015br\u00f3d dzieci i m\u0142odzie\u017cy. Festiwal podzielono na dwa etapy, odpowiadaj\u0105ce harmonogramowi ferii zimowych. W pierwszym tygodniu wydarzenie odb\u0119dzie si\u0119 na terenie Szko\u0142y Podstawowej nr 3 przy ulicy Ko\u015bcielnej 2. Od 19 do 23 stycznia atrakcje b\u0119d\u0105 dost\u0119pne w godzinach popo\u0142udniowych, natomiast w weekend 24 i 25 stycznia festiwal potrwa od po\u0142udnia a\u017c do wieczora. Drugi tydzie\u0144 ferii przeniesie zabaw\u0119 do Szko\u0142y Podstawowej nr 1 przy ulicy Pi\u0142sudskiego 35, gdzie od 26 do 30 stycznia dmucha\u0144ce b\u0119d\u0105 dost\u0119pne w godzinach 16:00\u201320:00, a w dniach 31 stycznia i 1 lutego w godzinach 12:00\u201320:00.<\/p>\n\n\n\n<p>Szczeg\u00f3lnym udogodnieniem dla mieszka\u0144c\u00f3w Z\u0105bek jest mo\u017cliwo\u015b\u0107 bezp\u0142atnego korzystania z atrakcji przez ca\u0142y czas trwania festiwalu dla posiadaczy karty \u201eJestem z Z\u0105bek\u201d. To rozwi\u0105zanie, kt\u00f3re nie tylko promuje lokalny program mieszka\u0144ca, ale tak\u017ce realnie wspiera rodziny w organizacji czasu wolnego dzieci bez dodatkowych koszt\u00f3w. Osoby nieposiadaj\u0105ce karty mieszka\u0144ca b\u0119d\u0105 mog\u0142y wykupi\u0107 ca\u0142odzienny wst\u0119p w cenie 40 z\u0142, co przy liczbie dost\u0119pnych atrakcji stanowi przyst\u0119pn\u0105 i konkurencyjn\u0105 ofert\u0119.<\/p>\n\n\n\n<p>Festiwal Dmucha\u0144c\u00f3w 2026 to propozycja, kt\u00f3ra \u0142\u0105czy aktywno\u015b\u0107 fizyczn\u0105, rado\u015b\u0107 wsp\u00f3lnej zabawy i bezpieczne warunki sp\u0119dzania ferii na miejscu, bez konieczno\u015bci wyjazd\u00f3w poza miasto. Organizatorzy podkre\u015blaj\u0105, \u017ce wydarzenie ma charakter otwarty i integracyjny, a jego celem jest stworzenie przestrzeni do beztroskiej zabawy, budowania relacji i pozytywnych wspomnie\u0144 z zimowej przerwy szkolnej. Wszystko wskazuje na to, \u017ce w czasie ferii Z\u0105bki wype\u0142ni\u0105 si\u0119 \u015bmiechem, ruchem i dobr\u0105 energi\u0105.<\/p>\n\n\n<div class=\"wp-block-image\">\n<figure class=\"aligncenter size-full is-resized\"><img loading=\"lazy\" decoding=\"async\" width=\"1080\" height=\"1216\" src=\"https:\/\/naszpowiat.info\/wp-content\/uploads\/2026\/01\/dmuchance-post4x5.png\" alt=\"\" class=\"wp-image-9554\" style=\"aspect-ratio:0.8881693072741992;width:743px;height:auto\"\/><figcaption class=\"wp-element-caption\">Fot. zabki.pl<\/figcaption><\/figure>\n<\/div><div class=\"naszp-po-tresci\" id=\"naszp-1159844792\"><script async src=\"\/\/pagead2.googlesyndication.com\/pagead\/js\/adsbygoogle.js?client=ca-pub-5304901113955943\" crossorigin=\"anonymous\"><\/script><ins class=\"adsbygoogle\" style=\"display:block;\" data-ad-client=\"ca-pub-5304901113955943\" \ndata-ad-slot=\"9226873542\" \ndata-ad-format=\"auto\"><\/ins>\n<script> \n(adsbygoogle = window.adsbygoogle || []).push({}); \n<\/script>\n<\/div>","protected":false},"excerpt":{"rendered":"<p>Z\u0105bki na dwa tygodnie zamieni\u0105 si\u0119 w krain\u0119 zabawy. Festiwal Dmucha\u0144c\u00f3w 2026 startuje ju\u017c w ferie Tegoroczne ferie zimowe w Z\u0105bkach zapowiadaj\u0105 si\u0119 wyj\u0105tkowo atrakcyjnie. Wszystko za spraw\u0105 Festiwalu Dmucha\u0144c\u00f3w 2026, na kt\u00f3ry zapraszaj\u0105 Burmistrz Miasta Z\u0105bki Ma\u0142gorzata Zy\u015bk oraz Miejski O\u015brodek Sportu i Rekreacji w Z\u0105bkach. Przez dwa pe\u0142ne<span class=\"more-link\"><a href=\"https:\/\/naszpowiat.info\/index.php\/2026\/01\/16\/zabki-na-dwa-tygodnie-zamienia-sie-w-kraine-zabawy-festiwal-dmuchancow-2026-startuje-juz-w-ferie\/\">Czytaj dalej<\/a><\/span><\/p>\n","protected":false},"author":9,"featured_media":9554,"comment_status":"closed","ping_status":"closed","sticky":false,"template":"","format":"standard","meta":{"_monsterinsights_skip_tracking":false,"_monsterinsights_sitenote_active":false,"_monsterinsights_sitenote_note":"","_monsterinsights_sitenote_category":0,"footnotes":""},"categories":[123,186,28,191,127,40,31,166,187,59,61,62,228],"tags":[1680,1676,1677,1679,1678,309,290,130,1681],"class_list":["entry","author-admin","post-9553","post","type-post","status-publish","format-standard","has-post-thumbnail","category-aktualnosci","category-budzet","category-dla-mieszkanca","category-edukacja","category-inwestycje","category-wolominski","category-powiaty-mazowieckiego","category-rekreacja","category-samorzad","category-wydarzenia","category-zabki","category-zabki-wolominski","category-zdrowie","tag-atrakcjedladzieci","tag-ferie2026","tag-festiwaldmuchancow","tag-jestemzzabek","tag-mosirzabki","tag-samorzad","tag-wydarzenia","tag-zabki","tag-zimoweferie"],"aioseo_notices":[],"_links":{"self":[{"href":"https:\/\/naszpowiat.info\/index.php\/wp-json\/wp\/v2\/posts\/9553","targetHints":{"allow":["GET"]}}],"collection":[{"href":"https:\/\/naszpowiat.info\/index.php\/wp-json\/wp\/v2\/posts"}],"about":[{"href":"https:\/\/naszpowiat.info\/index.php\/wp-json\/wp\/v2\/types\/post"}],"author":[{"embeddable":true,"href":"https:\/\/naszpowiat.info\/index.php\/wp-json\/wp\/v2\/users\/9"}],"replies":[{"embeddable":true,"href":"https:\/\/naszpowiat.info\/index.php\/wp-json\/wp\/v2\/comments?post=9553"}],"version-history":[{"count":1,"href":"https:\/\/naszpowiat.info\/index.php\/wp-json\/wp\/v2\/posts\/9553\/revisions"}],"predecessor-version":[{"id":9555,"href":"https:\/\/naszpowiat.info\/index.php\/wp-json\/wp\/v2\/posts\/9553\/revisions\/9555"}],"wp:featuredmedia":[{"embeddable":true,"href":"https:\/\/naszpowiat.info\/index.php\/wp-json\/wp\/v2\/media\/9554"}],"wp:attachment":[{"href":"https:\/\/naszpowiat.info\/index.php\/wp-json\/wp\/v2\/media?parent=9553"}],"wp:term":[{"taxonomy":"category","embeddable":true,"href":"https:\/\/naszpowiat.info\/index.php\/wp-json\/wp\/v2\/categories?post=9553"},{"taxonomy":"post_tag","embeddable":true,"href":"https:\/\/naszpowiat.info\/index.php\/wp-json\/wp\/v2\/tags?post=9553"}],"curies":[{"name":"wp","href":"https:\/\/api.w.org\/{rel}","templated":true}]}}