{"id":9475,"date":"2025-12-16T15:56:03","date_gmt":"2025-12-16T15:56:03","guid":{"rendered":"https:\/\/naszpowiat.info\/?p=9475"},"modified":"2025-12-16T15:56:05","modified_gmt":"2025-12-16T15:56:05","slug":"bajkowe-mikolajki-w-sercu-garwolina","status":"publish","type":"post","link":"https:\/\/naszpowiat.info\/index.php\/2025\/12\/16\/bajkowe-mikolajki-w-sercu-garwolina\/","title":{"rendered":"Bajkowe Miko\u0142ajki w sercu Garwolina"},"content":{"rendered":"\n<p>Po uroczystym roz\u015bwietleniu bo\u017conarodzeniowej choinki przed siedzib\u0105 Starostwa Powiatowego w Garwolinie przestrze\u0144 ta na dobre wype\u0142ni\u0142a si\u0119 dzieci\u0119c\u0105 rado\u015bci\u0105 i \u015bwi\u0105tecznym klimatem. Tego dnia odby\u0142y si\u0119 wyj\u0105tkowe Miko\u0142ajki dedykowane dzieciom ze szk\u00f3\u0142 specjalnych prowadzonych przez Powiat Garwoli\u0144ski, a tak\u017ce wszystkim najm\u0142odszym mieszka\u0144com powiatu, kt\u00f3rzy wraz z opiekunami zdecydowali si\u0119 sp\u0119dzi\u0107 ten czas wsp\u00f3lnie. Od pierwszych chwil da\u0142o si\u0119 zauwa\u017cy\u0107, \u017ce b\u0119dzie to spotkanie pe\u0142ne u\u015bmiech\u00f3w, energii i prawdziwej, niewymuszonej rado\u015bci.<\/p>\n\n\n\n<p>Na dzieci czeka\u0142o wiele atrakcji, kt\u00f3re z ogromnym zaanga\u017cowaniem przygotowali wolontariusze z Zespo\u0142u Szk\u00f3\u0142 Nr 2 im. Tadeusza Ko\u015bciuszki oraz Zespo\u0142u Szk\u00f3\u0142 Nr 1 im. Bohater\u00f3w Westerplatte w Garwolinie. Najm\u0142odsi ch\u0119tnie oddawali si\u0119 kolorowemu malowaniu twarzy, wybieraj\u0105c bajkowe wzory i \u015bwi\u0105teczne motywy, a tak\u017ce zaplataniu fantazyjnych warkoczyk\u00f3w, kt\u00f3re jeszcze d\u0142ugo po zako\u0144czeniu wydarzenia przypomina\u0142y o tym wyj\u0105tkowym dniu. Nie brakowa\u0142o r\u00f3wnie\u017c s\u0142odkich akcent\u00f3w \u2013 pierniczki znika\u0142y w mgnieniu oka, a dekorowanie \u015bwi\u0105tecznych skarpet pobudza\u0142o dzieci\u0119c\u0105 wyobra\u017ani\u0119 i kreatywno\u015b\u0107. Du\u017cym zainteresowaniem cieszy\u0142o si\u0119 tak\u017ce pisanie list\u00f3w do \u015awi\u0119tego Miko\u0142aja, w kt\u00f3rych mali uczestnicy z ogromn\u0105 szczero\u015bci\u0105 dzielili si\u0119 swoimi marzeniami. Ca\u0142o\u015b\u0107 dope\u0142ni\u0142 pokaz iluzjonisty, kt\u00f3ry wzbudza\u0142 zachwyt i gromkie brawa, sprawiaj\u0105c, \u017ce magia \u015bwi\u0105t sta\u0142a si\u0119 niemal namacalna.<\/p>\n\n\n\n<p>Wyj\u0105tkowy nastr\u00f3j wydarzenia podkre\u015bli\u0142 r\u00f3wnie\u017c muzyczny akcent. Uczniowie Zespo\u0142u Szk\u00f3\u0142 Nr 1 im. Bohater\u00f3w Westerplatte w Garwolinie, wyst\u0119puj\u0105cy jako \u201eCzerwone Korale\u201d, zaprezentowali kol\u0119dy, kt\u00f3re wprowadzi\u0142y uczestnik\u00f3w w ciep\u0142\u0105, \u015bwi\u0105teczn\u0105 atmosfer\u0119 i sprawi\u0142y, \u017ce nawet zimowe popo\u0142udnie nabra\u0142o wyj\u0105tkowej mi\u0119kko\u015bci. \u015apiew, \u015bmiech i dzieci\u0119cy entuzjazm sprawi\u0142y, \u017ce wn\u0119trza Starostwa na chwil\u0119 zamieni\u0142y si\u0119 w prawdziw\u0105, bajkow\u0105 krain\u0119 \u015awi\u0119tego Miko\u0142aja, w kt\u00f3rej ka\u017cdy \u2013 bez wzgl\u0119du na wiek \u2013 m\u00f3g\u0142 poczu\u0107 magi\u0119 wsp\u00f3lnego \u015bwi\u0119towania.<\/p>\n\n\n\n<p>To spotkanie pozostanie w pami\u0119ci uczestnik\u00f3w na d\u0142ugo, bo w\u0142a\u015bnie takie chwile, sp\u0119dzone razem w atmosferze \u017cyczliwo\u015bci i rado\u015bci, maj\u0105 najwi\u0119ksz\u0105 warto\u015b\u0107. Miko\u0142ajki w Garwolinie po raz kolejny pokaza\u0142y, \u017ce wsp\u00f3lnota, zaanga\u017cowanie i otwarte serca potrafi\u0105 stworzy\u0107 wydarzenie, kt\u00f3re roz\u015bwietla nie tylko przestrze\u0144, ale przede wszystkim ludzkie serca.<\/p>\n\n\n<div class=\"wp-block-image\">\n<figure class=\"aligncenter size-full\"><img loading=\"lazy\" decoding=\"async\" width=\"1200\" height=\"675\" src=\"https:\/\/naszpowiat.info\/wp-content\/uploads\/2025\/12\/csm_597810439_818025684393474_2475766408199698809_n_d57bfbff8e.jpg\" alt=\"\" class=\"wp-image-9476\"\/><figcaption class=\"wp-element-caption\">Fot. Starostwo Powiatowe w Garwolinie<\/figcaption><\/figure>\n<\/div><div class=\"naszp-po-tresci\" id=\"naszp-1840871309\"><script async src=\"\/\/pagead2.googlesyndication.com\/pagead\/js\/adsbygoogle.js?client=ca-pub-5304901113955943\" crossorigin=\"anonymous\"><\/script><ins class=\"adsbygoogle\" style=\"display:block;\" data-ad-client=\"ca-pub-5304901113955943\" \ndata-ad-slot=\"9226873542\" \ndata-ad-format=\"auto\"><\/ins>\n<script> \n(adsbygoogle = window.adsbygoogle || []).push({}); \n<\/script>\n<\/div>","protected":false},"excerpt":{"rendered":"<p>Po uroczystym roz\u015bwietleniu bo\u017conarodzeniowej choinki przed siedzib\u0105 Starostwa Powiatowego w Garwolinie przestrze\u0144 ta na dobre wype\u0142ni\u0142a si\u0119 dzieci\u0119c\u0105 rado\u015bci\u0105 i \u015bwi\u0105tecznym klimatem. Tego dnia odby\u0142y si\u0119 wyj\u0105tkowe Miko\u0142ajki dedykowane dzieciom ze szk\u00f3\u0142 specjalnych prowadzonych przez Powiat Garwoli\u0144ski, a tak\u017ce wszystkim najm\u0142odszym mieszka\u0144com powiatu, kt\u00f3rzy wraz z opiekunami zdecydowali si\u0119 sp\u0119dzi\u0107<span class=\"more-link\"><a href=\"https:\/\/naszpowiat.info\/index.php\/2025\/12\/16\/bajkowe-mikolajki-w-sercu-garwolina\/\">Czytaj dalej<\/a><\/span><\/p>\n","protected":false},"author":9,"featured_media":9476,"comment_status":"closed","ping_status":"closed","sticky":false,"template":"","format":"standard","meta":{"_monsterinsights_skip_tracking":false,"_monsterinsights_sitenote_active":false,"_monsterinsights_sitenote_note":"","_monsterinsights_sitenote_category":0,"footnotes":""},"categories":[123,28,191,213,127,30,209,31,187,59],"tags":[399,227,377,210,309,1382,593,1594,1595,1191,290],"class_list":["entry","author-admin","post-9475","post","type-post","status-publish","format-standard","has-post-thumbnail","category-aktualnosci","category-dla-mieszkanca","category-edukacja","category-garwolin","category-inwestycje","category-kultura","category-powiat-garwolinski","category-powiaty-mazowieckiego","category-samorzad","category-wydarzenia","tag-dzieci","tag-garwolin","tag-mikolajki","tag-powiat-garwolinski","tag-samorzad","tag-starostwo-powiatowe","tag-swieta-2","tag-swiety-mikolaj","tag-szkoly-specjalne","tag-wolontariat","tag-wydarzenia"],"aioseo_notices":[],"_links":{"self":[{"href":"https:\/\/naszpowiat.info\/index.php\/wp-json\/wp\/v2\/posts\/9475","targetHints":{"allow":["GET"]}}],"collection":[{"href":"https:\/\/naszpowiat.info\/index.php\/wp-json\/wp\/v2\/posts"}],"about":[{"href":"https:\/\/naszpowiat.info\/index.php\/wp-json\/wp\/v2\/types\/post"}],"author":[{"embeddable":true,"href":"https:\/\/naszpowiat.info\/index.php\/wp-json\/wp\/v2\/users\/9"}],"replies":[{"embeddable":true,"href":"https:\/\/naszpowiat.info\/index.php\/wp-json\/wp\/v2\/comments?post=9475"}],"version-history":[{"count":1,"href":"https:\/\/naszpowiat.info\/index.php\/wp-json\/wp\/v2\/posts\/9475\/revisions"}],"predecessor-version":[{"id":9477,"href":"https:\/\/naszpowiat.info\/index.php\/wp-json\/wp\/v2\/posts\/9475\/revisions\/9477"}],"wp:featuredmedia":[{"embeddable":true,"href":"https:\/\/naszpowiat.info\/index.php\/wp-json\/wp\/v2\/media\/9476"}],"wp:attachment":[{"href":"https:\/\/naszpowiat.info\/index.php\/wp-json\/wp\/v2\/media?parent=9475"}],"wp:term":[{"taxonomy":"category","embeddable":true,"href":"https:\/\/naszpowiat.info\/index.php\/wp-json\/wp\/v2\/categories?post=9475"},{"taxonomy":"post_tag","embeddable":true,"href":"https:\/\/naszpowiat.info\/index.php\/wp-json\/wp\/v2\/tags?post=9475"}],"curies":[{"name":"wp","href":"https:\/\/api.w.org\/{rel}","templated":true}]}}