{"id":9471,"date":"2025-12-15T15:15:11","date_gmt":"2025-12-15T15:15:11","guid":{"rendered":"https:\/\/naszpowiat.info\/?p=9471"},"modified":"2025-12-15T15:16:21","modified_gmt":"2025-12-15T15:16:21","slug":"betlejemskie-swiatlo-pokoju-dotrze-do-zabek","status":"publish","type":"post","link":"https:\/\/naszpowiat.info\/index.php\/2025\/12\/15\/betlejemskie-swiatlo-pokoju-dotrze-do-zabek\/","title":{"rendered":"Betlejemskie \u015awiat\u0142o Pokoju dotrze do Z\u0105bek"},"content":{"rendered":"\n<p>ZHP Hufiec Z\u0105bki oraz Burmistrz Miasta Z\u0105bki Ma\u0142gorzata Zy\u015bk organizuj\u0105 uroczyste przekazanie Betlejemskiego \u015awiat\u0142a Pokoju, kt\u00f3re \u2013 jak co roku \u2013 w\u0119druje do Polski prosto z Groty Narodzenia w Betlejem. To wyj\u0105tkowy symbol braterstwa, nadziei i jedno\u015bci, niesiony przez harcerzy do lokalnych spo\u0142eczno\u015bci w ca\u0142ym kraju. <\/p>\n\n\n\n<p>Wydarzenie odb\u0119dzie si\u0119 21 grudnia 2025 roku o godz. 16.00 w Parku Miejskim im. Szuberta w Z\u0105bkach \u2013 warto zabra\u0107 ze sob\u0105 lampion, aby m\u00f3c zanie\u015b\u0107 \u015awiat\u0142o do swojego domu. Tegorocznej edycji towarzyszy has\u0142o \u201ePiel\u0119gnuj dobro w sobie\u201d, a wydarzenie obj\u0119te jest patronatem Burmistrz Miasta Z\u0105bki.<\/p>\n\n\n<div class=\"wp-block-image\">\n<figure class=\"aligncenter size-full\"><img loading=\"lazy\" decoding=\"async\" width=\"940\" height=\"788\" src=\"https:\/\/naszpowiat.info\/wp-content\/uploads\/2025\/12\/swiatelko-pokoju.png\" alt=\"\" class=\"wp-image-9472\"\/><figcaption class=\"wp-element-caption\">Fot. zabki.pl<\/figcaption><\/figure>\n<\/div><div class=\"naszp-po-tresci\" id=\"naszp-1172747579\"><script async src=\"\/\/pagead2.googlesyndication.com\/pagead\/js\/adsbygoogle.js?client=ca-pub-5304901113955943\" crossorigin=\"anonymous\"><\/script><ins class=\"adsbygoogle\" style=\"display:block;\" data-ad-client=\"ca-pub-5304901113955943\" \ndata-ad-slot=\"9226873542\" \ndata-ad-format=\"auto\"><\/ins>\n<script> \n(adsbygoogle = window.adsbygoogle || []).push({}); \n<\/script>\n<\/div>","protected":false},"excerpt":{"rendered":"<p>ZHP Hufiec Z\u0105bki oraz Burmistrz Miasta Z\u0105bki Ma\u0142gorzata Zy\u015bk organizuj\u0105 uroczyste przekazanie Betlejemskiego \u015awiat\u0142a Pokoju, kt\u00f3re \u2013 jak co roku \u2013 w\u0119druje do Polski prosto z Groty Narodzenia w Betlejem. To wyj\u0105tkowy symbol braterstwa, nadziei i jedno\u015bci, niesiony przez harcerzy do lokalnych spo\u0142eczno\u015bci w ca\u0142ym kraju. Wydarzenie odb\u0119dzie si\u0119 21<span class=\"more-link\"><a href=\"https:\/\/naszpowiat.info\/index.php\/2025\/12\/15\/betlejemskie-swiatlo-pokoju-dotrze-do-zabek\/\">Czytaj dalej<\/a><\/span><\/p>\n","protected":false},"author":9,"featured_media":9472,"comment_status":"closed","ping_status":"closed","sticky":false,"template":"","format":"standard","meta":{"_monsterinsights_skip_tracking":false,"_monsterinsights_sitenote_active":false,"_monsterinsights_sitenote_note":"","_monsterinsights_sitenote_category":0,"footnotes":""},"categories":[123,28,191,127,30,40,31,166,187,59,62,61],"tags":[425,1585,207,1334,309,593,1126,597,290,130,1592],"class_list":["entry","author-admin","post-9471","post","type-post","status-publish","format-standard","has-post-thumbnail","category-aktualnosci","category-dla-mieszkanca","category-edukacja","category-inwestycje","category-kultura","category-wolominski","category-powiaty-mazowieckiego","category-rekreacja","category-samorzad","category-wydarzenia","category-zabki-wolominski","category-zabki","tag-betlejemskie-swiatlo-pokoju","tag-harcerze","tag-kultura","tag-park-szuberta","tag-samorzad","tag-swieta-2","tag-tradycja","tag-wspolnota","tag-wydarzenia","tag-zabki","tag-zhp"],"aioseo_notices":[],"_links":{"self":[{"href":"https:\/\/naszpowiat.info\/index.php\/wp-json\/wp\/v2\/posts\/9471","targetHints":{"allow":["GET"]}}],"collection":[{"href":"https:\/\/naszpowiat.info\/index.php\/wp-json\/wp\/v2\/posts"}],"about":[{"href":"https:\/\/naszpowiat.info\/index.php\/wp-json\/wp\/v2\/types\/post"}],"author":[{"embeddable":true,"href":"https:\/\/naszpowiat.info\/index.php\/wp-json\/wp\/v2\/users\/9"}],"replies":[{"embeddable":true,"href":"https:\/\/naszpowiat.info\/index.php\/wp-json\/wp\/v2\/comments?post=9471"}],"version-history":[{"count":2,"href":"https:\/\/naszpowiat.info\/index.php\/wp-json\/wp\/v2\/posts\/9471\/revisions"}],"predecessor-version":[{"id":9474,"href":"https:\/\/naszpowiat.info\/index.php\/wp-json\/wp\/v2\/posts\/9471\/revisions\/9474"}],"wp:featuredmedia":[{"embeddable":true,"href":"https:\/\/naszpowiat.info\/index.php\/wp-json\/wp\/v2\/media\/9472"}],"wp:attachment":[{"href":"https:\/\/naszpowiat.info\/index.php\/wp-json\/wp\/v2\/media?parent=9471"}],"wp:term":[{"taxonomy":"category","embeddable":true,"href":"https:\/\/naszpowiat.info\/index.php\/wp-json\/wp\/v2\/categories?post=9471"},{"taxonomy":"post_tag","embeddable":true,"href":"https:\/\/naszpowiat.info\/index.php\/wp-json\/wp\/v2\/tags?post=9471"}],"curies":[{"name":"wp","href":"https:\/\/api.w.org\/{rel}","templated":true}]}}