{"id":9468,"date":"2025-12-14T14:50:27","date_gmt":"2025-12-14T14:50:27","guid":{"rendered":"https:\/\/naszpowiat.info\/?p=9468"},"modified":"2025-12-14T14:50:29","modified_gmt":"2025-12-14T14:50:29","slug":"mlodziez-przejmuje-glos-xi-kadencja-mlodziezowej-rady-miasta-siedlce-rozpoczeta","status":"publish","type":"post","link":"https:\/\/naszpowiat.info\/index.php\/2025\/12\/14\/mlodziez-przejmuje-glos-xi-kadencja-mlodziezowej-rady-miasta-siedlce-rozpoczeta\/","title":{"rendered":"M\u0142odzie\u017c przejmuje g\u0142os. XI kadencja M\u0142odzie\u017cowej Rady Miasta Siedlce rozpocz\u0119ta"},"content":{"rendered":"\n<p>8 grudnia odby\u0142a si\u0119 inauguracyjna sesja M\u0142odzie\u017cowej Rady Miasta XI kadencji, kt\u00f3ra oficjalnie rozpocz\u0119\u0142a nowy etap dzia\u0142alno\u015bci m\u0142odych przedstawicieli siedleckich szk\u00f3\u0142 ponadpodstawowych. Podczas uroczystego posiedzenia nowo wybrani radni odebrali za\u015bwiadczenia o wyborze oraz z\u0142o\u017cyli \u015blubowanie, uzyskuj\u0105c tym samym mandat do pe\u0142nienia funkcji M\u0142odzie\u017cowego Radnego i reprezentowania g\u0142osu m\u0142odego pokolenia w sprawach dotycz\u0105cych miasta.<\/p>\n\n\n\n<p>Po cz\u0119\u015bci formalnej radni przyst\u0105pili do wyboru Prezydium M\u0142odzie\u017cowej Rady Miasta. W g\u0142osowaniu na przewodnicz\u0105cego wybrany zosta\u0142 Dominik Szaniawski, ucze\u0144 I Liceum Og\u00f3lnokszta\u0142c\u0105cego im. Boles\u0142awa Prusa w Siedlcach. Funkcj\u0119 wiceprzewodnicz\u0105cego powierzono Kacprowi Adamczykowi z I Katolickiego Liceum Og\u00f3lnokszta\u0142c\u0105cego im. \u015awi\u0119tej Rodziny. Wybrane Prezydium b\u0119dzie koordynowa\u0107 prace rady, inicjowa\u0107 dzia\u0142ania oraz reprezentowa\u0107 MRM w kontaktach z w\u0142adzami miasta i instytucjami.<\/p>\n\n\n\n<p>W sk\u0142ad M\u0142odzie\u017cowej Rady Miasta XI kadencji weszli uczniowie reprezentuj\u0105cy r\u00f3\u017cne siedleckie szko\u0142y ponadpodstawowe, co podkre\u015bla jej r\u00f3\u017cnorodny i reprezentatywny charakter. Mandaty radnych obj\u0119li: Kacper Adamczyk z I Katolickiego Liceum Og\u00f3lnokszta\u0142c\u0105cego im. \u015awi\u0119tej Rodziny, Mateusz Baj i Micha\u0142 Bonitruk z Zespo\u0142u Szk\u00f3\u0142 Ponadpodstawowych nr 6 im. J\u00f3zefa Bema, Maria Bru\u015bniak oraz Dominik Szaniawski z I Liceum Og\u00f3lnokszta\u0142c\u0105cego im. Boles\u0142awa Prusa, Dagmara Czarnocka z Zespo\u0142u Szk\u00f3\u0142 Ponadpodstawowych nr 4 im. Kazimierza Wielkiego, Przemys\u0142aw Jasi\u0144ski i Krzysztof Koryci\u0144ski z Zespo\u0142u Szk\u00f3\u0142 Ponadpodstawowych nr 3 im. Stanis\u0142awa Staszica, Olivier Jastrz\u0119bski i Maja Miko\u0142ajczuk z IV Liceum Og\u00f3lnokszta\u0142c\u0105cego im. Hetmana Stanis\u0142awa \u017b\u00f3\u0142kiewskiego, Szymon Jaworski i Hubert Kicki z Zespo\u0142u Szk\u00f3\u0142 Ponadpodstawowych nr 1 im. Stanis\u0142awa Staszica, Miko\u0142aj Jerzykowski i Filip Pasztor z Zespo\u0142u Szk\u00f3\u0142 Ponadpodstawowych nr 5 im. W\u0142adys\u0142awa Sikorskiego, Emilia Kruk i Julian Pawlak z II Liceum Og\u00f3lnokszta\u0142c\u0105cego im. \u015awi\u0119tej Kr\u00f3lowej Jadwigi oraz Lena Malinowska z I Katolickiego Liceum Og\u00f3lnokszta\u0142c\u0105cego im. \u015awi\u0119tej Rodziny.<\/p>\n\n\n\n<p>Inauguracyjna sesja by\u0142a nie tylko formalnym pocz\u0105tkiem kadencji, ale tak\u017ce symbolicznym potwierdzeniem zaanga\u017cowania m\u0142odzie\u017cy w \u017cycie publiczne miasta. Przed now\u0105 M\u0142odzie\u017cow\u0105 Rad\u0105 Miasta stoj\u0105 zadania zwi\u0105zane z inicjowaniem projekt\u00f3w, opiniowaniem spraw wa\u017cnych dla m\u0142odych mieszka\u0144c\u00f3w oraz aktywnym uczestnictwem w dialogu spo\u0142ecznym, kt\u00f3ry realnie wp\u0142ywa na kszta\u0142towanie lokalnej wsp\u00f3lnoty.<\/p>\n\n\n<div class=\"wp-block-image\">\n<figure class=\"aligncenter size-full\"><img loading=\"lazy\" decoding=\"async\" width=\"1920\" height=\"1280\" src=\"https:\/\/naszpowiat.info\/wp-content\/uploads\/2025\/12\/ump02798.jpg\" alt=\"\" class=\"wp-image-9469\"\/><figcaption class=\"wp-element-caption\">Fot. siedlce.pl<\/figcaption><\/figure>\n<\/div><div class=\"naszp-po-tresci\" id=\"naszp-2243094743\"><script async src=\"\/\/pagead2.googlesyndication.com\/pagead\/js\/adsbygoogle.js?client=ca-pub-5304901113955943\" crossorigin=\"anonymous\"><\/script><ins class=\"adsbygoogle\" style=\"display:block;\" data-ad-client=\"ca-pub-5304901113955943\" \ndata-ad-slot=\"9226873542\" \ndata-ad-format=\"auto\"><\/ins>\n<script> \n(adsbygoogle = window.adsbygoogle || []).push({}); \n<\/script>\n<\/div>","protected":false},"excerpt":{"rendered":"<p>8 grudnia odby\u0142a si\u0119 inauguracyjna sesja M\u0142odzie\u017cowej Rady Miasta XI kadencji, kt\u00f3ra oficjalnie rozpocz\u0119\u0142a nowy etap dzia\u0142alno\u015bci m\u0142odych przedstawicieli siedleckich szk\u00f3\u0142 ponadpodstawowych. Podczas uroczystego posiedzenia nowo wybrani radni odebrali za\u015bwiadczenia o wyborze oraz z\u0142o\u017cyli \u015blubowanie, uzyskuj\u0105c tym samym mandat do pe\u0142nienia funkcji M\u0142odzie\u017cowego Radnego i reprezentowania g\u0142osu m\u0142odego pokolenia w<span class=\"more-link\"><a href=\"https:\/\/naszpowiat.info\/index.php\/2025\/12\/14\/mlodziez-przejmuje-glos-xi-kadencja-mlodziezowej-rady-miasta-siedlce-rozpoczeta\/\">Czytaj dalej<\/a><\/span><\/p>\n","protected":false},"author":9,"featured_media":9469,"comment_status":"closed","ping_status":"closed","sticky":false,"template":"","format":"standard","meta":{"_monsterinsights_skip_tracking":false,"_monsterinsights_sitenote_active":false,"_monsterinsights_sitenote_note":"","_monsterinsights_sitenote_category":0,"footnotes":""},"categories":[123,186,28,191,30,225,31,187,226,59],"tags":[1590,253,454,435,309,474,1589,290,1591],"class_list":["entry","author-admin","post-9468","post","type-post","status-publish","format-standard","has-post-thumbnail","category-aktualnosci","category-budzet","category-dla-mieszkanca","category-edukacja","category-kultura","category-miasta","category-powiaty-mazowieckiego","category-samorzad","category-siedlce","category-wydarzenia","tag-aktywnosc-obywatelska","tag-edukacja","tag-mlodziez","tag-mlodziezowa-rada-miasta","tag-samorzad","tag-siedlce","tag-uczniowie","tag-wydarzenia","tag-xi-kadencja"],"aioseo_notices":[],"_links":{"self":[{"href":"https:\/\/naszpowiat.info\/index.php\/wp-json\/wp\/v2\/posts\/9468","targetHints":{"allow":["GET"]}}],"collection":[{"href":"https:\/\/naszpowiat.info\/index.php\/wp-json\/wp\/v2\/posts"}],"about":[{"href":"https:\/\/naszpowiat.info\/index.php\/wp-json\/wp\/v2\/types\/post"}],"author":[{"embeddable":true,"href":"https:\/\/naszpowiat.info\/index.php\/wp-json\/wp\/v2\/users\/9"}],"replies":[{"embeddable":true,"href":"https:\/\/naszpowiat.info\/index.php\/wp-json\/wp\/v2\/comments?post=9468"}],"version-history":[{"count":1,"href":"https:\/\/naszpowiat.info\/index.php\/wp-json\/wp\/v2\/posts\/9468\/revisions"}],"predecessor-version":[{"id":9470,"href":"https:\/\/naszpowiat.info\/index.php\/wp-json\/wp\/v2\/posts\/9468\/revisions\/9470"}],"wp:featuredmedia":[{"embeddable":true,"href":"https:\/\/naszpowiat.info\/index.php\/wp-json\/wp\/v2\/media\/9469"}],"wp:attachment":[{"href":"https:\/\/naszpowiat.info\/index.php\/wp-json\/wp\/v2\/media?parent=9468"}],"wp:term":[{"taxonomy":"category","embeddable":true,"href":"https:\/\/naszpowiat.info\/index.php\/wp-json\/wp\/v2\/categories?post=9468"},{"taxonomy":"post_tag","embeddable":true,"href":"https:\/\/naszpowiat.info\/index.php\/wp-json\/wp\/v2\/tags?post=9468"}],"curies":[{"name":"wp","href":"https:\/\/api.w.org\/{rel}","templated":true}]}}