{"id":9465,"date":"2025-12-13T13:46:32","date_gmt":"2025-12-13T13:46:32","guid":{"rendered":"https:\/\/naszpowiat.info\/?p=9465"},"modified":"2025-12-13T13:46:34","modified_gmt":"2025-12-13T13:46:34","slug":"mikolajki-na-starym-rynku-minsk-mazowiecki-poczul-magie-swiat","status":"publish","type":"post","link":"https:\/\/naszpowiat.info\/index.php\/2025\/12\/13\/mikolajki-na-starym-rynku-minsk-mazowiecki-poczul-magie-swiat\/","title":{"rendered":"Miko\u0142ajki na Starym Rynku. Mi\u0144sk Mazowiecki poczu\u0142 magi\u0119 \u015bwi\u0105t"},"content":{"rendered":"\n<p>Czy mo\u017cna poczu\u0107 \u015bwi\u0105teczny klimat jeszcze zanim spadnie pierwszy \u015bnieg? Mi\u0144sk Mazowiecki udowodni\u0142, \u017ce tak. 6 grudnia z okazji Miko\u0142ajek Stary Rynek zamieni\u0142 si\u0119 w bajkow\u0105 przestrze\u0144 pe\u0142n\u0105 \u015bwiat\u0142a, muzyki i rado\u015bci, przyci\u0105gaj\u0105c ca\u0142e rodziny, dzieci, senior\u00f3w oraz wszystkich, kt\u00f3rzy chcieli wsp\u00f3lnie wej\u015b\u0107 w atmosfer\u0119 nadchodz\u0105cych \u015bwi\u0105t. Od pierwszych chwil wydarzenie t\u0119tni\u0142o energi\u0105 i serdeczno\u015bci\u0105, a u\u015bmiechy uczestnik\u00f3w by\u0142y najlepszym dowodem na to, \u017ce magia \u015bwi\u0105t nie potrzebuje \u015bniegu.<\/p>\n\n\n\n<p>Wodzirej Arek wraz ze swoj\u0105 ekip\u0105 porwa\u0142 publiczno\u015b\u0107 do wsp\u00f3lnej zabawy, animacji i konkurs\u00f3w, w kt\u00f3re z entuzjazmem w\u0142\u0105czali si\u0119 zar\u00f3wno najm\u0142odsi, jak i doro\u015bli. Pomocnicy \u015awi\u0119tego Miko\u0142aja rozdawali s\u0142odko\u015bci oraz kupony na gor\u0105c\u0105 czekolad\u0119, a ogromn\u0105 sympati\u0119 dzieci wzbudzi\u0142 puchaty mi\u015b polarny, kt\u00f3ry szybko sta\u0142 si\u0119 bohaterem pami\u0105tkowych zdj\u0119\u0107. Ekipa MOSiR zadba\u0142a o sportowe emocje, przygotowuj\u0105c wyzwania z nagrodami, a zapach gor\u0105cej czekolady unosi\u0142 si\u0119 nad rynkiem, zach\u0119caj\u0105c do chwili odpoczynku. Retro karuzela, sanie z reniferami oraz \u015bwi\u0105teczny kominek sprawia\u0142y, \u017ce trudno by\u0142o przej\u015b\u0107 obok nich oboj\u0119tnie.<\/p>\n\n\n\n<p>Kulminacyjnym momentem wydarzenia by\u0142o wsp\u00f3lne odliczanie o godzinie 15.00, gdy wraz z burmistrzem miasta i \u015awi\u0119tym Miko\u0142ajem mieszka\u0144cy byli \u015bwiadkami uroczystego roz\u015bwietlenia miejskiej choinki. Gdy drzewko rozb\u0142ys\u0142o pe\u0142nym blaskiem, Stary Rynek wype\u0142ni\u0142a prawdziwie \u015bwi\u0105teczna atmosfera, kt\u00f3ra na d\u0142ugo pozostanie w pami\u0119ci uczestnik\u00f3w.<\/p>\n\n\n\n<p>Tego dnia \u015bwi\u0105teczne inicjatywy obj\u0119\u0142y ca\u0142e miasto. Od rana trwa\u0142 Miko\u0142ajkowy Turniej Pi\u0142ki No\u017cnej Maza CUP, odbywa\u0142y si\u0119 warsztaty r\u0119kodzielnicze prowadzone przez Stowarzyszenie OdNowa, bookcrossingowa wymiana ksi\u0105\u017cek w bibliotece oraz charytatywny kiermasz w przedszkolu \u201eWeso\u0142a Ciuchcia\u201d. Na rynek zawita\u0142 tak\u017ce Moto Miko\u0142aj, zapraszaj\u0105c mieszka\u0144c\u00f3w na niedzieln\u0105 parad\u0119. Miko\u0142ajki w Mi\u0144sku Mazowieckim by\u0142y efektem wsp\u00f3lnej pracy lokalnych instytucji, organizacji i mieszka\u0144c\u00f3w, kt\u00f3rzy po raz kolejny pokazali, jak silna jest lokalna wsp\u00f3lnota.<\/p>\n\n\n\n<p>Wydarzenie stworzyli dla Mi\u0144szczan Mi\u0144szczanie \u2013 miejskie instytucje, partnerzy, animatorzy, wolontariusze oraz pracownicy Urz\u0119du Miasta, dzi\u0119ki kt\u00f3rym to popo\u0142udnie sta\u0142o si\u0119 prawdziwym \u015bwi\u0119tem rado\u015bci, blisko\u015bci i wsp\u00f3lnego prze\u017cywania wyj\u0105tkowego czasu.<\/p>\n\n\n<div class=\"wp-block-image\">\n<figure class=\"aligncenter size-full\"><img loading=\"lazy\" decoding=\"async\" width=\"1123\" height=\"759\" src=\"https:\/\/naszpowiat.info\/wp-content\/uploads\/2025\/12\/dsfgsdfgdsfg.png\" alt=\"\" class=\"wp-image-9466\"\/><figcaption class=\"wp-element-caption\">Fot. minsk-maz.pl<\/figcaption><\/figure>\n<\/div><div class=\"naszp-po-tresci\" id=\"naszp-1340513808\"><script async src=\"\/\/pagead2.googlesyndication.com\/pagead\/js\/adsbygoogle.js?client=ca-pub-5304901113955943\" crossorigin=\"anonymous\"><\/script><ins class=\"adsbygoogle\" style=\"display:block;\" data-ad-client=\"ca-pub-5304901113955943\" \ndata-ad-slot=\"9226873542\" \ndata-ad-format=\"auto\"><\/ins>\n<script> \n(adsbygoogle = window.adsbygoogle || []).push({}); \n<\/script>\n<\/div>","protected":false},"excerpt":{"rendered":"<p>Czy mo\u017cna poczu\u0107 \u015bwi\u0105teczny klimat jeszcze zanim spadnie pierwszy \u015bnieg? Mi\u0144sk Mazowiecki udowodni\u0142, \u017ce tak. 6 grudnia z okazji Miko\u0142ajek Stary Rynek zamieni\u0142 si\u0119 w bajkow\u0105 przestrze\u0144 pe\u0142n\u0105 \u015bwiat\u0142a, muzyki i rado\u015bci, przyci\u0105gaj\u0105c ca\u0142e rodziny, dzieci, senior\u00f3w oraz wszystkich, kt\u00f3rzy chcieli wsp\u00f3lnie wej\u015b\u0107 w atmosfer\u0119 nadchodz\u0105cych \u015bwi\u0105t. Od pierwszych chwil<span class=\"more-link\"><a href=\"https:\/\/naszpowiat.info\/index.php\/2025\/12\/13\/mikolajki-na-starym-rynku-minsk-mazowiecki-poczul-magie-swiat\/\">Czytaj dalej<\/a><\/span><\/p>\n","protected":false},"author":9,"featured_media":9466,"comment_status":"closed","ping_status":"closed","sticky":false,"template":"","format":"standard","meta":{"_monsterinsights_skip_tracking":false,"_monsterinsights_sitenote_active":false,"_monsterinsights_sitenote_note":"","_monsterinsights_sitenote_category":0,"footnotes":""},"categories":[123,28,191,178,183,30,101,34,31,166,187,59],"tags":[1587,207,377,164,1545,309,1588,1546,290,1484],"class_list":["entry","author-admin","post-9465","post","type-post","status-publish","format-standard","has-post-thumbnail","category-aktualnosci","category-dla-mieszkanca","category-edukacja","category-energetyka","category-infrastruktura","category-kultura","category-minsk-mazowiecki","category-minski","category-powiaty-mazowieckiego","category-rekreacja","category-samorzad","category-wydarzenia","tag-integracja-mieszkancow","tag-kultura","tag-mikolajki","tag-minsk-mazowiecki","tag-rozswietlenie-choinki","tag-samorzad","tag-stary-rynek","tag-swiateczna-atmosfera","tag-wydarzenia","tag-wydarzenia-miejskie"],"aioseo_notices":[],"_links":{"self":[{"href":"https:\/\/naszpowiat.info\/index.php\/wp-json\/wp\/v2\/posts\/9465","targetHints":{"allow":["GET"]}}],"collection":[{"href":"https:\/\/naszpowiat.info\/index.php\/wp-json\/wp\/v2\/posts"}],"about":[{"href":"https:\/\/naszpowiat.info\/index.php\/wp-json\/wp\/v2\/types\/post"}],"author":[{"embeddable":true,"href":"https:\/\/naszpowiat.info\/index.php\/wp-json\/wp\/v2\/users\/9"}],"replies":[{"embeddable":true,"href":"https:\/\/naszpowiat.info\/index.php\/wp-json\/wp\/v2\/comments?post=9465"}],"version-history":[{"count":1,"href":"https:\/\/naszpowiat.info\/index.php\/wp-json\/wp\/v2\/posts\/9465\/revisions"}],"predecessor-version":[{"id":9467,"href":"https:\/\/naszpowiat.info\/index.php\/wp-json\/wp\/v2\/posts\/9465\/revisions\/9467"}],"wp:featuredmedia":[{"embeddable":true,"href":"https:\/\/naszpowiat.info\/index.php\/wp-json\/wp\/v2\/media\/9466"}],"wp:attachment":[{"href":"https:\/\/naszpowiat.info\/index.php\/wp-json\/wp\/v2\/media?parent=9465"}],"wp:term":[{"taxonomy":"category","embeddable":true,"href":"https:\/\/naszpowiat.info\/index.php\/wp-json\/wp\/v2\/categories?post=9465"},{"taxonomy":"post_tag","embeddable":true,"href":"https:\/\/naszpowiat.info\/index.php\/wp-json\/wp\/v2\/tags?post=9465"}],"curies":[{"name":"wp","href":"https:\/\/api.w.org\/{rel}","templated":true}]}}