{"id":9457,"date":"2025-12-11T14:10:27","date_gmt":"2025-12-11T14:10:27","guid":{"rendered":"https:\/\/naszpowiat.info\/?p=9457"},"modified":"2025-12-11T14:11:58","modified_gmt":"2025-12-11T14:11:58","slug":"kraina-sw-mikolaja-w-piasecznie-rodzinne-wydarzenie-w-ramach-budzetu-obywatelskiego-2025","status":"publish","type":"post","link":"https:\/\/naszpowiat.info\/index.php\/2025\/12\/11\/kraina-sw-mikolaja-w-piasecznie-rodzinne-wydarzenie-w-ramach-budzetu-obywatelskiego-2025\/","title":{"rendered":"Kraina \u015awi\u0119tego Miko\u0142aja w Piasecznie \u2013 rodzinne wydarzenie w ramach Bud\u017cetu Obywatelskiego 2025"},"content":{"rendered":"\n<p>13 grudnia 2025 r. w Szkole Podstawowej nr 5 w Piasecznie odb\u0119dzie si\u0119 \u201eKraina \u015awi\u0119tego Miko\u0142aja\u201d \u2013 wydarzenie przygotowane w ramach Bud\u017cetu Obywatelskiego 2025. Dzieci b\u0119d\u0105 mog\u0142y spotka\u0107 \u015awi\u0119tego Miko\u0142aja, skorzysta\u0107 z dmucha\u0144c\u00f3w oraz wzi\u0105\u0107 udzia\u0142 w \u015bwi\u0105tecznych animacjach, a wszystkie atrakcje dost\u0119pne b\u0119d\u0105 bezp\u0142atnie. Impreza potrwa od godziny 10.00 do 18.00 przy ul. Szkolnej 14. Dodatkowe aktywno\u015bci dla najm\u0142odszych zapewni Rada Rodzic\u00f3w SP 5.<\/p>\n\n\n<div class=\"wp-block-image\">\n<figure class=\"aligncenter size-full is-resized\"><img loading=\"lazy\" decoding=\"async\" width=\"287\" height=\"408\" src=\"https:\/\/naszpowiat.info\/wp-content\/uploads\/2025\/12\/plakat.png\" alt=\"\" class=\"wp-image-9458\" style=\"aspect-ratio:0.7034482758620689;width:421px;height:auto\"\/><figcaption class=\"wp-element-caption\">Fot. piaseczno.eu<\/figcaption><\/figure>\n<\/div><div class=\"naszp-po-tresci\" id=\"naszp-141031194\"><script async src=\"\/\/pagead2.googlesyndication.com\/pagead\/js\/adsbygoogle.js?client=ca-pub-5304901113955943\" crossorigin=\"anonymous\"><\/script><ins class=\"adsbygoogle\" style=\"display:block;\" data-ad-client=\"ca-pub-5304901113955943\" \ndata-ad-slot=\"9226873542\" \ndata-ad-format=\"auto\"><\/ins>\n<script> \n(adsbygoogle = window.adsbygoogle || []).push({}); \n<\/script>\n<\/div>","protected":false},"excerpt":{"rendered":"<p>13 grudnia 2025 r. w Szkole Podstawowej nr 5 w Piasecznie odb\u0119dzie si\u0119 \u201eKraina \u015awi\u0119tego Miko\u0142aja\u201d \u2013 wydarzenie przygotowane w ramach Bud\u017cetu Obywatelskiego 2025. Dzieci b\u0119d\u0105 mog\u0142y spotka\u0107 \u015awi\u0119tego Miko\u0142aja, skorzysta\u0107 z dmucha\u0144c\u00f3w oraz wzi\u0105\u0107 udzia\u0142 w \u015bwi\u0105tecznych animacjach, a wszystkie atrakcje dost\u0119pne b\u0119d\u0105 bezp\u0142atnie. Impreza potrwa od godziny 10.00<span class=\"more-link\"><a href=\"https:\/\/naszpowiat.info\/index.php\/2025\/12\/11\/kraina-sw-mikolaja-w-piasecznie-rodzinne-wydarzenie-w-ramach-budzetu-obywatelskiego-2025\/\">Czytaj dalej<\/a><\/span><\/p>\n","protected":false},"author":9,"featured_media":9458,"comment_status":"closed","ping_status":"closed","sticky":false,"template":"","format":"standard","meta":{"_monsterinsights_skip_tracking":false,"_monsterinsights_sitenote_active":false,"_monsterinsights_sitenote_note":"","_monsterinsights_sitenote_category":0,"footnotes":""},"categories":[123,186,28,127,30,110,37,31,166,187,59],"tags":[1582,1580,1583,126,1579,207,151,309,1581,290,1493],"class_list":["entry","author-admin","post-9457","post","type-post","status-publish","format-standard","has-post-thumbnail","category-aktualnosci","category-budzet","category-dla-mieszkanca","category-inwestycje","category-kultura","category-piaseczno","category-piaseczynski","category-powiaty-mazowieckiego","category-rekreacja","category-samorzad","category-wydarzenia","tag-animacje-swiateczne","tag-budzet-obywatelski-2025","tag-dmuchance","tag-inwestycje","tag-kraina-swietego-mikolaja","tag-kultura","tag-piaseczno","tag-samorzad","tag-sp5-piaseczno","tag-wydarzenia","tag-wydarzenia-dla-dzieci"],"aioseo_notices":[],"_links":{"self":[{"href":"https:\/\/naszpowiat.info\/index.php\/wp-json\/wp\/v2\/posts\/9457","targetHints":{"allow":["GET"]}}],"collection":[{"href":"https:\/\/naszpowiat.info\/index.php\/wp-json\/wp\/v2\/posts"}],"about":[{"href":"https:\/\/naszpowiat.info\/index.php\/wp-json\/wp\/v2\/types\/post"}],"author":[{"embeddable":true,"href":"https:\/\/naszpowiat.info\/index.php\/wp-json\/wp\/v2\/users\/9"}],"replies":[{"embeddable":true,"href":"https:\/\/naszpowiat.info\/index.php\/wp-json\/wp\/v2\/comments?post=9457"}],"version-history":[{"count":2,"href":"https:\/\/naszpowiat.info\/index.php\/wp-json\/wp\/v2\/posts\/9457\/revisions"}],"predecessor-version":[{"id":9461,"href":"https:\/\/naszpowiat.info\/index.php\/wp-json\/wp\/v2\/posts\/9457\/revisions\/9461"}],"wp:featuredmedia":[{"embeddable":true,"href":"https:\/\/naszpowiat.info\/index.php\/wp-json\/wp\/v2\/media\/9458"}],"wp:attachment":[{"href":"https:\/\/naszpowiat.info\/index.php\/wp-json\/wp\/v2\/media?parent=9457"}],"wp:term":[{"taxonomy":"category","embeddable":true,"href":"https:\/\/naszpowiat.info\/index.php\/wp-json\/wp\/v2\/categories?post=9457"},{"taxonomy":"post_tag","embeddable":true,"href":"https:\/\/naszpowiat.info\/index.php\/wp-json\/wp\/v2\/tags?post=9457"}],"curies":[{"name":"wp","href":"https:\/\/api.w.org\/{rel}","templated":true}]}}