{"id":9449,"date":"2025-12-09T13:43:48","date_gmt":"2025-12-09T13:43:48","guid":{"rendered":"https:\/\/naszpowiat.info\/?p=9449"},"modified":"2025-12-09T13:43:49","modified_gmt":"2025-12-09T13:43:49","slug":"ponad-1-mln-zlotych-dofinansowania-na-system-ochrony-ludnosci-i-obrony-cywilnej-w-wolominie","status":"publish","type":"post","link":"https:\/\/naszpowiat.info\/index.php\/2025\/12\/09\/ponad-1-mln-zlotych-dofinansowania-na-system-ochrony-ludnosci-i-obrony-cywilnej-w-wolominie\/","title":{"rendered":"Ponad 1 mln z\u0142otych dofinansowania na system ochrony ludno\u015bci i obrony cywilnej w Wo\u0142ominie!"},"content":{"rendered":"\n<p>Gmina Wo\u0142omin konsekwentnie wzmacnia lokalny system ochrony ludno\u015bci i obrony cywilnej, pozyskuj\u0105c znacz\u0105ce \u015brodki zewn\u0119trzne przeznaczone na popraw\u0119 bezpiecze\u0144stwa mieszka\u0144c\u00f3w. W 2025 roku samorz\u0105d otrzyma\u0142 kolejne dofinansowanie \u2013 ponad 1,5 mln z\u0142 z Mazowieckiego Urz\u0119du Wojew\u00f3dzkiego. To wsparcie obejmuje zadania kluczowe dla podniesienia gotowo\u015bci gminy do reagowania na r\u00f3\u017cnego rodzaju sytuacje kryzysowe. Podpisana z Mazowieckim Urz\u0119dem Wojew\u00f3dzkim umowa dotyczy przekazania dotacji celowych na dzia\u0142ania zwi\u0105zane z ochron\u0105 ludno\u015bci i obron\u0105 cywiln\u0105 w najbli\u017cszym roku. Pozyskane \u015brodki pozwol\u0105 uzupe\u0142ni\u0107 zasoby magazynowe gminy, zakupi\u0107 wyposa\u017cenie niezb\u0119dne do utrzymania ci\u0105g\u0142o\u015bci najwa\u017cniejszych us\u0142ug publicznych, a tak\u017ce zorganizowa\u0107 szkolenia podnosz\u0105ce odporno\u015b\u0107 spo\u0142eczn\u0105 oraz kompetencje os\u00f3b odpowiedzialnych za bezpiecze\u0144stwo. Wa\u017cnym elementem finansowania jest r\u00f3wnie\u017c opracowanie ekspertyzy technicznej dotycz\u0105cej mo\u017cliwo\u015bci przystosowania budynku Zespo\u0142u Szk\u00f3\u0142 nr 3 na miejsce dora\u017anego schronienia.<\/p>\n\n\n\n<p>Jednym z kluczowych dzia\u0142a\u0144 uruchomionych dzi\u0119ki pozyskanej dotacji jest cykl \u201eSzkole\u0144 z zakresu ochrony ludno\u015bci i obrony cywilnej\u201d. To kompleksowy program realizowany zgodnie z wymogami ustawy o ochronie ludno\u015bci i obronie cywilnej oraz rozporz\u0105dzeniem Ministra Spraw Wewn\u0119trznych i Administracji z 6 lutego 2025 roku. Szkolenia ruszy\u0142y 17 listopada i obejmuj\u0105 180 pracownik\u00f3w Urz\u0119du Miejskiego w Wo\u0142ominie, PWiK Wo\u0142omin, Stra\u017cy Miejskiej oraz O\u015brodka Pomocy Spo\u0142ecznej. Zaj\u0119cia prowadzi firma certyfikowana przez Akademi\u0119 Po\u017carnicz\u0105, posiadaj\u0105ca do\u015bwiadczenie w przygotowywaniu kadr odpowiedzialnych za bezpiecze\u0144stwo publiczne. Uczestnicy pog\u0142\u0119biaj\u0105 wiedz\u0119 z zakresu oceny zagro\u017ce\u0144, funkcjonowania jednostek w systemie ochrony ludno\u015bci, planowania ci\u0105g\u0142o\u015bci dzia\u0142ania, komunikacji kryzysowej, ostrzegania i alarmowania, organizacji ewakuacji oraz pierwszej pomocy. Przekazywane kompetencje maj\u0105 bezpo\u015brednie znaczenie dla skuteczno\u015bci dzia\u0142a\u0144 podejmowanych w sytuacjach realnego zagro\u017cenia.<\/p>\n\n\n\n<p>Dzi\u0119ki \u015brodkom z programu mo\u017cliwe jest tak\u017ce wsparcie wszystkich jednostek OSP dzia\u0142aj\u0105cych w gminie Wo\u0142omin. Druhowie s\u0105 cz\u0119sto pierwszymi, kt\u00f3rzy reaguj\u0105 na lokalne zagro\u017cenia, dlatego doposa\u017cenie w nowy sprz\u0119t stanowi realn\u0105 inwestycj\u0119 w bezpiecze\u0144stwo mieszka\u0144c\u00f3w. OSP Wo\u0142omin otrzyma 73 tys. z\u0142, OSP Zago\u015bciniec 115 940 z\u0142, OSP Oss\u00f3w 80 tys. z\u0142, a OSP Stare Grabie 100 tys. z\u0142. Zwi\u0119kszenie dost\u0119pno\u015bci profesjonalnego wyposa\u017cenia prze\u0142o\u017cy si\u0119 na skuteczniejsze dzia\u0142ania ratownicze, wi\u0119ksze bezpiecze\u0144stwo stra\u017cak\u00f3w podczas akcji oraz szybsze udzielanie pomocy w nag\u0142ych zdarzeniach.<\/p>\n\n\n\n<p>Wo\u0142omin konsekwentnie realizuje polityk\u0119 bezpiecze\u0144stwa opart\u0105 na wielotorowym podej\u015bciu \u2013 od rozbudowy infrastruktury i zaplecza technicznego, przez edukacj\u0119 i szkolenia, a\u017c po systemowe wsparcie s\u0142u\u017cb. W obliczu wsp\u00f3\u0142czesnych wyzwa\u0144 kluczowa jest zar\u00f3wno prewencja, jak i zdolno\u015b\u0107 do adekwatnej reakcji. Podj\u0119te dzia\u0142ania stanowi\u0105 wa\u017cny krok w stron\u0119 budowy nowoczesnego, zintegrowanego i odpornego systemu ochrony mieszka\u0144c\u00f3w.<\/p>\n\n\n<div class=\"wp-block-image\">\n<figure class=\"aligncenter size-full is-resized\"><img loading=\"lazy\" decoding=\"async\" width=\"2000\" height=\"1333\" src=\"https:\/\/naszpowiat.info\/wp-content\/uploads\/2025\/12\/DSCF0337.jpg\" alt=\"\" class=\"wp-image-9450\" style=\"aspect-ratio:1.5003767687198235;width:780px;height:auto\"\/><figcaption class=\"wp-element-caption\">Fot. wolomin.org<\/figcaption><\/figure>\n<\/div><div class=\"naszp-po-tresci\" id=\"naszp-1843156577\"><script async src=\"\/\/pagead2.googlesyndication.com\/pagead\/js\/adsbygoogle.js?client=ca-pub-5304901113955943\" crossorigin=\"anonymous\"><\/script><ins class=\"adsbygoogle\" style=\"display:block;\" data-ad-client=\"ca-pub-5304901113955943\" \ndata-ad-slot=\"9226873542\" \ndata-ad-format=\"auto\"><\/ins>\n<script> \n(adsbygoogle = window.adsbygoogle || []).push({}); \n<\/script>\n<\/div>","protected":false},"excerpt":{"rendered":"<p>Gmina Wo\u0142omin konsekwentnie wzmacnia lokalny system ochrony ludno\u015bci i obrony cywilnej, pozyskuj\u0105c znacz\u0105ce \u015brodki zewn\u0119trzne przeznaczone na popraw\u0119 bezpiecze\u0144stwa mieszka\u0144c\u00f3w. W 2025 roku samorz\u0105d otrzyma\u0142 kolejne dofinansowanie \u2013 ponad 1,5 mln z\u0142 z Mazowieckiego Urz\u0119du Wojew\u00f3dzkiego. To wsparcie obejmuje zadania kluczowe dla podniesienia gotowo\u015bci gminy do reagowania na r\u00f3\u017cnego rodzaju<span class=\"more-link\"><a href=\"https:\/\/naszpowiat.info\/index.php\/2025\/12\/09\/ponad-1-mln-zlotych-dofinansowania-na-system-ochrony-ludnosci-i-obrony-cywilnej-w-wolominie\/\">Czytaj dalej<\/a><\/span><\/p>\n","protected":false},"author":9,"featured_media":9450,"comment_status":"closed","ping_status":"closed","sticky":false,"template":"","format":"standard","meta":{"_monsterinsights_skip_tracking":false,"_monsterinsights_sitenote_active":false,"_monsterinsights_sitenote_note":"","_monsterinsights_sitenote_category":0,"footnotes":""},"categories":[123,172,186,28,191,127,40,31,187,57,58,59],"tags":[156,1207,271,1572,1571,203,125,309,1573,124,290],"class_list":["entry","author-admin","post-9449","post","type-post","status-publish","format-standard","has-post-thumbnail","category-aktualnosci","category-bezpieczenstwo","category-budzet","category-dla-mieszkanca","category-edukacja","category-inwestycje","category-wolominski","category-powiaty-mazowieckiego","category-samorzad","category-wolomin","category-wolomin-wolominski","category-wydarzenia","tag-bezpieczenstwo","tag-dotacje","tag-mazowsze","tag-obrona-cywilna","tag-ochrona-ludnosci","tag-osp","tag-powiat-wolominski","tag-samorzad","tag-szkolenia-kryzysowe","tag-wolomin","tag-wydarzenia"],"aioseo_notices":[],"_links":{"self":[{"href":"https:\/\/naszpowiat.info\/index.php\/wp-json\/wp\/v2\/posts\/9449","targetHints":{"allow":["GET"]}}],"collection":[{"href":"https:\/\/naszpowiat.info\/index.php\/wp-json\/wp\/v2\/posts"}],"about":[{"href":"https:\/\/naszpowiat.info\/index.php\/wp-json\/wp\/v2\/types\/post"}],"author":[{"embeddable":true,"href":"https:\/\/naszpowiat.info\/index.php\/wp-json\/wp\/v2\/users\/9"}],"replies":[{"embeddable":true,"href":"https:\/\/naszpowiat.info\/index.php\/wp-json\/wp\/v2\/comments?post=9449"}],"version-history":[{"count":2,"href":"https:\/\/naszpowiat.info\/index.php\/wp-json\/wp\/v2\/posts\/9449\/revisions"}],"predecessor-version":[{"id":9452,"href":"https:\/\/naszpowiat.info\/index.php\/wp-json\/wp\/v2\/posts\/9449\/revisions\/9452"}],"wp:featuredmedia":[{"embeddable":true,"href":"https:\/\/naszpowiat.info\/index.php\/wp-json\/wp\/v2\/media\/9450"}],"wp:attachment":[{"href":"https:\/\/naszpowiat.info\/index.php\/wp-json\/wp\/v2\/media?parent=9449"}],"wp:term":[{"taxonomy":"category","embeddable":true,"href":"https:\/\/naszpowiat.info\/index.php\/wp-json\/wp\/v2\/categories?post=9449"},{"taxonomy":"post_tag","embeddable":true,"href":"https:\/\/naszpowiat.info\/index.php\/wp-json\/wp\/v2\/tags?post=9449"}],"curies":[{"name":"wp","href":"https:\/\/api.w.org\/{rel}","templated":true}]}}