{"id":9442,"date":"2025-12-07T14:21:55","date_gmt":"2025-12-07T14:21:55","guid":{"rendered":"https:\/\/naszpowiat.info\/?p=9442"},"modified":"2025-12-07T14:21:57","modified_gmt":"2025-12-07T14:21:57","slug":"ozarow-mazowiecki-z-najlepszym-wynikiem-w-powiecie-wysoka-pozycja-w-rankingu-samorzadow-rzeczpospolitej-2025","status":"publish","type":"post","link":"https:\/\/naszpowiat.info\/index.php\/2025\/12\/07\/ozarow-mazowiecki-z-najlepszym-wynikiem-w-powiecie-wysoka-pozycja-w-rankingu-samorzadow-rzeczpospolitej-2025\/","title":{"rendered":"O\u017car\u00f3w Mazowiecki z najlepszym wynikiem w powiecie \u2013 wysoka pozycja w Rankingu Samorz\u0105d\u00f3w \u201eRzeczpospolitej\u201d 2025"},"content":{"rendered":"\n<p>Gmina O\u017car\u00f3w Mazowiecki ma powody do dumy \u2013 w najnowszym Rankingu Samorz\u0105d\u00f3w \u201eRzeczpospolitej\u201d 2025 zaj\u0119\u0142a 32 miejsce w\u015br\u00f3d a\u017c 947 gmin miejskich i miejsko-wiejskich, osi\u0105gaj\u0105c tym samym najlepszy wynik w ca\u0142ym powiecie warszawskim zachodnim. To rezultat, kt\u00f3ry dobrze pokazuje skuteczno\u015b\u0107 dzia\u0142a\u0144 lokalnych w\u0142adz, zw\u0142aszcza w zestawieniu z wynikami s\u0105siednich gmin \u2013 B\u0142onie uplasowa\u0142o si\u0119 na miejscu 174, \u0141omianki na 179, a Piast\u00f3w na 203. O\u017car\u00f3w wyra\u017anie wybija si\u0119 wi\u0119c na tle regionu jako samorz\u0105d zarz\u0105dzany w spos\u00f3b stabilny, odpowiedzialny i ukierunkowany na d\u0142ugofalowy rozw\u00f3j.<\/p>\n\n\n\n<p>Ranking Samorz\u0105d\u00f3w organizowany przez \u201eRzeczpospolit\u0105\u201d od ponad dw\u00f3ch dekad uchodzi za jedno z najbardziej wiarygodnych i cenionych zestawie\u0144 samorz\u0105dowych w kraju. Jego si\u0142\u0105 jest niezale\u017cno\u015b\u0107 oraz rygorystyczna metodologia opracowana przez kapitu\u0142\u0119, kt\u00f3rej przewodniczy by\u0142y premier prof. Jerzy Buzek. W sk\u0142ad kapitu\u0142y wchodz\u0105 eksperci reprezentuj\u0105cy \u015brodowiska naukowe, organizacje samorz\u0105dowe, pozarz\u0105dowe oraz redakcj\u0119 \u201eRzeczpospolitej\u201d, co dodatkowo podkre\u015bla merytoryczny charakter oceny.<\/p>\n\n\n\n<p>To w\u0142a\u015bnie przyj\u0119ta przez kapitu\u0142\u0119 metodologia sprawia, \u017ce ranking od lat uznawany jest za rzetelny przegl\u0105d stanu polskich samorz\u0105d\u00f3w. Analizowane s\u0105 m.in. stabilno\u015b\u0107 ekonomiczna, odpowiedzialne zarz\u0105dzanie finansami publicznymi, rozw\u00f3j infrastruktury, dzia\u0142ania na rzecz spo\u0142eczno\u015bci lokalnej, jako\u015b\u0107 \u017cycia mieszka\u0144c\u00f3w, a tak\u017ce polityka \u015brodowiskowa i energetyczna. Dane wykorzystywane w rankingu pochodz\u0105 wy\u0142\u0105cznie z publicznych baz \u2013 GUS, Ministerstwa Finans\u00f3w oraz Ministerstwa Funduszy i Polityki Regionalnej \u2013 co gwarantuje pe\u0142n\u0105 transparentno\u015b\u0107 i wiarygodno\u015b\u0107 ocen.<\/p>\n\n\n\n<p>O\u017car\u00f3w Mazowiecki zosta\u0142 wysoko oceniony na tle niemal tysi\u0105ca innych jednostek dzi\u0119ki konsekwentnemu podej\u015bciu do zr\u00f3wnowa\u017conego rozwoju, inwestycjom w infrastruktur\u0119 komunaln\u0105, dba\u0142o\u015bci o jako\u015b\u0107 \u017cycia mieszka\u0144c\u00f3w oraz efektywnemu wykorzystaniu publicznych \u015brodk\u00f3w. Wyr\u00f3\u017cniono r\u00f3wnie\u017c dzia\u0142ania na rzecz ochrony klimatu i poprawy bezpiecze\u0144stwa energetycznego, kt\u00f3re coraz mocniej wp\u0142ywaj\u0105 na finalny kszta\u0142t rankingu. To wszystko sprawia, \u017ce tegoroczny wynik stanowi nie tylko presti\u017cowe wyr\u00f3\u017cnienie, ale tak\u017ce potwierdzenie, \u017ce gmina jest prowadzona w spos\u00f3b nowoczesny i odpowiedzialny.<\/p>\n\n\n<div class=\"wp-block-image\">\n<figure class=\"aligncenter size-full\"><img loading=\"lazy\" decoding=\"async\" width=\"3495\" height=\"2175\" src=\"https:\/\/naszpowiat.info\/wp-content\/uploads\/2025\/12\/CityHall-OzarowMazowiecki-_20230611.jpg\" alt=\"\" class=\"wp-image-9443\"\/><figcaption class=\"wp-element-caption\">Fot. wikipedia.pl<\/figcaption><\/figure>\n<\/div><div class=\"naszp-po-tresci\" id=\"naszp-193414497\"><script async src=\"\/\/pagead2.googlesyndication.com\/pagead\/js\/adsbygoogle.js?client=ca-pub-5304901113955943\" crossorigin=\"anonymous\"><\/script><ins class=\"adsbygoogle\" style=\"display:block;\" data-ad-client=\"ca-pub-5304901113955943\" \ndata-ad-slot=\"9226873542\" \ndata-ad-format=\"auto\"><\/ins>\n<script> \n(adsbygoogle = window.adsbygoogle || []).push({}); \n<\/script>\n<\/div>","protected":false},"excerpt":{"rendered":"<p>Gmina O\u017car\u00f3w Mazowiecki ma powody do dumy \u2013 w najnowszym Rankingu Samorz\u0105d\u00f3w \u201eRzeczpospolitej\u201d 2025 zaj\u0119\u0142a 32 miejsce w\u015br\u00f3d a\u017c 947 gmin miejskich i miejsko-wiejskich, osi\u0105gaj\u0105c tym samym najlepszy wynik w ca\u0142ym powiecie warszawskim zachodnim. To rezultat, kt\u00f3ry dobrze pokazuje skuteczno\u015b\u0107 dzia\u0142a\u0144 lokalnych w\u0142adz, zw\u0142aszcza w zestawieniu z wynikami s\u0105siednich gmin<span class=\"more-link\"><a href=\"https:\/\/naszpowiat.info\/index.php\/2025\/12\/07\/ozarow-mazowiecki-z-najlepszym-wynikiem-w-powiecie-wysoka-pozycja-w-rankingu-samorzadow-rzeczpospolitej-2025\/\">Czytaj dalej<\/a><\/span><\/p>\n","protected":false},"author":9,"featured_media":9443,"comment_status":"closed","ping_status":"closed","sticky":false,"template":"","format":"standard","meta":{"_monsterinsights_skip_tracking":false,"_monsterinsights_sitenote_active":false,"_monsterinsights_sitenote_note":"","_monsterinsights_sitenote_category":0,"footnotes":""},"categories":[123,28,30,109,39,31,187,59],"tags":[1567,1566,373,126,142,1565,162,1563,818,1564,309,290],"class_list":["entry","author-admin","post-9442","post","type-post","status-publish","format-standard","has-post-thumbnail","category-aktualnosci","category-dla-mieszkanca","category-kultura","category-ozarow-mazowiecki","category-warszawski-zachodni","category-powiaty-mazowieckiego","category-samorzad","category-wydarzenia","tag-bezpieczenstwo-energetyczne","tag-finanse-publiczne","tag-infrastruktura","tag-inwestycje","tag-ozarow-mazowiecki","tag-polityka-lokalna","tag-powiat-warszawski-zachodni","tag-ranking-samorzadow","tag-rozwoj-lokalny","tag-rzeczpospolita","tag-samorzad","tag-wydarzenia"],"aioseo_notices":[],"_links":{"self":[{"href":"https:\/\/naszpowiat.info\/index.php\/wp-json\/wp\/v2\/posts\/9442","targetHints":{"allow":["GET"]}}],"collection":[{"href":"https:\/\/naszpowiat.info\/index.php\/wp-json\/wp\/v2\/posts"}],"about":[{"href":"https:\/\/naszpowiat.info\/index.php\/wp-json\/wp\/v2\/types\/post"}],"author":[{"embeddable":true,"href":"https:\/\/naszpowiat.info\/index.php\/wp-json\/wp\/v2\/users\/9"}],"replies":[{"embeddable":true,"href":"https:\/\/naszpowiat.info\/index.php\/wp-json\/wp\/v2\/comments?post=9442"}],"version-history":[{"count":1,"href":"https:\/\/naszpowiat.info\/index.php\/wp-json\/wp\/v2\/posts\/9442\/revisions"}],"predecessor-version":[{"id":9444,"href":"https:\/\/naszpowiat.info\/index.php\/wp-json\/wp\/v2\/posts\/9442\/revisions\/9444"}],"wp:featuredmedia":[{"embeddable":true,"href":"https:\/\/naszpowiat.info\/index.php\/wp-json\/wp\/v2\/media\/9443"}],"wp:attachment":[{"href":"https:\/\/naszpowiat.info\/index.php\/wp-json\/wp\/v2\/media?parent=9442"}],"wp:term":[{"taxonomy":"category","embeddable":true,"href":"https:\/\/naszpowiat.info\/index.php\/wp-json\/wp\/v2\/categories?post=9442"},{"taxonomy":"post_tag","embeddable":true,"href":"https:\/\/naszpowiat.info\/index.php\/wp-json\/wp\/v2\/tags?post=9442"}],"curies":[{"name":"wp","href":"https:\/\/api.w.org\/{rel}","templated":true}]}}