{"id":9438,"date":"2025-12-06T17:12:24","date_gmt":"2025-12-06T17:12:24","guid":{"rendered":"https:\/\/naszpowiat.info\/?p=9438"},"modified":"2025-12-06T17:12:25","modified_gmt":"2025-12-06T17:12:25","slug":"jarmark-bozonarodzeniowy-w-pruszkowie-juz-7-grudnia-swiateczna-magia-na-placu-jp2","status":"publish","type":"post","link":"https:\/\/naszpowiat.info\/index.php\/2025\/12\/06\/jarmark-bozonarodzeniowy-w-pruszkowie-juz-7-grudnia-swiateczna-magia-na-placu-jp2\/","title":{"rendered":"Jarmark Bo\u017conarodzeniowy w Pruszkowie ju\u017c 7 grudnia &#8211; \u015bwi\u0105teczna magia na Placu JP2"},"content":{"rendered":"\n<p>Plac Jana Paw\u0142a II w Pruszkowie ponownie stanie si\u0119 sercem \u015bwi\u0105tecznych wydarze\u0144, poniewa\u017c 7 grudnia mieszka\u0144cy miasta b\u0119d\u0105 mogli zanurzy\u0107 si\u0119 w wyj\u0105tkowej atmosferze tegorocznego Jarmarku Bo\u017conarodzeniowego. To pe\u0142ne atrakcji, muzyki i rodzinnego klimatu wydarzenie organizowane jest wsp\u00f3lnie przez Miasto Pruszk\u00f3w, Miejski O\u015brodek Kultury \u201eKamyk\u201d, Muzeum Staro\u017cytnego Hutnictwa Mazowieckiego oraz Ksi\u0105\u017cnic\u0119 Pruszkowsk\u0105. W przygotowaniach uczestniczy tak\u017ce Pa\u0144stwowa Szko\u0142a Muzyczna im. Witolda Lutos\u0142awskiego oraz Zesp\u00f3\u0142 Ta\u0144ca Ludowego \u201ePruszkowiacy\u201d, dzi\u0119ki czemu mieszka\u0144cy mog\u0105 liczy\u0107 na niezwykle r\u00f3\u017cnorodny, bogaty program.<\/p>\n\n\n\n<p>Od godziny 11:00 do 20:00 na odwiedzaj\u0105cych czeka\u0107 b\u0119dzie \u015bwi\u0105teczna strefa wystawc\u00f3w, w kt\u00f3rej pojawi si\u0119 r\u0119kodzie\u0142o, bo\u017conarodzeniowe dekoracje i regionalne przysmaki. Na najm\u0142odszych przygotowano liczne atrakcje \u2013 karuzel\u0119 weneck\u0105, kolejk\u0119 \u015bw. Miko\u0142aja, bajkowe postaci, animacje i zabawy, kt\u00f3re przez ca\u0142y dzie\u0144 b\u0119d\u0105 wprowadza\u0107 dzieci w nastr\u00f3j zbli\u017caj\u0105cych si\u0119 \u015bwi\u0105t. Tradycyjnie nie zabraknie r\u00f3wnie\u017c pocz\u0119stunku \u2013 ka\u017cdy b\u0119dzie m\u00f3g\u0142 spr\u00f3bowa\u0107 aromatycznego barszczu z uszkami, a w ramach wsp\u00f3lnego ubierania miejskiej choinki ka\u017cdy, kto przyniesie w\u0142asnor\u0119cznie wykonan\u0105 ozdob\u0119, otrzyma drobny prezent.<\/p>\n\n\n\n<p>Nie zabraknie tak\u017ce muzycznych i kulturalnych akcent\u00f3w. W Urz\u0119dzie Stanu Cywilnego o godzinach 12:00\u201315:00 uczniowie Pa\u0144stwowej Szko\u0142y Muzycznej przygotowali \u015bwi\u0105teczne kol\u0119dowanie, kt\u00f3re dodatkowo podkre\u015bli bo\u017conarodzeniowy klimat miasta. W tym samym czasie Muzeum Staro\u017cytnego Hutnictwa Mazowieckiego zaprosi mieszka\u0144c\u00f3w na wyj\u0105tkowe warsztaty i pokazy. W\u015br\u00f3d przygotowanych propozycji znajduj\u0105 si\u0119 otwarte warsztaty \u201e\u015awiaty z op\u0142atk\u00f3w\u201d, tworzenie s\u0142omianych \u0142a\u0144cuch\u00f3w inspirowanych ludowymi paj\u0105kami czy warsztaty savoir-vivre \u201ePrzy stole o kulturze i historii\u201d. W oran\u017cerii odb\u0119dzie si\u0119 r\u00f3wnie\u017c rekonstrukcja kulinarna z degustacj\u0105 pod tytu\u0142em \u201e\u015awi\u0105teczny st\u00f3\u0142 z prze\u0142omu wiek\u00f3w\u201d, a uczestnicy b\u0119d\u0105 mogli obejrze\u0107 niezwyk\u0142\u0105 wystaw\u0119 poczt\u00f3wek \u201ePok\u0142on Trzech Kr\u00f3li\u201d pochodz\u0105cych z lat 1909\u20131980.<\/p>\n\n\n\n<p>Wydarzeniu towarzyszy\u0107 b\u0119dzie ca\u0142y wachlarz koncert\u00f3w i wyst\u0119p\u00f3w \u2013 od Orkiestry D\u0119tej Pruszkowianka, przez Zesp\u00f3\u0142 Pruszkowskich Senior\u00f3w, po wyst\u0119py \u201ePruszkowiak\u00f3w\u201d, Zespo\u0142u Metafora oraz wokalist\u00f3w MOK \u201eKamyk\u201d. Nie zabraknie r\u00f3wnie\u017c spotka\u0144 z go\u015b\u0107mi \u2013 w tym promocji ksi\u0105\u017cki Magdaleny Brodowicz-Susz \u201eBolu\u015b i pierwsza gwiazdka\u201d, kt\u00f3r\u0105 przeczyta Jaros\u0142aw Boberek. O godzinie 17:00 nast\u0105pi moment kulminacyjny jarmarku \u2013 uroczyste roz\u015bwietlenie miejskiej choinki, po kt\u00f3rym mieszka\u0144cy spotkaj\u0105 si\u0119 przy ciep\u0142ym barszczu, aby wsp\u00f3lnie celebrowa\u0107 radosn\u0105 atmosfer\u0119 \u015bwi\u0105t. Ca\u0142o\u015b\u0107 zwie\u0144czy wyj\u0105tkowy koncert Hani Malaciny-Karpiel wraz z muzykami z Podhala, kt\u00f3ry potrwa od 17:30 do 18:30.<\/p>\n\n\n\n<p>Jarmark Bo\u017conarodzeniowy w Pruszkowie to doskona\u0142a okazja, aby sp\u0119dzi\u0107 czas z rodzin\u0105, przygotowa\u0107 si\u0119 do \u015bwi\u0105t w wyj\u0105tkowej atmosferze, zakupi\u0107 oryginalne prezenty i uczestniczy\u0107 w wydarzeniach, kt\u00f3re integruj\u0105 lokaln\u0105 spo\u0142eczno\u015b\u0107. Organizatorzy serdecznie zapraszaj\u0105 wszystkich mieszka\u0144c\u00f3w \u2013 zar\u00f3wno tych najm\u0142odszych, jak i doros\u0142ych \u2013 do wsp\u00f3lnego rozpocz\u0119cia \u015bwi\u0105tecznego czasu.<\/p>\n\n\n<div class=\"wp-block-image\">\n<figure class=\"aligncenter size-full\"><img loading=\"lazy\" decoding=\"async\" width=\"810\" height=\"1164\" src=\"https:\/\/naszpowiat.info\/wp-content\/uploads\/2025\/12\/Pruszkowski-686-x-986-mm-68.6-x-98.6-mm-1.png\" alt=\"\" class=\"wp-image-9439\"\/><figcaption class=\"wp-element-caption\">Fot. pruszkow.pl<\/figcaption><\/figure>\n<\/div><div class=\"naszp-po-tresci\" id=\"naszp-2007286109\"><script async src=\"\/\/pagead2.googlesyndication.com\/pagead\/js\/adsbygoogle.js?client=ca-pub-5304901113955943\" crossorigin=\"anonymous\"><\/script><ins class=\"adsbygoogle\" style=\"display:block;\" data-ad-client=\"ca-pub-5304901113955943\" \ndata-ad-slot=\"9226873542\" \ndata-ad-format=\"auto\"><\/ins>\n<script> \n(adsbygoogle = window.adsbygoogle || []).push({}); \n<\/script>\n<\/div>","protected":false},"excerpt":{"rendered":"<p>Plac Jana Paw\u0142a II w Pruszkowie ponownie stanie si\u0119 sercem \u015bwi\u0105tecznych wydarze\u0144, poniewa\u017c 7 grudnia mieszka\u0144cy miasta b\u0119d\u0105 mogli zanurzy\u0107 si\u0119 w wyj\u0105tkowej atmosferze tegorocznego Jarmarku Bo\u017conarodzeniowego. To pe\u0142ne atrakcji, muzyki i rodzinnego klimatu wydarzenie organizowane jest wsp\u00f3lnie przez Miasto Pruszk\u00f3w, Miejski O\u015brodek Kultury \u201eKamyk\u201d, Muzeum Staro\u017cytnego Hutnictwa Mazowieckiego oraz<span class=\"more-link\"><a href=\"https:\/\/naszpowiat.info\/index.php\/2025\/12\/06\/jarmark-bozonarodzeniowy-w-pruszkowie-juz-7-grudnia-swiateczna-magia-na-placu-jp2\/\">Czytaj dalej<\/a><\/span><\/p>\n","protected":false},"author":9,"featured_media":9440,"comment_status":"closed","ping_status":"closed","sticky":false,"template":"","format":"standard","meta":{"_monsterinsights_skip_tracking":false,"_monsterinsights_sitenote_active":false,"_monsterinsights_sitenote_note":"","_monsterinsights_sitenote_category":0,"footnotes":""},"categories":[123,28,127,30,38,31,42,166,187,59],"tags":[1526,1562,207,1300,1561,1527,141,309,593,290],"class_list":["entry","author-admin","post-9438","post","type-post","status-publish","format-standard","has-post-thumbnail","category-aktualnosci","category-dla-mieszkanca","category-inwestycje","category-kultura","category-pruszkowski","category-powiaty-mazowieckiego","category-pruszkow","category-rekreacja","category-samorzad","category-wydarzenia","tag-jarmark-bozonarodzeniowy","tag-ksiaznica-pruszkowska","tag-kultura","tag-mok-kamyk","tag-muzeum-starozytnego-hutnictwa-mazowieckiego","tag-plac-jana-pawla-ii","tag-pruszkow","tag-samorzad","tag-swieta-2","tag-wydarzenia"],"aioseo_notices":[],"_links":{"self":[{"href":"https:\/\/naszpowiat.info\/index.php\/wp-json\/wp\/v2\/posts\/9438","targetHints":{"allow":["GET"]}}],"collection":[{"href":"https:\/\/naszpowiat.info\/index.php\/wp-json\/wp\/v2\/posts"}],"about":[{"href":"https:\/\/naszpowiat.info\/index.php\/wp-json\/wp\/v2\/types\/post"}],"author":[{"embeddable":true,"href":"https:\/\/naszpowiat.info\/index.php\/wp-json\/wp\/v2\/users\/9"}],"replies":[{"embeddable":true,"href":"https:\/\/naszpowiat.info\/index.php\/wp-json\/wp\/v2\/comments?post=9438"}],"version-history":[{"count":1,"href":"https:\/\/naszpowiat.info\/index.php\/wp-json\/wp\/v2\/posts\/9438\/revisions"}],"predecessor-version":[{"id":9441,"href":"https:\/\/naszpowiat.info\/index.php\/wp-json\/wp\/v2\/posts\/9438\/revisions\/9441"}],"wp:featuredmedia":[{"embeddable":true,"href":"https:\/\/naszpowiat.info\/index.php\/wp-json\/wp\/v2\/media\/9440"}],"wp:attachment":[{"href":"https:\/\/naszpowiat.info\/index.php\/wp-json\/wp\/v2\/media?parent=9438"}],"wp:term":[{"taxonomy":"category","embeddable":true,"href":"https:\/\/naszpowiat.info\/index.php\/wp-json\/wp\/v2\/categories?post=9438"},{"taxonomy":"post_tag","embeddable":true,"href":"https:\/\/naszpowiat.info\/index.php\/wp-json\/wp\/v2\/tags?post=9438"}],"curies":[{"name":"wp","href":"https:\/\/api.w.org\/{rel}","templated":true}]}}