{"id":9310,"date":"2025-10-28T17:57:43","date_gmt":"2025-10-28T17:57:43","guid":{"rendered":"https:\/\/naszpowiat.info\/?p=9310"},"modified":"2025-10-28T17:57:44","modified_gmt":"2025-10-28T17:57:44","slug":"w-zabkach-upamietniono-bohaterow-tajnego-nauczania-niezwykla-lekcja-historii-i-odwagi","status":"publish","type":"post","link":"https:\/\/naszpowiat.info\/index.php\/2025\/10\/28\/w-zabkach-upamietniono-bohaterow-tajnego-nauczania-niezwykla-lekcja-historii-i-odwagi\/","title":{"rendered":"W Z\u0105bkach upami\u0119tniono Bohater\u00f3w Tajnego Nauczania \u2013 niezwyk\u0142a lekcja historii i odwagi!"},"content":{"rendered":"\n<p>W Szkole Podstawowej nr 1 im. gen. Franciszka Kleeberga w Z\u0105bkach odby\u0142a si\u0119 wyj\u0105tkowa uroczysto\u015b\u0107 \u2013 ods\u0142oni\u0119cie tablicy po\u015bwi\u0119conej nauczycielom i uczniom zaanga\u017cowanym w dzia\u0142alno\u015b\u0107 Tajnego Nauczania w czasie II wojny \u015bwiatowej. Wydarzenie to by\u0142o ho\u0142dem dla tych, kt\u00f3rzy w najtrudniejszych latach okupacji, ryzykuj\u0105c \u017cycie, nie pozwolili zgasn\u0105\u0107 \u015bwiat\u0142u polskiej nauki i ducha narodowego. Uczestnicy uroczysto\u015bci oddali cze\u015b\u0107 ludziom, kt\u00f3rzy mimo zakaz\u00f3w i represji okupanta stworzyli cichy, ale niezwykle wa\u017cny front walki \u2013 walki o wiedz\u0119, \u015bwiadomo\u015b\u0107 i przetrwanie to\u017csamo\u015bci narodowej.<\/p>\n\n\n\n<p>Dzi\u0119ki niez\u0142omnej postawie cz\u0142onk\u00f3w Tajnej Organizacji Nauczycielskiej, tysi\u0105ce m\u0142odych Polak\u00f3w mog\u0142o kontynuowa\u0107 nauk\u0119 w ukryciu, kszta\u0142tuj\u0105c pokolenie, kt\u00f3re po wojnie odbudowywa\u0142o kraj z ruin. Ich odwaga i determinacja by\u0142y dowodem, \u017ce edukacja to nie tylko przekazywanie wiedzy, ale tak\u017ce budowanie ducha narodu.<\/p>\n\n\n\n<p>W imieniu burmistrz Ma\u0142gorzaty Zy\u015bk oraz wszystkich mieszka\u0144c\u00f3w Z\u0105bek kwiaty pod pami\u0105tkow\u0105 tablic\u0105 z\u0142o\u017cy\u0142a Sekretarz Miasta, Patrycja \u017bo\u0142nierzak, oddaj\u0105c symboliczny ho\u0142d tym, kt\u00f3rzy nie tylko walczyli o wolno\u015b\u0107 ojczyzny, ale r\u00f3wnie\u017c o to, by ocali\u0107 w sercach i umys\u0142ach Polak\u00f3w warto\u015bci, kt\u00f3re stanowi\u0105 fundament naszej wsp\u00f3lnoty \u2013 godno\u015b\u0107, honor i niepodleg\u0142o\u015b\u0107.<\/p>\n\n\n\n<p>Po cz\u0119\u015bci oficjalnej uczniowie i nauczyciele szko\u0142y przygotowali poruszaj\u0105ce przedstawienie, kt\u00f3re w niezwykle emocjonalny spos\u00f3b przypomnia\u0142o o bohaterstwie ludzi, dla kt\u00f3rych nauczanie by\u0142o aktem odwagi i patriotyzmu. Publiczno\u015b\u0107 nie kry\u0142a wzruszenia, a ca\u0142e wydarzenie sta\u0142o si\u0119 symboliczn\u0105 lekcj\u0105 historii, przypominaj\u0105c\u0105, \u017ce nawet w najciemniejszych czasach to w\u0142a\u015bnie wiedza i edukacja dawa\u0142y Polakom nadziej\u0119 na wolno\u015b\u0107.<\/p>\n\n\n\n<p>Pami\u0119\u0107 o Tajnej Organizacji Nauczycielskiej to nie tylko wspomnienie o minionej walce, lecz tak\u017ce wyraz szacunku dla znaczenia edukacji w budowaniu silnego i \u015bwiadomego spo\u0142ecze\u0144stwa. Dzisiejsze pokolenia, patrz\u0105c na tych cichych bohater\u00f3w, mog\u0105 z dum\u0105 czerpa\u0107 z ich niez\u0142omno\u015bci i wiary w warto\u015b\u0107 nauki oraz wolno\u015bci.<\/p>\n\n\n<div class=\"wp-block-image\">\n<figure class=\"aligncenter size-full is-resized\"><img loading=\"lazy\" decoding=\"async\" width=\"1200\" height=\"1239\" src=\"https:\/\/naszpowiat.info\/wp-content\/uploads\/2025\/10\/e16280ee-b6b9-4749-aeea-84d8a1fd2e71.jpg\" alt=\"\" class=\"wp-image-9311\" style=\"width:720px;height:auto\"\/><figcaption class=\"wp-element-caption\">Fot. zabki.pl<\/figcaption><\/figure>\n<\/div><div class=\"naszp-po-tresci\" id=\"naszp-1398649586\"><script async src=\"\/\/pagead2.googlesyndication.com\/pagead\/js\/adsbygoogle.js?client=ca-pub-5304901113955943\" crossorigin=\"anonymous\"><\/script><ins class=\"adsbygoogle\" style=\"display:block;\" data-ad-client=\"ca-pub-5304901113955943\" \ndata-ad-slot=\"9226873542\" \ndata-ad-format=\"auto\"><\/ins>\n<script> \n(adsbygoogle = window.adsbygoogle || []).push({}); \n<\/script>\n<\/div>","protected":false},"excerpt":{"rendered":"<p>W Szkole Podstawowej nr 1 im. gen. Franciszka Kleeberga w Z\u0105bkach odby\u0142a si\u0119 wyj\u0105tkowa uroczysto\u015b\u0107 \u2013 ods\u0142oni\u0119cie tablicy po\u015bwi\u0119conej nauczycielom i uczniom zaanga\u017cowanym w dzia\u0142alno\u015b\u0107 Tajnego Nauczania w czasie II wojny \u015bwiatowej. Wydarzenie to by\u0142o ho\u0142dem dla tych, kt\u00f3rzy w najtrudniejszych latach okupacji, ryzykuj\u0105c \u017cycie, nie pozwolili zgasn\u0105\u0107 \u015bwiat\u0142u polskiej<span class=\"more-link\"><a href=\"https:\/\/naszpowiat.info\/index.php\/2025\/10\/28\/w-zabkach-upamietniono-bohaterow-tajnego-nauczania-niezwykla-lekcja-historii-i-odwagi\/\">Czytaj dalej<\/a><\/span><\/p>\n","protected":false},"author":9,"featured_media":9311,"comment_status":"closed","ping_status":"closed","sticky":false,"template":"","format":"standard","meta":{"_monsterinsights_skip_tracking":false,"_monsterinsights_sitenote_active":false,"_monsterinsights_sitenote_note":"","_monsterinsights_sitenote_category":0,"footnotes":""},"categories":[123,28,191,78,30,40,31,187,59,62,61],"tags":[253,1429,273,730,321,751,309,1428,1427,290,130],"class_list":["entry","author-admin","post-9310","post","type-post","status-publish","format-standard","has-post-thumbnail","category-aktualnosci","category-dla-mieszkanca","category-edukacja","category-historia","category-kultura","category-wolominski","category-powiaty-mazowieckiego","category-samorzad","category-wydarzenia","category-zabki-wolominski","category-zabki","tag-edukacja","tag-franciszek-kleeberg","tag-historia","tag-ii-wojna-swiatowa","tag-malgorzata-zysk","tag-patriotyzm","tag-samorzad","tag-szkola-podstawowa-nr-1","tag-tajne-nauczanie","tag-wydarzenia","tag-zabki"],"aioseo_notices":[],"_links":{"self":[{"href":"https:\/\/naszpowiat.info\/index.php\/wp-json\/wp\/v2\/posts\/9310","targetHints":{"allow":["GET"]}}],"collection":[{"href":"https:\/\/naszpowiat.info\/index.php\/wp-json\/wp\/v2\/posts"}],"about":[{"href":"https:\/\/naszpowiat.info\/index.php\/wp-json\/wp\/v2\/types\/post"}],"author":[{"embeddable":true,"href":"https:\/\/naszpowiat.info\/index.php\/wp-json\/wp\/v2\/users\/9"}],"replies":[{"embeddable":true,"href":"https:\/\/naszpowiat.info\/index.php\/wp-json\/wp\/v2\/comments?post=9310"}],"version-history":[{"count":1,"href":"https:\/\/naszpowiat.info\/index.php\/wp-json\/wp\/v2\/posts\/9310\/revisions"}],"predecessor-version":[{"id":9312,"href":"https:\/\/naszpowiat.info\/index.php\/wp-json\/wp\/v2\/posts\/9310\/revisions\/9312"}],"wp:featuredmedia":[{"embeddable":true,"href":"https:\/\/naszpowiat.info\/index.php\/wp-json\/wp\/v2\/media\/9311"}],"wp:attachment":[{"href":"https:\/\/naszpowiat.info\/index.php\/wp-json\/wp\/v2\/media?parent=9310"}],"wp:term":[{"taxonomy":"category","embeddable":true,"href":"https:\/\/naszpowiat.info\/index.php\/wp-json\/wp\/v2\/categories?post=9310"},{"taxonomy":"post_tag","embeddable":true,"href":"https:\/\/naszpowiat.info\/index.php\/wp-json\/wp\/v2\/tags?post=9310"}],"curies":[{"name":"wp","href":"https:\/\/api.w.org\/{rel}","templated":true}]}}