{"id":9307,"date":"2025-10-27T18:07:51","date_gmt":"2025-10-27T18:07:51","guid":{"rendered":"https:\/\/naszpowiat.info\/?p=9307"},"modified":"2025-10-27T18:07:54","modified_gmt":"2025-10-27T18:07:54","slug":"nowy-radiowoz-zasili-flote-strazy-miejskiej-w-zabkach","status":"publish","type":"post","link":"https:\/\/naszpowiat.info\/index.php\/2025\/10\/27\/nowy-radiowoz-zasili-flote-strazy-miejskiej-w-zabkach\/","title":{"rendered":"Nowy radiow\u00f3z zasili flot\u0119 Stra\u017cy Miejskiej w Z\u0105bkach"},"content":{"rendered":"\n<p>Stra\u017c Miejska w Z\u0105bkach wzbogaci\u0142a si\u0119 o nowoczesny radiow\u00f3z, kt\u00f3ry ma usprawni\u0107 codzienn\u0105 prac\u0119 funkcjonariuszy i zwi\u0119kszy\u0107 bezpiecze\u0144stwo mieszka\u0144c\u00f3w. Nowy pojazd zosta\u0142 oficjalnie zaprezentowany podczas dzisiejszej Sesji Rady Miasta przez Komendanta Artura Lewandowskiego, kt\u00f3ry podkre\u015bli\u0142, \u017ce zakup radiowozu to kolejny wa\u017cny krok w kierunku rozwoju s\u0142u\u017cb miejskich oraz poprawy skuteczno\u015bci ich dzia\u0142a\u0144. Nowoczesny samoch\u00f3d zosta\u0142 w pe\u0142ni dostosowany do potrzeb stra\u017cnik\u00f3w \u2013 wyposa\u017cony w systemy wspieraj\u0105ce szybkie reagowanie na zg\u0142oszenia, nowy sprz\u0119t komunikacyjny i rozwi\u0105zania poprawiaj\u0105ce komfort oraz bezpiecze\u0144stwo podczas patroli.<\/p>\n\n\n\n<p>Jak zaznaczy\u0142 Komendant Lewandowski, inwestycja ta to wyraz troski w\u0142adz miasta o bezpiecze\u0144stwo mieszka\u0144c\u00f3w i lepsze warunki pracy funkcjonariuszy, kt\u00f3rzy ka\u017cdego dnia dbaj\u0105 o porz\u0105dek publiczny, reaguj\u0105 na zg\u0142oszenia oraz wspieraj\u0105 dzia\u0142ania s\u0142u\u017cb ratunkowych. Nowy radiow\u00f3z umo\u017cliwi sprawniejszy dojazd do interwencji, a tak\u017ce zwi\u0119kszy mobilno\u015b\u0107 Stra\u017cy Miejskiej w codziennej s\u0142u\u017cbie.<\/p>\n\n\n\n<p>Zakup pojazdu to element konsekwentnie realizowanej strategii modernizacji z\u0105bkowskich s\u0142u\u017cb miejskich, kt\u00f3ra ma na celu zapewnienie mieszka\u0144com jeszcze wi\u0119kszego poczucia bezpiecze\u0144stwa i komfortu \u017cycia. Dzi\u0119ki inwestycjom w nowy sprz\u0119t i flot\u0119, Stra\u017c Miejska w Z\u0105bkach staje si\u0119 coraz bardziej profesjonalna i przygotowana na wyzwania wsp\u00f3\u0142czesnego miasta.<\/p>\n\n\n<div class=\"wp-block-image\">\n<figure class=\"aligncenter size-full is-resized\"><img loading=\"lazy\" decoding=\"async\" width=\"3599\" height=\"2164\" src=\"https:\/\/naszpowiat.info\/wp-content\/uploads\/2025\/10\/img-56092.jpg\" alt=\"\" class=\"wp-image-9308\" style=\"width:767px;height:auto\"\/><figcaption class=\"wp-element-caption\">Fot. zabki.pl<\/figcaption><\/figure>\n<\/div><div class=\"naszp-po-tresci\" id=\"naszp-3304873475\"><script async src=\"\/\/pagead2.googlesyndication.com\/pagead\/js\/adsbygoogle.js?client=ca-pub-5304901113955943\" crossorigin=\"anonymous\"><\/script><ins class=\"adsbygoogle\" style=\"display:block;\" data-ad-client=\"ca-pub-5304901113955943\" \ndata-ad-slot=\"9226873542\" \ndata-ad-format=\"auto\"><\/ins>\n<script> \n(adsbygoogle = window.adsbygoogle || []).push({}); \n<\/script>\n<\/div>","protected":false},"excerpt":{"rendered":"<p>Stra\u017c Miejska w Z\u0105bkach wzbogaci\u0142a si\u0119 o nowoczesny radiow\u00f3z, kt\u00f3ry ma usprawni\u0107 codzienn\u0105 prac\u0119 funkcjonariuszy i zwi\u0119kszy\u0107 bezpiecze\u0144stwo mieszka\u0144c\u00f3w. Nowy pojazd zosta\u0142 oficjalnie zaprezentowany podczas dzisiejszej Sesji Rady Miasta przez Komendanta Artura Lewandowskiego, kt\u00f3ry podkre\u015bli\u0142, \u017ce zakup radiowozu to kolejny wa\u017cny krok w kierunku rozwoju s\u0142u\u017cb miejskich oraz poprawy skuteczno\u015bci<span class=\"more-link\"><a href=\"https:\/\/naszpowiat.info\/index.php\/2025\/10\/27\/nowy-radiowoz-zasili-flote-strazy-miejskiej-w-zabkach\/\">Czytaj dalej<\/a><\/span><\/p>\n","protected":false},"author":9,"featured_media":9308,"comment_status":"closed","ping_status":"closed","sticky":false,"template":"","format":"standard","meta":{"_monsterinsights_skip_tracking":false,"_monsterinsights_sitenote_active":false,"_monsterinsights_sitenote_note":"","_monsterinsights_sitenote_category":0,"footnotes":""},"categories":[123,172,186,28,127,40,31,187,59,61,62],"tags":[309,290,130],"class_list":["entry","author-admin","post-9307","post","type-post","status-publish","format-standard","has-post-thumbnail","category-aktualnosci","category-bezpieczenstwo","category-budzet","category-dla-mieszkanca","category-inwestycje","category-wolominski","category-powiaty-mazowieckiego","category-samorzad","category-wydarzenia","category-zabki","category-zabki-wolominski","tag-samorzad","tag-wydarzenia","tag-zabki"],"aioseo_notices":[],"_links":{"self":[{"href":"https:\/\/naszpowiat.info\/index.php\/wp-json\/wp\/v2\/posts\/9307","targetHints":{"allow":["GET"]}}],"collection":[{"href":"https:\/\/naszpowiat.info\/index.php\/wp-json\/wp\/v2\/posts"}],"about":[{"href":"https:\/\/naszpowiat.info\/index.php\/wp-json\/wp\/v2\/types\/post"}],"author":[{"embeddable":true,"href":"https:\/\/naszpowiat.info\/index.php\/wp-json\/wp\/v2\/users\/9"}],"replies":[{"embeddable":true,"href":"https:\/\/naszpowiat.info\/index.php\/wp-json\/wp\/v2\/comments?post=9307"}],"version-history":[{"count":1,"href":"https:\/\/naszpowiat.info\/index.php\/wp-json\/wp\/v2\/posts\/9307\/revisions"}],"predecessor-version":[{"id":9309,"href":"https:\/\/naszpowiat.info\/index.php\/wp-json\/wp\/v2\/posts\/9307\/revisions\/9309"}],"wp:featuredmedia":[{"embeddable":true,"href":"https:\/\/naszpowiat.info\/index.php\/wp-json\/wp\/v2\/media\/9308"}],"wp:attachment":[{"href":"https:\/\/naszpowiat.info\/index.php\/wp-json\/wp\/v2\/media?parent=9307"}],"wp:term":[{"taxonomy":"category","embeddable":true,"href":"https:\/\/naszpowiat.info\/index.php\/wp-json\/wp\/v2\/categories?post=9307"},{"taxonomy":"post_tag","embeddable":true,"href":"https:\/\/naszpowiat.info\/index.php\/wp-json\/wp\/v2\/tags?post=9307"}],"curies":[{"name":"wp","href":"https:\/\/api.w.org\/{rel}","templated":true}]}}