{"id":9301,"date":"2025-10-25T17:09:29","date_gmt":"2025-10-25T17:09:29","guid":{"rendered":"https:\/\/naszpowiat.info\/?p=9301"},"modified":"2025-10-25T17:09:32","modified_gmt":"2025-10-25T17:09:32","slug":"50-lat-historii-wspomnien-i-emocji-jubileusz-szkoly-podstawowej-nr-4-w-pruszkowie","status":"publish","type":"post","link":"https:\/\/naszpowiat.info\/index.php\/2025\/10\/25\/50-lat-historii-wspomnien-i-emocji-jubileusz-szkoly-podstawowej-nr-4-w-pruszkowie\/","title":{"rendered":"50 lat historii, wspomnie\u0144 i emocji \u2013 Jubileusz Szko\u0142y Podstawowej nr 4 w Pruszkowie"},"content":{"rendered":"\n<p>W pi\u0105tkowe popo\u0142udnie w Szkole Podstawowej nr 4 im. Jana Paw\u0142a II w Pruszkowie odby\u0142a si\u0119 wyj\u0105tkowa uroczysto\u015b\u0107 \u2013 jubileusz 50-lecia istnienia plac\u00f3wki. To wydarzenie zgromadzi\u0142o wielu go\u015bci, w\u015br\u00f3d kt\u00f3rych znalaz\u0142 si\u0119 r\u00f3wnie\u017c Prezydent Miasta Pruszkowa, Piotr B\u0105k \u2013 absolwent tej w\u0142a\u015bnie szko\u0142y. \u201eStoj\u0119 przed Pa\u0144stwem jako prezydent i jako absolwent. Troch\u0119 si\u0119 wzruszam, prosz\u0119 wybaczy\u0107\u201d \u2013 powiedzia\u0142, witaj\u0105c zgromadzonych.<\/p>\n\n\n\n<p>Uroczysto\u015b\u0107 rozpocz\u0119\u0142a si\u0119 od wprowadzenia sztandar\u00f3w szk\u00f3\u0142 oraz wsp\u00f3lnego od\u015bpiewania hymnu pa\u0144stwowego. Nast\u0119pnie g\u0142os zabra\u0142a dyrektor szko\u0142y, Maria Stawska, kt\u00f3ra powita\u0142a by\u0142e dyrektorki plac\u00f3wki \u2013 Hann\u0119 Krzy\u017ca\u0144sk\u0105, Mari\u0119 Sybilsk\u0105-Jurga\u015b, Joann\u0119 \u0141ugowsk\u0105-Szostek i Ew\u0119 Nowack\u0105 \u2013 a tak\u017ce duchowie\u0144stwo, rodzic\u00f3w, uczni\u00f3w, absolwent\u00f3w i przyjaci\u00f3\u0142 szko\u0142y. \u201eDzisiejszy dzie\u0144 to nie tylko jubileusz \u2014 to \u015bwi\u0119to wsp\u00f3lnoty i pami\u0119ci. Czw\u00f3rka to miejsce wyj\u0105tkowe. Przez p\u00f3\u0142 wieku by\u0142a przestrzeni\u0105, w kt\u00f3rej rodzi\u0142y si\u0119 marzenia, przyja\u017anie, pasje i warto\u015bci\u201d \u2013 podkre\u015bla\u0142a dyrektor Stawska.<\/p>\n\n\n\n<p>W swoim przem\u00f3wieniu dzi\u0119kowa\u0142a wszystkim, kt\u00f3rzy tworzyli i tworz\u0105 histori\u0119 szko\u0142y: nauczycielom za pasj\u0119 i cierpliwo\u015b\u0107, rodzicom za zaufanie, uczniom za rado\u015b\u0107 i ciekawo\u015b\u0107 \u015bwiata, a absolwentom za pami\u0119\u0107 i powroty w szkolne mury. \u201eNiech ten jubileusz b\u0119dzie nie tylko okazj\u0105 do \u015bwi\u0119towania, ale te\u017c impulsem do dalszego rozwoju. Niech Czw\u00f3rka nadal b\u0119dzie miejscem, w kt\u00f3rym dzieci czuj\u0105 si\u0119 bezpieczne, wspierane i wa\u017cne, a nauczyciele maj\u0105 poczucie spe\u0142nienia i satysfakcji\u201d \u2013 doda\u0142a.<\/p>\n\n\n\n<p>Z du\u017cym wzruszeniem przemawia\u0142 r\u00f3wnie\u017c prezydent Pruszkowa, Piotr B\u0105k, kt\u00f3ry przypomnia\u0142, \u017ce historia szko\u0142y rozpocz\u0119\u0142a si\u0119 wraz z dzia\u0142alno\u015bci\u0105 Szko\u0142y Podstawowej nr 12 im. Janusza Kusoci\u0144skiego. To wtedy plac\u00f3wka zyska\u0142a sportowego ducha i lekkoatletyczny charakter. W kolejnych latach przekszta\u0142ci\u0142a si\u0119 w Gimnazjum nr 4 im. Jana Paw\u0142a II, zyskuj\u0105c nowy, humanistyczny wymiar wychowawczy. Dzi\u015b kontynuuje t\u0119 tradycj\u0119 jako Szko\u0142a Podstawowa nr 4 im. Jana Paw\u0142a II \u2013 \u0142\u0105cz\u0105c ducha sportowej rywalizacji z warto\u015bciami g\u0142oszonymi przez papie\u017ca Polaka.<\/p>\n\n\n\n<p>Nie zabrak\u0142o wzruszaj\u0105cych wspomnie\u0144 by\u0142ych dyrektorek. Hanna Krzy\u017ca\u0144ska, kt\u00f3ra kierowa\u0142a szko\u0142\u0105 w latach 1976\u20131990, przypomnia\u0142a: \u201eMieli\u015bmy wielu wspania\u0142ych absolwent\u00f3w. Szczeg\u00f3lnie zapami\u0119ta\u0142am dw\u00f3ch takich ma\u0142ych, kt\u00f3rzy co prawda nie ukradli ksi\u0119\u017cyca, ale jeden z nich zosta\u0142 prezydentem Pruszkowa.\u201d Maria Sybilska-Jurga\u015b, dyrektorka w latach 1990\u20132011, z u\u015bmiechem m\u00f3wi\u0142a o wdzi\u0119czno\u015bci i wi\u0119zi, kt\u00f3ra pozosta\u0142a mi\u0119dzy ni\u0105 a szko\u0142\u0105: \u201ePrzez 14 lat na emeryturze nie by\u0142o roku, \u017ceby\u015bcie o mnie zapomnieli. Dzi\u0119kuj\u0119 za pami\u0119\u0107.\u201d Z kolei Ewa Nowacka, obecna w plac\u00f3wce od 1975 roku \u2013 najpierw jako uczennica, p\u00f3\u017aniej jako nauczycielka i dyrektorka \u2013 m\u00f3wi\u0142a z emocjami: \u201eTa szko\u0142a to ca\u0142e moje \u017cycie. Dzi\u015b uczniowie tej szko\u0142y, absolwenci, tworz\u0105 histori\u0119 naszego miasta.\u201d<\/p>\n\n\n\n<p>Podczas jubileuszu g\u0142os zabra\u0142a tak\u017ce Agnieszka Niewiadomska, przewodnicz\u0105ca Rady Rodzic\u00f3w. Przywo\u0142uj\u0105c s\u0142owa Nelsona Mandeli \u2013 \u201eEdukacja to najpot\u0119\u017cniejsza bro\u0144, kt\u00f3rej mo\u017cesz u\u017cy\u0107, aby zmieni\u0107 \u015bwiat\u201d \u2013 podkre\u015bli\u0142a, \u017ce szko\u0142a od p\u00f3\u0142 wieku zmienia \u015bwiat poprzez dzieci, kt\u00f3re w niej dorastaj\u0105, ucz\u0105 si\u0119 i marz\u0105.<\/p>\n\n\n\n<p>Uroczysto\u015b\u0107 dope\u0142ni\u0142y wyst\u0119py ch\u00f3ru szkolnego oraz projekcja filmu dokumentuj\u0105cego histori\u0119 szko\u0142y \u2013 od jej powstania w 1975 roku, przez kolejne etapy rozwoju i zmiany, a\u017c po wsp\u00f3\u0142czesno\u015b\u0107. Wspomnienia nauczycieli, absolwent\u00f3w i przyjaci\u00f3\u0142 szko\u0142y nada\u0142y wydarzeniu niezwykle emocjonalny charakter. \u201eJeste\u015bmy dumni, \u017ce przez p\u00f3\u0142 wieku nasza szko\u0142a by\u0142a miejscem nauki, sportu, rozwoju, przyja\u017ani i wsp\u00f3lnego budowania przysz\u0142o\u015bci\u201d \u2013 podsumowa\u0142a dyrektor Maria Stawska.<\/p>\n\n\n<div class=\"wp-block-image\">\n<figure class=\"aligncenter size-full\"><img loading=\"lazy\" decoding=\"async\" width=\"2048\" height=\"1348\" src=\"https:\/\/naszpowiat.info\/wp-content\/uploads\/2025\/10\/a0c37b693da5b909c85dc1e9bbeed08e-1.jpeg\" alt=\"\" class=\"wp-image-9305\"\/><figcaption class=\"wp-element-caption\">Fot. pruszkow.pl<\/figcaption><\/figure>\n<\/div><div class=\"naszp-po-tresci\" id=\"naszp-1556110355\"><script async src=\"\/\/pagead2.googlesyndication.com\/pagead\/js\/adsbygoogle.js?client=ca-pub-5304901113955943\" crossorigin=\"anonymous\"><\/script><ins class=\"adsbygoogle\" style=\"display:block;\" data-ad-client=\"ca-pub-5304901113955943\" \ndata-ad-slot=\"9226873542\" \ndata-ad-format=\"auto\"><\/ins>\n<script> \n(adsbygoogle = window.adsbygoogle || []).push({}); \n<\/script>\n<\/div>","protected":false},"excerpt":{"rendered":"<p>W pi\u0105tkowe popo\u0142udnie w Szkole Podstawowej nr 4 im. Jana Paw\u0142a II w Pruszkowie odby\u0142a si\u0119 wyj\u0105tkowa uroczysto\u015b\u0107 \u2013 jubileusz 50-lecia istnienia plac\u00f3wki. To wydarzenie zgromadzi\u0142o wielu go\u015bci, w\u015br\u00f3d kt\u00f3rych znalaz\u0142 si\u0119 r\u00f3wnie\u017c Prezydent Miasta Pruszkowa, Piotr B\u0105k \u2013 absolwent tej w\u0142a\u015bnie szko\u0142y. \u201eStoj\u0119 przed Pa\u0144stwem jako prezydent i jako<span class=\"more-link\"><a href=\"https:\/\/naszpowiat.info\/index.php\/2025\/10\/25\/50-lat-historii-wspomnien-i-emocji-jubileusz-szkoly-podstawowej-nr-4-w-pruszkowie\/\">Czytaj dalej<\/a><\/span><\/p>\n","protected":false},"author":9,"featured_media":9304,"comment_status":"closed","ping_status":"closed","sticky":false,"template":"","format":"standard","meta":{"_monsterinsights_skip_tracking":false,"_monsterinsights_sitenote_active":false,"_monsterinsights_sitenote_note":"","_monsterinsights_sitenote_category":0,"footnotes":""},"categories":[123,28,191,78,30,38,31,42,187,59],"tags":[253,1424,1389,1423,867,141,309,1422,290],"class_list":["entry","author-admin","post-9301","post","type-post","status-publish","format-standard","has-post-thumbnail","category-aktualnosci","category-dla-mieszkanca","category-edukacja","category-historia","category-kultura","category-pruszkowski","category-powiaty-mazowieckiego","category-pruszkow","category-samorzad","category-wydarzenia","tag-edukacja","tag-historia-szkoly","tag-jan-pawel-ii","tag-jubileusz-50-lecia","tag-piotr-bak","tag-pruszkow","tag-samorzad","tag-szkola-podstawowa-nr-4","tag-wydarzenia"],"aioseo_notices":[],"_links":{"self":[{"href":"https:\/\/naszpowiat.info\/index.php\/wp-json\/wp\/v2\/posts\/9301","targetHints":{"allow":["GET"]}}],"collection":[{"href":"https:\/\/naszpowiat.info\/index.php\/wp-json\/wp\/v2\/posts"}],"about":[{"href":"https:\/\/naszpowiat.info\/index.php\/wp-json\/wp\/v2\/types\/post"}],"author":[{"embeddable":true,"href":"https:\/\/naszpowiat.info\/index.php\/wp-json\/wp\/v2\/users\/9"}],"replies":[{"embeddable":true,"href":"https:\/\/naszpowiat.info\/index.php\/wp-json\/wp\/v2\/comments?post=9301"}],"version-history":[{"count":1,"href":"https:\/\/naszpowiat.info\/index.php\/wp-json\/wp\/v2\/posts\/9301\/revisions"}],"predecessor-version":[{"id":9306,"href":"https:\/\/naszpowiat.info\/index.php\/wp-json\/wp\/v2\/posts\/9301\/revisions\/9306"}],"wp:featuredmedia":[{"embeddable":true,"href":"https:\/\/naszpowiat.info\/index.php\/wp-json\/wp\/v2\/media\/9304"}],"wp:attachment":[{"href":"https:\/\/naszpowiat.info\/index.php\/wp-json\/wp\/v2\/media?parent=9301"}],"wp:term":[{"taxonomy":"category","embeddable":true,"href":"https:\/\/naszpowiat.info\/index.php\/wp-json\/wp\/v2\/categories?post=9301"},{"taxonomy":"post_tag","embeddable":true,"href":"https:\/\/naszpowiat.info\/index.php\/wp-json\/wp\/v2\/tags?post=9301"}],"curies":[{"name":"wp","href":"https:\/\/api.w.org\/{rel}","templated":true}]}}