{"id":9295,"date":"2025-10-23T16:19:37","date_gmt":"2025-10-23T16:19:37","guid":{"rendered":"https:\/\/naszpowiat.info\/?p=9295"},"modified":"2025-10-23T16:19:40","modified_gmt":"2025-10-23T16:19:40","slug":"klaudia-krajewska-z-powiatu-legionowskiego-znow-w-swiatowej-czolowce-srebrny-medal-w-ekstremalnym-biegu-po-schodach-w-makau","status":"publish","type":"post","link":"https:\/\/naszpowiat.info\/index.php\/2025\/10\/23\/klaudia-krajewska-z-powiatu-legionowskiego-znow-w-swiatowej-czolowce-srebrny-medal-w-ekstremalnym-biegu-po-schodach-w-makau\/","title":{"rendered":"Klaudia Krajewska z powiatu legionowskiego zn\u00f3w w \u015bwiatowej czo\u0142\u00f3wce! Srebrny medal w ekstremalnym biegu po schodach w Makau"},"content":{"rendered":"\n<p>Mieszkanka powiatu legionowskiego, Klaudia Krajewska, po raz kolejny udowodni\u0142a, \u017ce nale\u017cy do \u015bcis\u0142ej \u015bwiatowej czo\u0142\u00f3wki w biegach po schodach. Podczas presti\u017cowego Macau Oxfam Towerrun 2025, kt\u00f3ry odby\u0142 si\u0119 19 pa\u017adziernika, zaj\u0119\u0142a znakomite drugie miejsce, pokonuj\u0105c 1298 schod\u00f3w i 61 pi\u0119ter w czasie 9 minut i 12 sekund. To wyj\u0105tkowy wynik, szczeg\u00f3lnie bior\u0105c pod uwag\u0119 trudne warunki atmosferyczne \u2013 wysoka wilgotno\u015b\u0107 i upa\u0142 w Makau da\u0142y si\u0119 we znaki wszystkim uczestnikom, a dodatkowym wyzwaniem by\u0142 jetlag po d\u0142ugiej podr\u00f3\u017cy z Europy. Mimo to Krajewska utrzyma\u0142a znakomite tempo i do zwyci\u0119\u017cczyni z Japonii straci\u0142a zaledwie 8 sekund, co tylko potwierdza jej ogromne sportowe mo\u017cliwo\u015bci oraz konsekwencj\u0119 w d\u0105\u017ceniu do celu.<\/p>\n\n\n\n<p>Macau Oxfam Towerrun to jedno z najbardziej wymagaj\u0105cych wydarze\u0144 w kalendarzu bieg\u00f3w po schodach \u2013 zawodnicy musz\u0105 wspi\u0105\u0107 si\u0119 na szczyt jednego z najwy\u017cszych budynk\u00f3w w Azji, rywalizuj\u0105c na ekstremalnie d\u0142ugim i stromym dystansie. W tym roku w zawodach wystartowa\u0142o kilkuset biegaczy z ca\u0142ego \u015bwiata, w tym najlepsi specjali\u015bci z Japonii, Chin, Niemiec i Polski. Klaudia Krajewska, reprezentuj\u0105ca Polsk\u0119 ju\u017c od kilku sezon\u00f3w na mi\u0119dzynarodowych arenach, po raz kolejny pokaza\u0142a determinacj\u0119, znakomit\u0105 kondycj\u0119 oraz do\u015bwiadczenie, kt\u00f3re pozwoli\u0142y jej stan\u0105\u0107 na podium.<\/p>\n\n\n\n<p>To nie pierwszy raz, gdy zawodniczka z Legionowa udowadnia swoj\u0105 klas\u0119 \u2013 w poprzednich edycjach presti\u017cowych zawod\u00f3w w Azji i Europie wielokrotnie plasowa\u0142a si\u0119 w czo\u0142\u00f3wce, regularnie bij\u0105c w\u0142asne rekordy. Jej wyst\u0119p w Makau to kolejny dow\u00f3d na to, \u017ce polscy sportowcy z powodzeniem rywalizuj\u0105 na najbardziej wymagaj\u0105cych trasach \u015bwiata. Gratulujemy Klaudii Krajewskiej tego imponuj\u0105cego osi\u0105gni\u0119cia i \u017cyczymy dalszych sukces\u00f3w w nadchodz\u0105cych startach!<\/p>\n\n\n<div class=\"wp-block-image\">\n<figure class=\"aligncenter size-full is-resized\"><img loading=\"lazy\" decoding=\"async\" width=\"1170\" height=\"636\" src=\"https:\/\/naszpowiat.info\/wp-content\/uploads\/2025\/10\/566208925-122148468638697221-6622453589234750167-n.jpg\" alt=\"\" class=\"wp-image-9296\" style=\"width:760px;height:auto\"\/><figcaption class=\"wp-element-caption\">Fot. powiat-legionowski.pl<\/figcaption><\/figure>\n<\/div><div class=\"naszp-po-tresci\" id=\"naszp-4175311394\"><script async src=\"\/\/pagead2.googlesyndication.com\/pagead\/js\/adsbygoogle.js?client=ca-pub-5304901113955943\" crossorigin=\"anonymous\"><\/script><ins class=\"adsbygoogle\" style=\"display:block;\" data-ad-client=\"ca-pub-5304901113955943\" \ndata-ad-slot=\"9226873542\" \ndata-ad-format=\"auto\"><\/ins>\n<script> \n(adsbygoogle = window.adsbygoogle || []).push({}); \n<\/script>\n<\/div>","protected":false},"excerpt":{"rendered":"<p>Mieszkanka powiatu legionowskiego, Klaudia Krajewska, po raz kolejny udowodni\u0142a, \u017ce nale\u017cy do \u015bcis\u0142ej \u015bwiatowej czo\u0142\u00f3wki w biegach po schodach. Podczas presti\u017cowego Macau Oxfam Towerrun 2025, kt\u00f3ry odby\u0142 si\u0119 19 pa\u017adziernika, zaj\u0119\u0142a znakomite drugie miejsce, pokonuj\u0105c 1298 schod\u00f3w i 61 pi\u0119ter w czasie 9 minut i 12 sekund. To wyj\u0105tkowy wynik,<span class=\"more-link\"><a href=\"https:\/\/naszpowiat.info\/index.php\/2025\/10\/23\/klaudia-krajewska-z-powiatu-legionowskiego-znow-w-swiatowej-czolowce-srebrny-medal-w-ekstremalnym-biegu-po-schodach-w-makau\/\">Czytaj dalej<\/a><\/span><\/p>\n","protected":false},"author":9,"featured_media":9296,"comment_status":"closed","ping_status":"closed","sticky":false,"template":"","format":"standard","meta":{"_monsterinsights_skip_tracking":false,"_monsterinsights_sitenote_active":false,"_monsterinsights_sitenote_note":"","_monsterinsights_sitenote_category":0,"footnotes":""},"categories":[123,28,30,33,31,166,157,59,228],"tags":[1414,1413,1416,165,1415,1417,140,309,138,290],"class_list":["entry","author-admin","post-9295","post","type-post","status-publish","format-standard","has-post-thumbnail","category-aktualnosci","category-dla-mieszkanca","category-kultura","category-legionowski","category-powiaty-mazowieckiego","category-rekreacja","category-sport","category-wydarzenia","category-zdrowie","tag-bieg-po-schodach","tag-biegi-ekstremalne","tag-klaudia-krajewska","tag-legionowo","tag-macau-oxfam-towerrun","tag-makau","tag-powiat-legionowski","tag-samorzad","tag-sport","tag-wydarzenia"],"aioseo_notices":[],"_links":{"self":[{"href":"https:\/\/naszpowiat.info\/index.php\/wp-json\/wp\/v2\/posts\/9295","targetHints":{"allow":["GET"]}}],"collection":[{"href":"https:\/\/naszpowiat.info\/index.php\/wp-json\/wp\/v2\/posts"}],"about":[{"href":"https:\/\/naszpowiat.info\/index.php\/wp-json\/wp\/v2\/types\/post"}],"author":[{"embeddable":true,"href":"https:\/\/naszpowiat.info\/index.php\/wp-json\/wp\/v2\/users\/9"}],"replies":[{"embeddable":true,"href":"https:\/\/naszpowiat.info\/index.php\/wp-json\/wp\/v2\/comments?post=9295"}],"version-history":[{"count":1,"href":"https:\/\/naszpowiat.info\/index.php\/wp-json\/wp\/v2\/posts\/9295\/revisions"}],"predecessor-version":[{"id":9297,"href":"https:\/\/naszpowiat.info\/index.php\/wp-json\/wp\/v2\/posts\/9295\/revisions\/9297"}],"wp:featuredmedia":[{"embeddable":true,"href":"https:\/\/naszpowiat.info\/index.php\/wp-json\/wp\/v2\/media\/9296"}],"wp:attachment":[{"href":"https:\/\/naszpowiat.info\/index.php\/wp-json\/wp\/v2\/media?parent=9295"}],"wp:term":[{"taxonomy":"category","embeddable":true,"href":"https:\/\/naszpowiat.info\/index.php\/wp-json\/wp\/v2\/categories?post=9295"},{"taxonomy":"post_tag","embeddable":true,"href":"https:\/\/naszpowiat.info\/index.php\/wp-json\/wp\/v2\/tags?post=9295"}],"curies":[{"name":"wp","href":"https:\/\/api.w.org\/{rel}","templated":true}]}}