{"id":9217,"date":"2025-08-25T13:11:15","date_gmt":"2025-08-25T13:11:15","guid":{"rendered":"https:\/\/naszpowiat.info\/?p=9217"},"modified":"2025-08-25T13:11:16","modified_gmt":"2025-08-25T13:11:16","slug":"wzmozony-ruch-pojazdow-wojskowych-w-zwiazku-z-cwiczeniami-zelazna-brama-25","status":"publish","type":"post","link":"https:\/\/naszpowiat.info\/index.php\/2025\/08\/25\/wzmozony-ruch-pojazdow-wojskowych-w-zwiazku-z-cwiczeniami-zelazna-brama-25\/","title":{"rendered":"Wzmo\u017cony ruch pojazd\u00f3w wojskowych w zwi\u0105zku z \u0107wiczeniami \u201e\u017bELAZNA BRAMA 25\u201d"},"content":{"rendered":"\n<p>W najbli\u017cszych dniach mieszka\u0144cy regionu mog\u0105 zaobserwowa\u0107 wzmo\u017cony ruch kolumn pojazd\u00f3w wojskowych. Zwi\u0105zane jest to z \u0107wiczeniem wojskowym <strong>\u201e\u017belazna Brama 25\u201d<\/strong>, kt\u00f3re ma charakter szkoleniowy i nie jest reakcj\u0105 na \u017cadne realne zagro\u017cenie.<\/p>\n\n\n\n<p>\ud83d\udcc5 <strong>Terminy przejazd\u00f3w:<\/strong><\/p>\n\n\n\n<ul class=\"wp-block-list\">\n<li>25\u201329 sierpnia 2025 r.<\/li>\n\n\n\n<li>3 wrze\u015bnia 2025 r.<\/li>\n\n\n\n<li>8\u20139 wrze\u015bnia 2025 r.<\/li>\n<\/ul>\n\n\n\n<p>\ud83d\ude9b <strong>Trasa przejazdu kolumn wojskowych:<\/strong><br>Zamo\u015b\u0107 \u2013 Lublin \u2013 Ko\u0142biel \u2013 \u0141och\u00f3w \u2013 Ostr\u00f3w Mazowiecka \u2013 Klusy \u2013 Orzysz.<\/p>\n\n\n\n<hr class=\"wp-block-separator has-alpha-channel-opacity\"\/>\n\n\n\n<h3 class=\"wp-block-heading\">Wa\u017cne informacje dla kierowc\u00f3w:<\/h3>\n\n\n\n<ul class=\"wp-block-list\">\n<li>ruch wojsk b\u0119dzie odbywa\u0142 si\u0119 zgodnie z przepisami i pod nadzorem,<\/li>\n\n\n\n<li>przejazdy zostan\u0105 skoordynowane, aby ograniczy\u0107 utrudnienia w ruchu,<\/li>\n\n\n\n<li>apelujemy o <strong>szczeg\u00f3ln\u0105 ostro\u017cno\u015b\u0107 na drodze<\/strong> i niewje\u017cd\u017canie pomi\u0119dzy pojazdy wojskowe w kolumnie.<\/li>\n<\/ul>\n\n\n\n<hr class=\"wp-block-separator has-alpha-channel-opacity\"\/>\n\n\n\n<h3 class=\"wp-block-heading\">Apel do mieszka\u0144c\u00f3w:<\/h3>\n\n\n\n<ul class=\"wp-block-list\">\n<li>nie fotografujmy i nie filmujmy sprz\u0119tu wojskowego,<\/li>\n\n\n\n<li>nie publikujmy w mediach spo\u0142eczno\u015bciowych informacji ani zdj\u0119\u0107 dotycz\u0105cych tras przemieszczania si\u0119 wojsk.<\/li>\n<\/ul>\n\n\n\n<p>\ud83d\udc49 Pami\u0119tajmy, \u017ce nieprzemy\u015blane dzia\u0142ania w sieci mog\u0105 mie\u0107 <strong>negatywne konsekwencje dla bezpiecze\u0144stwa i obronno\u015bci kraju<\/strong>.<\/p>\n\n\n\n<p>Dzi\u0119kujemy wszystkim za wyrozumia\u0142o\u015b\u0107 i stosowanie si\u0119 do zasad bezpiecze\u0144stwa!<\/p>\n<div class=\"naszp-po-tresci\" id=\"naszp-421908816\"><script async src=\"\/\/pagead2.googlesyndication.com\/pagead\/js\/adsbygoogle.js?client=ca-pub-5304901113955943\" crossorigin=\"anonymous\"><\/script><ins class=\"adsbygoogle\" style=\"display:block;\" data-ad-client=\"ca-pub-5304901113955943\" \ndata-ad-slot=\"9226873542\" \ndata-ad-format=\"auto\"><\/ins>\n<script> \n(adsbygoogle = window.adsbygoogle || []).push({}); \n<\/script>\n<\/div>","protected":false},"excerpt":{"rendered":"<p>W najbli\u017cszych dniach mieszka\u0144cy regionu mog\u0105 zaobserwowa\u0107 wzmo\u017cony ruch kolumn pojazd\u00f3w wojskowych. Zwi\u0105zane jest to z \u0107wiczeniem wojskowym \u201e\u017belazna Brama 25\u201d, kt\u00f3re ma charakter szkoleniowy i nie jest reakcj\u0105 na \u017cadne realne zagro\u017cenie. \ud83d\udcc5 Terminy przejazd\u00f3w: \ud83d\ude9b Trasa przejazdu kolumn wojskowych:Zamo\u015b\u0107 \u2013 Lublin \u2013 Ko\u0142biel \u2013 \u0141och\u00f3w \u2013 Ostr\u00f3w Mazowiecka<span class=\"more-link\"><a href=\"https:\/\/naszpowiat.info\/index.php\/2025\/08\/25\/wzmozony-ruch-pojazdow-wojskowych-w-zwiazku-z-cwiczeniami-zelazna-brama-25\/\">Czytaj dalej<\/a><\/span><\/p>\n","protected":false},"author":9,"featured_media":9218,"comment_status":"closed","ping_status":"closed","sticky":false,"template":"","format":"standard","meta":{"_monsterinsights_skip_tracking":false,"_monsterinsights_sitenote_active":false,"_monsterinsights_sitenote_note":"","_monsterinsights_sitenote_category":0,"footnotes":""},"categories":[123,172,209,187],"tags":[227,309,290],"class_list":["entry","author-admin","post-9217","post","type-post","status-publish","format-standard","has-post-thumbnail","category-aktualnosci","category-bezpieczenstwo","category-powiat-garwolinski","category-samorzad","tag-garwolin","tag-samorzad","tag-wydarzenia"],"aioseo_notices":[],"_links":{"self":[{"href":"https:\/\/naszpowiat.info\/index.php\/wp-json\/wp\/v2\/posts\/9217","targetHints":{"allow":["GET"]}}],"collection":[{"href":"https:\/\/naszpowiat.info\/index.php\/wp-json\/wp\/v2\/posts"}],"about":[{"href":"https:\/\/naszpowiat.info\/index.php\/wp-json\/wp\/v2\/types\/post"}],"author":[{"embeddable":true,"href":"https:\/\/naszpowiat.info\/index.php\/wp-json\/wp\/v2\/users\/9"}],"replies":[{"embeddable":true,"href":"https:\/\/naszpowiat.info\/index.php\/wp-json\/wp\/v2\/comments?post=9217"}],"version-history":[{"count":1,"href":"https:\/\/naszpowiat.info\/index.php\/wp-json\/wp\/v2\/posts\/9217\/revisions"}],"predecessor-version":[{"id":9219,"href":"https:\/\/naszpowiat.info\/index.php\/wp-json\/wp\/v2\/posts\/9217\/revisions\/9219"}],"wp:featuredmedia":[{"embeddable":true,"href":"https:\/\/naszpowiat.info\/index.php\/wp-json\/wp\/v2\/media\/9218"}],"wp:attachment":[{"href":"https:\/\/naszpowiat.info\/index.php\/wp-json\/wp\/v2\/media?parent=9217"}],"wp:term":[{"taxonomy":"category","embeddable":true,"href":"https:\/\/naszpowiat.info\/index.php\/wp-json\/wp\/v2\/categories?post=9217"},{"taxonomy":"post_tag","embeddable":true,"href":"https:\/\/naszpowiat.info\/index.php\/wp-json\/wp\/v2\/tags?post=9217"}],"curies":[{"name":"wp","href":"https:\/\/api.w.org\/{rel}","templated":true}]}}