{"id":9213,"date":"2025-08-20T12:48:21","date_gmt":"2025-08-20T12:48:21","guid":{"rendered":"https:\/\/naszpowiat.info\/?p=9213"},"modified":"2025-08-20T12:48:23","modified_gmt":"2025-08-20T12:48:23","slug":"wyszkow-dofinansuje-wymiane-starych-kotlow-rusza-nabor-wnioskow","status":"publish","type":"post","link":"https:\/\/naszpowiat.info\/index.php\/2025\/08\/20\/wyszkow-dofinansuje-wymiane-starych-kotlow-rusza-nabor-wnioskow\/","title":{"rendered":"Wyszk\u00f3w dofinansuje wymian\u0119 starych kot\u0142\u00f3w. Rusza nab\u00f3r wniosk\u00f3w"},"content":{"rendered":"\n<p>Gmina Wyszk\u00f3w og\u0142osi\u0142a nab\u00f3r wniosk\u00f3w na dotacje do wymiany starych kot\u0142\u00f3w opalanych paliwem sta\u0142ym. Program obejmuje urz\u0105dzenia o klasie ni\u017cszej ni\u017c 5 wed\u0142ug normy EN 303-5.<\/p>\n\n\n\n<p>Zadanie pod nazw\u0105 <strong>\u201eWymiana wysokoemisyjnych \u017ar\u00f3de\u0142 ciep\u0142a w budynkach mieszkalnych\u201d<\/strong> jest wsp\u00f3\u0142finansowane ze \u015brodk\u00f3w otrzymanych od Samorz\u0105du Wojew\u00f3dztwa Mazowieckiego.<\/p>\n\n\n\n<h3 class=\"wp-block-heading\">Co mo\u017cna zyska\u0107?<\/h3>\n\n\n\n<p>Dofinansowanie przys\u0142uguje na wymian\u0119 starych kot\u0142\u00f3w na urz\u0105dzenia spe\u0142niaj\u0105ce wymagania ekoprojektu, m.in.:<\/p>\n\n\n\n<ul class=\"wp-block-list\">\n<li>kot\u0142y zgazowuj\u0105ce drewno o podwy\u017cszonym standardzie,<\/li>\n\n\n\n<li>kot\u0142y na pellet drzewny z automatycznym podajnikiem paliwa,<\/li>\n\n\n\n<li>ogrzewanie elektryczne,<\/li>\n\n\n\n<li>pompy ciep\u0142a.<\/li>\n<\/ul>\n\n\n\n<p>Wszystkie urz\u0105dzenia musz\u0105 znajdowa\u0107 si\u0119 w bazie <strong>\u201eLista Zielonych Urz\u0105dze\u0144 i Materia\u0142\u00f3w\u201d (ZUM)<\/strong> prowadzonej przez Instytut Ochrony \u015arodowiska \u2013 Pa\u0144stwowy Instytut Badawczy.<\/p>\n\n\n\n<h3 class=\"wp-block-heading\">Ile wynosi dotacja?<\/h3>\n\n\n\n<p>Mieszka\u0144cy mog\u0105 liczy\u0107 na refundacj\u0119 do 75% koszt\u00f3w kwalifikowanych, jednak nie wi\u0119cej ni\u017c:<\/p>\n\n\n\n<ul class=\"wp-block-list\">\n<li><strong>20 000 z\u0142<\/strong> dla pomp ciep\u0142a,<\/li>\n\n\n\n<li><strong>10 000 z\u0142<\/strong> dla kot\u0142\u00f3w na pellet z automatycznym podajnikiem,<\/li>\n\n\n\n<li><strong>10 000 z\u0142<\/strong> dla ogrzewania elektrycznego,<\/li>\n\n\n\n<li><strong>10 000 z\u0142<\/strong> dla kot\u0142\u00f3w zgazowuj\u0105cych drewno.<\/li>\n<\/ul>\n\n\n\n<h3 class=\"wp-block-heading\">Kiedy i gdzie sk\u0142ada\u0107 wnioski?<\/h3>\n\n\n\n<p>Nab\u00f3r potrwa od <strong>12 sierpnia do 31 pa\u017adziernika 2025 r.<\/strong> Wnioski nale\u017cy sk\u0142ada\u0107 w Urz\u0119dzie Miejskim w Wyszkowie.<\/p>\n<div class=\"naszp-po-tresci\" id=\"naszp-1058713319\"><script async src=\"\/\/pagead2.googlesyndication.com\/pagead\/js\/adsbygoogle.js?client=ca-pub-5304901113955943\" crossorigin=\"anonymous\"><\/script><ins class=\"adsbygoogle\" style=\"display:block;\" data-ad-client=\"ca-pub-5304901113955943\" \ndata-ad-slot=\"9226873542\" \ndata-ad-format=\"auto\"><\/ins>\n<script> \n(adsbygoogle = window.adsbygoogle || []).push({}); \n<\/script>\n<\/div>","protected":false},"excerpt":{"rendered":"<p>Gmina Wyszk\u00f3w og\u0142osi\u0142a nab\u00f3r wniosk\u00f3w na dotacje do wymiany starych kot\u0142\u00f3w opalanych paliwem sta\u0142ym. Program obejmuje urz\u0105dzenia o klasie ni\u017cszej ni\u017c 5 wed\u0142ug normy EN 303-5. Zadanie pod nazw\u0105 \u201eWymiana wysokoemisyjnych \u017ar\u00f3de\u0142 ciep\u0142a w budynkach mieszkalnych\u201d jest wsp\u00f3\u0142finansowane ze \u015brodk\u00f3w otrzymanych od Samorz\u0105du Wojew\u00f3dztwa Mazowieckiego. Co mo\u017cna zyska\u0107? Dofinansowanie przys\u0142uguje<span class=\"more-link\"><a href=\"https:\/\/naszpowiat.info\/index.php\/2025\/08\/20\/wyszkow-dofinansuje-wymiane-starych-kotlow-rusza-nabor-wnioskow\/\">Czytaj dalej<\/a><\/span><\/p>\n","protected":false},"author":9,"featured_media":9214,"comment_status":"closed","ping_status":"closed","sticky":false,"template":"","format":"standard","meta":{"_monsterinsights_skip_tracking":false,"_monsterinsights_sitenote_active":false,"_monsterinsights_sitenote_note":"","_monsterinsights_sitenote_category":0,"footnotes":""},"categories":[123,28,169,187],"tags":[126,309,290],"class_list":["entry","author-admin","post-9213","post","type-post","status-publish","format-standard","has-post-thumbnail","category-aktualnosci","category-dla-mieszkanca","category-ekologia","category-samorzad","tag-inwestycje","tag-samorzad","tag-wydarzenia"],"aioseo_notices":[],"_links":{"self":[{"href":"https:\/\/naszpowiat.info\/index.php\/wp-json\/wp\/v2\/posts\/9213","targetHints":{"allow":["GET"]}}],"collection":[{"href":"https:\/\/naszpowiat.info\/index.php\/wp-json\/wp\/v2\/posts"}],"about":[{"href":"https:\/\/naszpowiat.info\/index.php\/wp-json\/wp\/v2\/types\/post"}],"author":[{"embeddable":true,"href":"https:\/\/naszpowiat.info\/index.php\/wp-json\/wp\/v2\/users\/9"}],"replies":[{"embeddable":true,"href":"https:\/\/naszpowiat.info\/index.php\/wp-json\/wp\/v2\/comments?post=9213"}],"version-history":[{"count":1,"href":"https:\/\/naszpowiat.info\/index.php\/wp-json\/wp\/v2\/posts\/9213\/revisions"}],"predecessor-version":[{"id":9215,"href":"https:\/\/naszpowiat.info\/index.php\/wp-json\/wp\/v2\/posts\/9213\/revisions\/9215"}],"wp:featuredmedia":[{"embeddable":true,"href":"https:\/\/naszpowiat.info\/index.php\/wp-json\/wp\/v2\/media\/9214"}],"wp:attachment":[{"href":"https:\/\/naszpowiat.info\/index.php\/wp-json\/wp\/v2\/media?parent=9213"}],"wp:term":[{"taxonomy":"category","embeddable":true,"href":"https:\/\/naszpowiat.info\/index.php\/wp-json\/wp\/v2\/categories?post=9213"},{"taxonomy":"post_tag","embeddable":true,"href":"https:\/\/naszpowiat.info\/index.php\/wp-json\/wp\/v2\/tags?post=9213"}],"curies":[{"name":"wp","href":"https:\/\/api.w.org\/{rel}","templated":true}]}}