{"id":9153,"date":"2025-07-20T18:09:50","date_gmt":"2025-07-20T18:09:50","guid":{"rendered":"https:\/\/naszpowiat.info\/?p=9153"},"modified":"2025-07-20T18:09:51","modified_gmt":"2025-07-20T18:09:51","slug":"swieto-policji-w-piasecznie-uroczystosci-z-okazji-106-lecia-policji-i-100-lecia-sluzby-kobiet","status":"publish","type":"post","link":"https:\/\/naszpowiat.info\/index.php\/2025\/07\/20\/swieto-policji-w-piasecznie-uroczystosci-z-okazji-106-lecia-policji-i-100-lecia-sluzby-kobiet\/","title":{"rendered":"\u015awi\u0119to Policji w Piasecznie: Uroczysto\u015bci z okazji 106-lecia Policji i 100-lecia s\u0142u\u017cby kobiet"},"content":{"rendered":"\n<p>We wtorek, 22 lipca 2025 roku, plac Pi\u0142sudskiego w Piasecznie stanie si\u0119 miejscem wyj\u0105tkowego wydarzenia o donios\u0142ym charakterze \u2013 uroczystych obchod\u00f3w \u015awi\u0119ta Policji, kt\u00f3re w tym roku upami\u0119tniaj\u0105 nie tylko 106. rocznic\u0119 powo\u0142ania Policji, ale r\u00f3wnie\u017c setn\u0105 rocznic\u0119 obecno\u015bci kobiet w jej szeregach. To niezwykle symboliczne po\u0142\u0105czenie rocznic podkre\u015bla wielowymiarowy charakter s\u0142u\u017cby mundurowej i ewolucj\u0119 tej formacji przez dekady.<\/p>\n\n\n\n<p>Oficjalne uroczysto\u015bci rozpoczn\u0105 si\u0119 o godzinie 11.00 uroczystym Apelem, podczas kt\u00f3rego funkcjonariusze Komendy Powiatowej Policji w Piasecznie otrzymaj\u0105 akty mianowania na wy\u017csze stopnie s\u0142u\u017cbowe. Ceremonia ta b\u0119dzie r\u00f3wnie\u017c okazj\u0105 do wr\u0119czenia odznacze\u0144 pa\u0144stwowych i resortowych, uhonorowuj\u0105cych zas\u0142u\u017conych policjant\u00f3w i policjantki za ich zaanga\u017cowanie, po\u015bwi\u0119cenie i nieustann\u0105 s\u0142u\u017cb\u0119 spo\u0142ecze\u0144stwu. Apelowi towarzyszy\u0107 b\u0119dzie pe\u0142na oprawa ceremonialna, w tym wyst\u0105pienia przedstawicieli w\u0142adz lokalnych i policyjnych.<\/p>\n\n\n\n<p>Zanim jednak rozpoczn\u0105 si\u0119 oficjalne obchody na placu Pi\u0142sudskiego, uczestnicy wydarzenia b\u0119d\u0105 mogli wzi\u0105\u0107 udzia\u0142 w mszy \u015bwi\u0119tej w intencji funkcjonariuszy. Nabo\u017ce\u0144stwo zostanie odprawione w ko\u015bciele \u015bw. Anny i stanowi\u0107 b\u0119dzie duchowe rozpocz\u0119cie tego wa\u017cnego dla lokalnej spo\u0142eczno\u015bci dnia.<\/p>\n\n\n\n<p>Rocznica obecno\u015bci kobiet w polskiej Policji przypomina o nieustannie rosn\u0105cej roli, jak\u0105 kobiety pe\u0142ni\u0105 w s\u0142u\u017cbie \u2013 od administracji, przez prewencj\u0119, po najbardziej wymagaj\u0105ce dziedziny dochodzeniowo-\u015bledcze czy kryminalne. Ich udzia\u0142 w budowaniu bezpiecze\u0144stwa i \u0142adu publicznego jest dzi\u015b niepodwa\u017calny i coraz bardziej doceniany.<\/p>\n\n\n\n<p>Obchody \u015awi\u0119ta Policji w Piasecznie to nie tylko \u015bwi\u0119to munduru, ale i wyraz szacunku wobec tych, kt\u00f3rzy na co dzie\u0144 pe\u0142ni\u0105 s\u0142u\u017cb\u0119 z nara\u017ceniem zdrowia i \u017cycia. To tak\u017ce przypomnienie o spo\u0142ecznej misji Policji \u2013 s\u0142u\u017ceniu ludziom i dbaniu o porz\u0105dek publiczny w duchu odpowiedzialno\u015bci i profesjonalizmu.<\/p>\n\n\n<div class=\"wp-block-image\">\n<figure class=\"aligncenter size-full\"><img loading=\"lazy\" decoding=\"async\" width=\"579\" height=\"382\" src=\"https:\/\/naszpowiat.info\/wp-content\/uploads\/2025\/07\/policaj.png\" alt=\"\" class=\"wp-image-9154\" srcset=\"https:\/\/naszpowiat.info\/wp-content\/uploads\/2025\/07\/policaj.png 579w, https:\/\/naszpowiat.info\/wp-content\/uploads\/2025\/07\/policaj-300x198.png 300w, https:\/\/naszpowiat.info\/wp-content\/uploads\/2025\/07\/policaj-465x307.png 465w\" sizes=\"auto, (max-width: 579px) 100vw, 579px\" \/><figcaption class=\"wp-element-caption\">Fot. piaseczno.eu<\/figcaption><\/figure>\n<\/div><div class=\"naszp-po-tresci\" id=\"naszp-3026371514\"><script async src=\"\/\/pagead2.googlesyndication.com\/pagead\/js\/adsbygoogle.js?client=ca-pub-5304901113955943\" crossorigin=\"anonymous\"><\/script><ins class=\"adsbygoogle\" style=\"display:block;\" data-ad-client=\"ca-pub-5304901113955943\" \ndata-ad-slot=\"9226873542\" \ndata-ad-format=\"auto\"><\/ins>\n<script> \n(adsbygoogle = window.adsbygoogle || []).push({}); \n<\/script>\n<\/div>","protected":false},"excerpt":{"rendered":"<p>We wtorek, 22 lipca 2025 roku, plac Pi\u0142sudskiego w Piasecznie stanie si\u0119 miejscem wyj\u0105tkowego wydarzenia o donios\u0142ym charakterze \u2013 uroczystych obchod\u00f3w \u015awi\u0119ta Policji, kt\u00f3re w tym roku upami\u0119tniaj\u0105 nie tylko 106. rocznic\u0119 powo\u0142ania Policji, ale r\u00f3wnie\u017c setn\u0105 rocznic\u0119 obecno\u015bci kobiet w jej szeregach. To niezwykle symboliczne po\u0142\u0105czenie rocznic podkre\u015bla wielowymiarowy<span class=\"more-link\"><a href=\"https:\/\/naszpowiat.info\/index.php\/2025\/07\/20\/swieto-policji-w-piasecznie-uroczystosci-z-okazji-106-lecia-policji-i-100-lecia-sluzby-kobiet\/\">Czytaj dalej<\/a><\/span><\/p>\n","protected":false},"author":9,"featured_media":9154,"comment_status":"open","ping_status":"open","sticky":false,"template":"","format":"standard","meta":{"_monsterinsights_skip_tracking":false,"_monsterinsights_sitenote_active":false,"_monsterinsights_sitenote_note":"","_monsterinsights_sitenote_category":0,"footnotes":""},"categories":[123,172,28,78,30,110,37,31,187,59],"tags":[1366,1364,1367,207,151,1368,1363,309,1365,290],"class_list":["entry","author-admin","post-9153","post","type-post","status-publish","format-standard","has-post-thumbnail","category-aktualnosci","category-bezpieczenstwo","category-dla-mieszkanca","category-historia","category-kultura","category-piaseczno","category-piaseczynski","category-powiaty-mazowieckiego","category-samorzad","category-wydarzenia","tag-100-lat-kobiet-w-policji","tag-106-rocznica-policji","tag-komenda-powiatowa-policji-w-piasecznie","tag-kultura","tag-piaseczno","tag-plac-pilsudskiego","tag-policja-piaseczno","tag-samorzad","tag-swieto-policji","tag-wydarzenia"],"aioseo_notices":[],"_links":{"self":[{"href":"https:\/\/naszpowiat.info\/index.php\/wp-json\/wp\/v2\/posts\/9153","targetHints":{"allow":["GET"]}}],"collection":[{"href":"https:\/\/naszpowiat.info\/index.php\/wp-json\/wp\/v2\/posts"}],"about":[{"href":"https:\/\/naszpowiat.info\/index.php\/wp-json\/wp\/v2\/types\/post"}],"author":[{"embeddable":true,"href":"https:\/\/naszpowiat.info\/index.php\/wp-json\/wp\/v2\/users\/9"}],"replies":[{"embeddable":true,"href":"https:\/\/naszpowiat.info\/index.php\/wp-json\/wp\/v2\/comments?post=9153"}],"version-history":[{"count":1,"href":"https:\/\/naszpowiat.info\/index.php\/wp-json\/wp\/v2\/posts\/9153\/revisions"}],"predecessor-version":[{"id":9155,"href":"https:\/\/naszpowiat.info\/index.php\/wp-json\/wp\/v2\/posts\/9153\/revisions\/9155"}],"wp:featuredmedia":[{"embeddable":true,"href":"https:\/\/naszpowiat.info\/index.php\/wp-json\/wp\/v2\/media\/9154"}],"wp:attachment":[{"href":"https:\/\/naszpowiat.info\/index.php\/wp-json\/wp\/v2\/media?parent=9153"}],"wp:term":[{"taxonomy":"category","embeddable":true,"href":"https:\/\/naszpowiat.info\/index.php\/wp-json\/wp\/v2\/categories?post=9153"},{"taxonomy":"post_tag","embeddable":true,"href":"https:\/\/naszpowiat.info\/index.php\/wp-json\/wp\/v2\/tags?post=9153"}],"curies":[{"name":"wp","href":"https:\/\/api.w.org\/{rel}","templated":true}]}}