{"id":9150,"date":"2025-07-20T00:03:12","date_gmt":"2025-07-20T00:03:12","guid":{"rendered":"https:\/\/naszpowiat.info\/?p=9150"},"modified":"2025-07-20T00:03:14","modified_gmt":"2025-07-20T00:03:14","slug":"letni-hit-w-twierdzy-modlin-szef-roku-pod-gwiazdami","status":"publish","type":"post","link":"https:\/\/naszpowiat.info\/index.php\/2025\/07\/20\/letni-hit-w-twierdzy-modlin-szef-roku-pod-gwiazdami\/","title":{"rendered":"Letni hit w Twierdzy Modlin \u2013 \u201eSzef Roku\u201d pod gwiazdami!"},"content":{"rendered":"\n<p>W pi\u0105tek 25 lipca o godzinie 21:30 Kasyno Oficerskie w Twierdzy Modlin zamieni si\u0119 w wyj\u0105tkowe kino pod chmurk\u0105. Wst\u0119p na seans jest ca\u0142kowicie darmowy, a w rolach g\u0142\u00f3wnych wyst\u0105pi\u0105 nie tylko aktorzy z hiszpa\u0144skiego filmu, ale i&#8230; le\u017caki oraz popcorn dla wszystkich widz\u00f3w!<\/p>\n\n\n\n<p>Na ekranie zobaczymy film \u201eSzef Roku\u201d \u2013 inteligentn\u0105, pe\u0142n\u0105 ironii i \u015bwietnie zagranej satyry spo\u0142ecznej produkcj\u0119, kt\u00f3rej g\u0142\u00f3wnym bohaterem jest Blanco, w tej roli Javier Bardem. To charyzmatyczny w\u0142a\u015bciciel rodzinnej fabryki, kt\u00f3ry zrobi wszystko, aby zdoby\u0107 presti\u017cowe wyr\u00f3\u017cnienie dla najlepszego przedsi\u0119biorcy. Niestety \u2013 \u015bwiat, kt\u00f3ry pr\u00f3buje zaprezentowa\u0107 jako idealny, wcale taki nie jest. Z dnia na dzie\u0144 sytuacja zaczyna si\u0119 wymyka\u0107 spod kontroli. Zwolniony pracownik postanawia si\u0119 zem\u015bci\u0107, jeden z kierownik\u00f3w pogr\u0105\u017ca si\u0119 w depresji, a sta\u017cystka zakochuje si\u0119 w szefie bez pami\u0119ci. Blanco, pr\u00f3buj\u0105c ratowa\u0107 sw\u00f3j wizerunek, zaczyna manipulowa\u0107 lud\u017ami i przekracza\u0107 granice etyczne, co prowadzi do coraz bardziej dramatycznych i nieprzewidywalnych skutk\u00f3w.<\/p>\n\n\n\n<p>Film w re\u017cyserii Fernando Le\u00f3n de Aranoa to nie tylko wci\u0105gaj\u0105ca opowie\u015b\u0107 o ambicji, w\u0142adzy i moralno\u015bci, ale tak\u017ce celna satyra na wsp\u00f3\u0142czesne relacje zawodowe. \u201eSzef Roku\u201d zdoby\u0142 uznanie widz\u00f3w i krytyk\u00f3w na ca\u0142ym \u015bwiecie, mi\u0119dzy innymi dzi\u0119ki wybitnej roli Javiera Bardema, kt\u00f3ry doskonale oddaje sprzeczno\u015bci targaj\u0105ce jego postaci\u0105 \u2013 mi\u0119dzy fasad\u0105 idealnego lidera a bezwzgl\u0119dnym manipulatorem.<\/p>\n\n\n\n<p>Projekcja odbywa si\u0119 w wyj\u0105tkowej scenerii historycznej Twierdzy Modlin \u2013 to niepowtarzalna okazja, by obejrze\u0107 \u015bwietne kino w nastrojowej przestrzeni. Widzowie b\u0119d\u0105 mogli zrelaksowa\u0107 si\u0119 na wygodnych le\u017cakach, a dla ka\u017cdego przygotowano darmowy popcorn \u2013 wystarczy przyj\u015b\u0107 z dobrym nastrojem i znajomymi. Tego wieczoru liczy si\u0119 klimat, film i wsp\u00f3lna, letnia przygoda.<\/p>\n\n\n\n<p>Organizatorzy zapraszaj\u0105 wszystkich \u2013 m\u0142odszych i starszych \u2013 do wsp\u00f3lnego celebrowania kultury w niecodzienny spos\u00f3b. Partnerem wydarzenia jest Samorz\u0105d Wojew\u00f3dztwa Mazowieckiego.<\/p>\n\n\n<div class=\"wp-block-image\">\n<figure class=\"aligncenter size-full is-resized\"><img decoding=\"async\" src=\"https:\/\/naszpowiat.info\/wp-content\/uploads\/2025\/07\/image-21.png\" alt=\"\" class=\"wp-image-9151\" style=\"width:554px;height:auto\"\/><figcaption class=\"wp-element-caption\">Fot. nowydwormaz.pl<\/figcaption><\/figure>\n<\/div><div class=\"naszp-po-tresci\" id=\"naszp-2414205682\"><script async src=\"\/\/pagead2.googlesyndication.com\/pagead\/js\/adsbygoogle.js?client=ca-pub-5304901113955943\" crossorigin=\"anonymous\"><\/script><ins class=\"adsbygoogle\" style=\"display:block;\" data-ad-client=\"ca-pub-5304901113955943\" \ndata-ad-slot=\"9226873542\" \ndata-ad-format=\"auto\"><\/ins>\n<script> \n(adsbygoogle = window.adsbygoogle || []).push({}); \n<\/script>\n<\/div>","protected":false},"excerpt":{"rendered":"<p>W pi\u0105tek 25 lipca o godzinie 21:30 Kasyno Oficerskie w Twierdzy Modlin zamieni si\u0119 w wyj\u0105tkowe kino pod chmurk\u0105. Wst\u0119p na seans jest ca\u0142kowicie darmowy, a w rolach g\u0142\u00f3wnych wyst\u0105pi\u0105 nie tylko aktorzy z hiszpa\u0144skiego filmu, ale i&#8230; le\u017caki oraz popcorn dla wszystkich widz\u00f3w! Na ekranie zobaczymy film \u201eSzef Roku\u201d<span class=\"more-link\"><a href=\"https:\/\/naszpowiat.info\/index.php\/2025\/07\/20\/letni-hit-w-twierdzy-modlin-szef-roku-pod-gwiazdami\/\">Czytaj dalej<\/a><\/span><\/p>\n","protected":false},"author":9,"featured_media":9151,"comment_status":"open","ping_status":"open","sticky":false,"template":"","format":"standard","meta":{"_monsterinsights_skip_tracking":false,"_monsterinsights_sitenote_active":false,"_monsterinsights_sitenote_note":"","_monsterinsights_sitenote_category":0,"footnotes":""},"categories":[123,28,191,182,30,106,35,31,166,187,192,59],"tags":[1362,1360,1357,207,167,309,1358,847,290],"class_list":["entry","author-admin","post-9150","post","type-post","status-publish","format-standard","has-post-thumbnail","category-aktualnosci","category-dla-mieszkanca","category-edukacja","category-film","category-kultura","category-nowy-dwor-mazowiecki","category-nowodworski","category-powiaty-mazowieckiego","category-rekreacja","category-samorzad","category-sztuka","category-wydarzenia","tag-film-pod-chmurka","tag-javier-bardem","tag-kino-letnie","tag-kultura","tag-nowy-dwor-mazowiecki","tag-samorzad","tag-szef-roku","tag-twierdza-modlin","tag-wydarzenia"],"aioseo_notices":[],"_links":{"self":[{"href":"https:\/\/naszpowiat.info\/index.php\/wp-json\/wp\/v2\/posts\/9150","targetHints":{"allow":["GET"]}}],"collection":[{"href":"https:\/\/naszpowiat.info\/index.php\/wp-json\/wp\/v2\/posts"}],"about":[{"href":"https:\/\/naszpowiat.info\/index.php\/wp-json\/wp\/v2\/types\/post"}],"author":[{"embeddable":true,"href":"https:\/\/naszpowiat.info\/index.php\/wp-json\/wp\/v2\/users\/9"}],"replies":[{"embeddable":true,"href":"https:\/\/naszpowiat.info\/index.php\/wp-json\/wp\/v2\/comments?post=9150"}],"version-history":[{"count":1,"href":"https:\/\/naszpowiat.info\/index.php\/wp-json\/wp\/v2\/posts\/9150\/revisions"}],"predecessor-version":[{"id":9152,"href":"https:\/\/naszpowiat.info\/index.php\/wp-json\/wp\/v2\/posts\/9150\/revisions\/9152"}],"wp:featuredmedia":[{"embeddable":true,"href":"https:\/\/naszpowiat.info\/index.php\/wp-json\/wp\/v2\/media\/9151"}],"wp:attachment":[{"href":"https:\/\/naszpowiat.info\/index.php\/wp-json\/wp\/v2\/media?parent=9150"}],"wp:term":[{"taxonomy":"category","embeddable":true,"href":"https:\/\/naszpowiat.info\/index.php\/wp-json\/wp\/v2\/categories?post=9150"},{"taxonomy":"post_tag","embeddable":true,"href":"https:\/\/naszpowiat.info\/index.php\/wp-json\/wp\/v2\/tags?post=9150"}],"curies":[{"name":"wp","href":"https:\/\/api.w.org\/{rel}","templated":true}]}}