{"id":9147,"date":"2025-07-19T11:52:26","date_gmt":"2025-07-19T11:52:26","guid":{"rendered":"https:\/\/naszpowiat.info\/?p=9147"},"modified":"2025-07-19T11:52:27","modified_gmt":"2025-07-19T11:52:27","slug":"ii-konwent-samorzadowy-miast-i-gmin-powiatu-garwolinskiego-dialog-o-przyszlosci-regionu","status":"publish","type":"post","link":"https:\/\/naszpowiat.info\/index.php\/2025\/07\/19\/ii-konwent-samorzadowy-miast-i-gmin-powiatu-garwolinskiego-dialog-o-przyszlosci-regionu\/","title":{"rendered":"II Konwent Samorz\u0105dowy Miast i Gmin Powiatu Garwoli\u0144skiego \u2013 dialog o przysz\u0142o\u015bci regionu"},"content":{"rendered":"\n<p>W pi\u0105tek 11 lipca odby\u0142 si\u0119 II Konwent Samorz\u0105dowy Miast i Gmin Powiatu Garwoli\u0144skiego, kt\u00f3ry zgromadzi\u0142 przedstawicieli lokalnych w\u0142adz oraz zaproszonych go\u015bci. W wydarzeniu uczestniczyli m.in.&nbsp;Pose\u0142 na Sejm RP Grzegorz Wo\u017aniak, Wicestarosta Powiatu Garwoli\u0144skiego Miros\u0142aw Walicki oraz Dyrektor Gminno-Powiatowego Zwi\u0105zku Transportowego Marcin Jaro\u0144.<\/p>\n\n\n\n<p>Podczas konwentu poruszono szereg kluczowych zagadnie\u0144 dotycz\u0105cych funkcjonowania i rozwoju miast oraz gmin w powiecie garwoli\u0144skim. W\u015br\u00f3d najwa\u017cniejszych temat\u00f3w znalaz\u0142y si\u0119:<\/p>\n\n\n\n<ul class=\"wp-block-list\">\n<li><strong>Inwestycje powiatowe<\/strong> \u2013 om\u00f3wiono aktualne projekty realizowane na terenie gmin i miast, ze szczeg\u00f3lnym uwzgl\u0119dnieniem kwestii finansowania wk\u0142adu w\u0142asnego do inwestycji. Podkre\u015blono potrzeb\u0119 wsp\u00f3\u0142pracy mi\u0119dzy samorz\u0105dami w celu efektywnego wykorzystania dost\u0119pnych \u015brodk\u00f3w.<\/li>\n\n\n\n<li><strong>Transport publiczny<\/strong> \u2013 przedstawiono wyzwania zwi\u0105zane z funkcjonowaniem komunikacji zbiorowej w ramach Gminno-Powiatowego Zwi\u0105zku Transportowego. Dyskutowano nad mo\u017cliwo\u015bciami poprawy dost\u0119pno\u015bci i jako\u015bci us\u0142ug transportowych dla mieszka\u0144c\u00f3w.<\/li>\n\n\n\n<li><strong>Demografia a planowanie inwestycji<\/strong> \u2013 uczestnicy konwentu zwr\u00f3cili uwag\u0119 na zmieniaj\u0105c\u0105 si\u0119 struktur\u0119 demograficzn\u0105 regionu i jej wp\u0142yw na strategi\u0119 rozwoju lokalnego. Zmniejszaj\u0105ca si\u0119 liczba mieszka\u0144c\u00f3w w niekt\u00f3rych obszarach wymusza nowe podej\u015bcie do planowania infrastruktury i us\u0142ug publicznych.<\/li>\n\n\n\n<li><strong>Kwestie legislacyjne<\/strong> \u2013 Pose\u0142 Grzegorz Wo\u017aniak przedstawi\u0142 aktualne informacje dotycz\u0105ce prac legislacyjnych nad ustaw\u0105 o tzw. \u201edwukadencyjno\u015bci\u201d. Wyja\u015bni\u0142 jej potencjalne skutki dla funkcjonowania samorz\u0105d\u00f3w oraz mo\u017cliwo\u015bci dalszego zaanga\u017cowania lokalnych w\u0142adz w \u017cycie publiczne.<\/li>\n<\/ul>\n\n\n\n<p>Konwent by\u0142 okazj\u0105 do wymiany do\u015bwiadcze\u0144, pogl\u0105d\u00f3w oraz zacie\u015bnienia wsp\u00f3\u0142pracy mi\u0119dzy przedstawicielami r\u00f3\u017cnych szczebli samorz\u0105du. Uczestnicy zgodnie podkre\u015blali, \u017ce tylko wsp\u00f3lne dzia\u0142ania i otwarty dialog mog\u0105 przynie\u015b\u0107 trwa\u0142e korzy\u015bci dla mieszka\u0144c\u00f3w powiatu garwoli\u0144skiego.<\/p>\n\n\n\n<figure class=\"wp-block-image size-large is-resized\"><img loading=\"lazy\" decoding=\"async\" width=\"1024\" height=\"576\" src=\"https:\/\/naszpowiat.info\/wp-content\/uploads\/2025\/07\/csm_518304869_700708749458502_4949521211541972785_n_ea6772a4bd-1024x576.jpg\" alt=\"\" class=\"wp-image-9148\" style=\"width:596px;height:auto\" srcset=\"https:\/\/naszpowiat.info\/wp-content\/uploads\/2025\/07\/csm_518304869_700708749458502_4949521211541972785_n_ea6772a4bd-1024x576.jpg 1024w, https:\/\/naszpowiat.info\/wp-content\/uploads\/2025\/07\/csm_518304869_700708749458502_4949521211541972785_n_ea6772a4bd-300x169.jpg 300w, https:\/\/naszpowiat.info\/wp-content\/uploads\/2025\/07\/csm_518304869_700708749458502_4949521211541972785_n_ea6772a4bd-768x432.jpg 768w, https:\/\/naszpowiat.info\/wp-content\/uploads\/2025\/07\/csm_518304869_700708749458502_4949521211541972785_n_ea6772a4bd-465x262.jpg 465w, https:\/\/naszpowiat.info\/wp-content\/uploads\/2025\/07\/csm_518304869_700708749458502_4949521211541972785_n_ea6772a4bd-695x391.jpg 695w, https:\/\/naszpowiat.info\/wp-content\/uploads\/2025\/07\/csm_518304869_700708749458502_4949521211541972785_n_ea6772a4bd.jpg 1200w\" sizes=\"auto, (max-width: 1024px) 100vw, 1024px\" \/><figcaption class=\"wp-element-caption\">Fot. Starostwo Powiatowe w Garwolinie<\/figcaption><\/figure>\n\n\n\n<p class=\"has-text-align-center\"><strong><em>MATERIA\u0141 PARTNER\u00d3W<\/em><\/strong><\/p>\n<div class=\"naszp-po-tresci\" id=\"naszp-401985876\"><script async src=\"\/\/pagead2.googlesyndication.com\/pagead\/js\/adsbygoogle.js?client=ca-pub-5304901113955943\" crossorigin=\"anonymous\"><\/script><ins class=\"adsbygoogle\" style=\"display:block;\" data-ad-client=\"ca-pub-5304901113955943\" \ndata-ad-slot=\"9226873542\" \ndata-ad-format=\"auto\"><\/ins>\n<script> \n(adsbygoogle = window.adsbygoogle || []).push({}); \n<\/script>\n<\/div>","protected":false},"excerpt":{"rendered":"<p>W pi\u0105tek 11 lipca odby\u0142 si\u0119 II Konwent Samorz\u0105dowy Miast i Gmin Powiatu Garwoli\u0144skiego, kt\u00f3ry zgromadzi\u0142 przedstawicieli lokalnych w\u0142adz oraz zaproszonych go\u015bci. W wydarzeniu uczestniczyli m.in.&nbsp;Pose\u0142 na Sejm RP Grzegorz Wo\u017aniak, Wicestarosta Powiatu Garwoli\u0144skiego Miros\u0142aw Walicki oraz Dyrektor Gminno-Powiatowego Zwi\u0105zku Transportowego Marcin Jaro\u0144. Podczas konwentu poruszono szereg kluczowych zagadnie\u0144 dotycz\u0105cych<span class=\"more-link\"><a href=\"https:\/\/naszpowiat.info\/index.php\/2025\/07\/19\/ii-konwent-samorzadowy-miast-i-gmin-powiatu-garwolinskiego-dialog-o-przyszlosci-regionu\/\">Czytaj dalej<\/a><\/span><\/p>\n","protected":false},"author":9,"featured_media":9148,"comment_status":"open","ping_status":"open","sticky":false,"template":"","format":"standard","meta":{"_monsterinsights_skip_tracking":false,"_monsterinsights_sitenote_active":false,"_monsterinsights_sitenote_note":"","_monsterinsights_sitenote_category":0,"footnotes":""},"categories":[123,213,127,209,187],"tags":[227,278,309,290],"class_list":["entry","author-admin","post-9147","post","type-post","status-publish","format-standard","has-post-thumbnail","category-aktualnosci","category-garwolin","category-inwestycje","category-powiat-garwolinski","category-samorzad","tag-garwolin","tag-iwona-kurowska","tag-samorzad","tag-wydarzenia"],"aioseo_notices":[],"_links":{"self":[{"href":"https:\/\/naszpowiat.info\/index.php\/wp-json\/wp\/v2\/posts\/9147","targetHints":{"allow":["GET"]}}],"collection":[{"href":"https:\/\/naszpowiat.info\/index.php\/wp-json\/wp\/v2\/posts"}],"about":[{"href":"https:\/\/naszpowiat.info\/index.php\/wp-json\/wp\/v2\/types\/post"}],"author":[{"embeddable":true,"href":"https:\/\/naszpowiat.info\/index.php\/wp-json\/wp\/v2\/users\/9"}],"replies":[{"embeddable":true,"href":"https:\/\/naszpowiat.info\/index.php\/wp-json\/wp\/v2\/comments?post=9147"}],"version-history":[{"count":1,"href":"https:\/\/naszpowiat.info\/index.php\/wp-json\/wp\/v2\/posts\/9147\/revisions"}],"predecessor-version":[{"id":9149,"href":"https:\/\/naszpowiat.info\/index.php\/wp-json\/wp\/v2\/posts\/9147\/revisions\/9149"}],"wp:featuredmedia":[{"embeddable":true,"href":"https:\/\/naszpowiat.info\/index.php\/wp-json\/wp\/v2\/media\/9148"}],"wp:attachment":[{"href":"https:\/\/naszpowiat.info\/index.php\/wp-json\/wp\/v2\/media?parent=9147"}],"wp:term":[{"taxonomy":"category","embeddable":true,"href":"https:\/\/naszpowiat.info\/index.php\/wp-json\/wp\/v2\/categories?post=9147"},{"taxonomy":"post_tag","embeddable":true,"href":"https:\/\/naszpowiat.info\/index.php\/wp-json\/wp\/v2\/tags?post=9147"}],"curies":[{"name":"wp","href":"https:\/\/api.w.org\/{rel}","templated":true}]}}