{"id":9144,"date":"2025-07-18T14:25:33","date_gmt":"2025-07-18T14:25:33","guid":{"rendered":"https:\/\/naszpowiat.info\/?p=9144"},"modified":"2025-07-18T14:25:35","modified_gmt":"2025-07-18T14:25:35","slug":"siatkowka-lato-i-integracja-turniej-plazowy-w-markach-juz-19-lipca","status":"publish","type":"post","link":"https:\/\/naszpowiat.info\/index.php\/2025\/07\/18\/siatkowka-lato-i-integracja-turniej-plazowy-w-markach-juz-19-lipca\/","title":{"rendered":"Siatk\u00f3wka, lato i integracja! Turniej pla\u017cowy w Markach ju\u017c 19 lipca"},"content":{"rendered":"\n<p>Cho\u0107 Marek nie mo\u017cna nazwa\u0107 nadmorsk\u0105 miejscowo\u015bci\u0105, sportowa atmosfera rodem z nadba\u0142tyckich pla\u017c zago\u015bci tu ju\u017c niebawem. Wszystko za spraw\u0105 VI Amatorskiego Turnieju Siatk\u00f3wki Pla\u017cowej o Puchar Prezesa Mareckiego Stowarzyszenia Gospodarczego, kt\u00f3ry odb\u0119dzie si\u0119 w sobot\u0119, 19 lipca 2025 roku, o godzinie 9:00. Letnie boisko do gry w pi\u0142k\u0119 pla\u017cow\u0105 powstanie tu\u017c przy remizie Ochotniczej Stra\u017cy Po\u017carnej \u2013 w\u0142a\u015bnie tam 16 dwuosobowych dru\u017cyn zmierzy si\u0119 w duchu sportowej rywalizacji, dobrej zabawy i lokalnej integracji.<\/p>\n\n\n\n<p>Turniej, jak co roku, ma charakter amatorski \u2013 uczestnikami nie mog\u0105 by\u0107 zawodowi siatkarze. Do gry mog\u0105 stan\u0105\u0107 dru\u017cyny m\u0119skie, kobiece oraz mieszane. Liczy si\u0119 przede wszystkim ch\u0119\u0107 wsp\u00f3lnej aktywno\u015bci, sportowa pasja i dobry humor. Celem wydarzenia jest nie tylko rywalizacja, ale te\u017c promowanie zdrowego stylu \u017cycia, zach\u0119canie mieszka\u0144c\u00f3w do wsp\u00f3lnego sp\u0119dzania czasu oraz budowanie wi\u0119zi mi\u0119dzyludzkich w lokalnej spo\u0142eczno\u015bci. Organizatorzy podkre\u015blaj\u0105, \u017ce formu\u0142a turnieju zostanie dostosowana do liczby zg\u0142oszonych zespo\u0142\u00f3w, co pozwoli zachowa\u0107 odpowiedni\u0105 dynamik\u0119 i sprawno\u015b\u0107 rozgrywek.<\/p>\n\n\n\n<p>Tegoroczna edycja wydarzenia odbywa si\u0119 pod honorowym patronatem Burmistrza Miasta Marki Jacka Orycha i wpisuje si\u0119 w wakacyjn\u0105 tradycj\u0119 lokalnych imprez sportowych. W turnieju mog\u0105 wzi\u0105\u0107 udzia\u0142 nie tylko zawodnicy, ale r\u00f3wnie\u017c osoby ch\u0119tne do pe\u0142nienia funkcji s\u0119dziowskich. Zg\u0142oszenia do udzia\u0142u przyjmowane s\u0105 do 17 lipca 2025 roku pod adresem e-mailowym: <a>biuro@msg.net.pl<\/a>. Aby zapisa\u0107 dru\u017cyn\u0119, nale\u017cy poda\u0107 imiona i nazwiska zawodnik\u00f3w, ich rok urodzenia, nazw\u0119 zespo\u0142u oraz numer kontaktowy.<\/p>\n\n\n\n<p>To wydarzenie to doskona\u0142a okazja, by aktywnie sp\u0119dzi\u0107 letni dzie\u0144, poczu\u0107 ducha sportowej rywalizacji i spotka\u0107 si\u0119 z s\u0105siadami oraz przyjaci\u00f3\u0142mi w nieco mniej formalnej, wakacyjnej atmosferze. Marecki turniej siatk\u00f3wki pla\u017cowej cieszy si\u0119 z roku na rok coraz wi\u0119ksz\u0105 popularno\u015bci\u0105 \u2013 i nic dziwnego. Sport, s\u0142o\u0144ce, piasek i lokalna wsp\u00f3lnota to przepis na lato idealne.<\/p>\n\n\n\n<p>Nie pozostaje nic innego, jak zapisa\u0107 si\u0119 i&#8230; widzimy si\u0119 na boisku!<\/p>\n\n\n<div class=\"wp-block-image\">\n<figure class=\"aligncenter size-full\"><img loading=\"lazy\" decoding=\"async\" width=\"768\" height=\"512\" src=\"https:\/\/naszpowiat.info\/wp-content\/uploads\/2025\/07\/image-20.png\" alt=\"\" class=\"wp-image-9145\" srcset=\"https:\/\/naszpowiat.info\/wp-content\/uploads\/2025\/07\/image-20.png 768w, https:\/\/naszpowiat.info\/wp-content\/uploads\/2025\/07\/image-20-300x200.png 300w, https:\/\/naszpowiat.info\/wp-content\/uploads\/2025\/07\/image-20-465x310.png 465w, https:\/\/naszpowiat.info\/wp-content\/uploads\/2025\/07\/image-20-695x463.png 695w\" sizes=\"auto, (max-width: 768px) 100vw, 768px\" \/><figcaption class=\"wp-element-caption\">Fot. marki.pl<\/figcaption><\/figure>\n<\/div><div class=\"naszp-po-tresci\" id=\"naszp-2968472737\"><script async src=\"\/\/pagead2.googlesyndication.com\/pagead\/js\/adsbygoogle.js?client=ca-pub-5304901113955943\" crossorigin=\"anonymous\"><\/script><ins class=\"adsbygoogle\" style=\"display:block;\" data-ad-client=\"ca-pub-5304901113955943\" \ndata-ad-slot=\"9226873542\" \ndata-ad-format=\"auto\"><\/ins>\n<script> \n(adsbygoogle = window.adsbygoogle || []).push({}); \n<\/script>\n<\/div>","protected":false},"excerpt":{"rendered":"<p>Cho\u0107 Marek nie mo\u017cna nazwa\u0107 nadmorsk\u0105 miejscowo\u015bci\u0105, sportowa atmosfera rodem z nadba\u0142tyckich pla\u017c zago\u015bci tu ju\u017c niebawem. Wszystko za spraw\u0105 VI Amatorskiego Turnieju Siatk\u00f3wki Pla\u017cowej o Puchar Prezesa Mareckiego Stowarzyszenia Gospodarczego, kt\u00f3ry odb\u0119dzie si\u0119 w sobot\u0119, 19 lipca 2025 roku, o godzinie 9:00. Letnie boisko do gry w pi\u0142k\u0119 pla\u017cow\u0105<span class=\"more-link\"><a href=\"https:\/\/naszpowiat.info\/index.php\/2025\/07\/18\/siatkowka-lato-i-integracja-turniej-plazowy-w-markach-juz-19-lipca\/\">Czytaj dalej<\/a><\/span><\/p>\n","protected":false},"author":9,"featured_media":9145,"comment_status":"open","ping_status":"open","sticky":false,"template":"","format":"standard","meta":{"_monsterinsights_skip_tracking":false,"_monsterinsights_sitenote_active":false,"_monsterinsights_sitenote_note":"","_monsterinsights_sitenote_category":0,"footnotes":""},"categories":[123,28,30,98,40,31,166,187,157,59],"tags":[413,207,153,309,1356,138,1355,290],"class_list":["entry","author-admin","post-9144","post","type-post","status-publish","format-standard","has-post-thumbnail","category-aktualnosci","category-dla-mieszkanca","category-kultura","category-marki","category-wolominski","category-powiaty-mazowieckiego","category-rekreacja","category-samorzad","category-sport","category-wydarzenia","tag-jacek-orych","tag-kultura","tag-marki","tag-samorzad","tag-siatkowka-amatorska","tag-sport","tag-turniej-siatkowki-plazowej","tag-wydarzenia"],"aioseo_notices":[],"_links":{"self":[{"href":"https:\/\/naszpowiat.info\/index.php\/wp-json\/wp\/v2\/posts\/9144","targetHints":{"allow":["GET"]}}],"collection":[{"href":"https:\/\/naszpowiat.info\/index.php\/wp-json\/wp\/v2\/posts"}],"about":[{"href":"https:\/\/naszpowiat.info\/index.php\/wp-json\/wp\/v2\/types\/post"}],"author":[{"embeddable":true,"href":"https:\/\/naszpowiat.info\/index.php\/wp-json\/wp\/v2\/users\/9"}],"replies":[{"embeddable":true,"href":"https:\/\/naszpowiat.info\/index.php\/wp-json\/wp\/v2\/comments?post=9144"}],"version-history":[{"count":1,"href":"https:\/\/naszpowiat.info\/index.php\/wp-json\/wp\/v2\/posts\/9144\/revisions"}],"predecessor-version":[{"id":9146,"href":"https:\/\/naszpowiat.info\/index.php\/wp-json\/wp\/v2\/posts\/9144\/revisions\/9146"}],"wp:featuredmedia":[{"embeddable":true,"href":"https:\/\/naszpowiat.info\/index.php\/wp-json\/wp\/v2\/media\/9145"}],"wp:attachment":[{"href":"https:\/\/naszpowiat.info\/index.php\/wp-json\/wp\/v2\/media?parent=9144"}],"wp:term":[{"taxonomy":"category","embeddable":true,"href":"https:\/\/naszpowiat.info\/index.php\/wp-json\/wp\/v2\/categories?post=9144"},{"taxonomy":"post_tag","embeddable":true,"href":"https:\/\/naszpowiat.info\/index.php\/wp-json\/wp\/v2\/tags?post=9144"}],"curies":[{"name":"wp","href":"https:\/\/api.w.org\/{rel}","templated":true}]}}