{"id":9141,"date":"2025-07-18T13:07:03","date_gmt":"2025-07-18T13:07:03","guid":{"rendered":"https:\/\/naszpowiat.info\/?p=9141"},"modified":"2025-07-18T13:07:05","modified_gmt":"2025-07-18T13:07:05","slug":"jak-samorzady-planuja-przyszlosc-ii-konwent-powiatu-garwolinskiego-pokazuje-kierunek-zmian","status":"publish","type":"post","link":"https:\/\/naszpowiat.info\/index.php\/2025\/07\/18\/jak-samorzady-planuja-przyszlosc-ii-konwent-powiatu-garwolinskiego-pokazuje-kierunek-zmian\/","title":{"rendered":"Jak samorz\u0105dy planuj\u0105 przysz\u0142o\u015b\u0107? II Konwent Powiatu Garwoli\u0144skiego pokazuje kierunek zmian"},"content":{"rendered":"\n<p>11 lipca w powiecie garwoli\u0144skim odby\u0142o si\u0119 istotne wydarzenie dla lokalnej spo\u0142eczno\u015bci \u2013 II Konwent Samorz\u0105dowy Miast i Gmin, kt\u00f3ry zgromadzi\u0142 liczne grono przedstawicieli w\u0142adz lokalnych, ekspert\u00f3w oraz parlamentarzyst\u00f3w. Spotkanie sta\u0142o si\u0119 aren\u0105 intensywnych rozm\u00f3w o przysz\u0142o\u015bci regionu i kluczowych wyzwaniach, z jakimi mierz\u0105 si\u0119 samorz\u0105dy. Obecni byli m.in. Pose\u0142 na Sejm RP Grzegorz Wo\u017aniak, Wicestarosta Powiatu Garwoli\u0144skiego Miros\u0142aw Walicki oraz Dyrektor Gminno-Powiatowego Zwi\u0105zku Transportowego Marcin Jaro\u0144, co podkre\u015bli\u0142o rang\u0119 wydarzenia i zainteresowanie tematami poruszanymi podczas obrad.<\/p>\n\n\n\n<p>Podczas konwentu poruszono szereg fundamentalnych zagadnie\u0144 wp\u0142ywaj\u0105cych na rozw\u00f3j lokalnych spo\u0142eczno\u015bci. Szczeg\u00f3ln\u0105 uwag\u0119 po\u015bwi\u0119cono powiatowym inwestycjom infrastrukturalnym \u2013 omawiano zar\u00f3wno ich obecny stan realizacji, jak i wyzwania zwi\u0105zane z zapewnieniem wk\u0142adu w\u0142asnego przez poszczeg\u00f3lne jednostki samorz\u0105dowe. Zwr\u00f3cono uwag\u0119 na konieczno\u015b\u0107 wzmacniania wsp\u00f3\u0142pracy mi\u0119dzy gminami, aby maksymalnie wykorzysta\u0107 dost\u0119pne fundusze \u2013 zar\u00f3wno krajowe, jak i unijne.<\/p>\n\n\n\n<p>Istotnym punktem dyskusji by\u0142a r\u00f3wnie\u017c sytuacja transportu publicznego w regionie. Funkcjonowanie Gminno-Powiatowego Zwi\u0105zku Transportowego zosta\u0142o szczeg\u00f3\u0142owo przeanalizowane \u2013 podkre\u015blano trudno\u015bci w zapewnieniu odpowiedniego standardu us\u0142ug oraz potrzeb\u0119 lepszego dostosowania oferty przewozowej do realnych potrzeb mieszka\u0144c\u00f3w, zw\u0142aszcza w kontek\u015bcie s\u0142abn\u0105cej g\u0119sto\u015bci zaludnienia w niekt\u00f3rych cz\u0119\u015bciach powiatu.<\/p>\n\n\n\n<p>Wa\u017cny aspekt debaty stanowi\u0142y te\u017c zmiany demograficzne. Malej\u0105ca liczba mieszka\u0144c\u00f3w w wielu miejscowo\u015bciach wp\u0142ywa bezpo\u015brednio na planowanie inwestycji oraz \u015bwiadczenie us\u0142ug publicznych. Konieczne staje si\u0119 wi\u0119c strategiczne podej\u015bcie, uwzgl\u0119dniaj\u0105ce nie tylko obecne potrzeby, ale te\u017c przysz\u0142e wyzwania wynikaj\u0105ce ze starzenia si\u0119 spo\u0142ecze\u0144stwa oraz odp\u0142ywu m\u0142odych ludzi do wi\u0119kszych o\u015brodk\u00f3w miejskich.<\/p>\n\n\n\n<p>Jednym z temat\u00f3w o charakterze og\u00f3lnokrajowym, kt\u00f3re poruszy\u0142 pose\u0142 Grzegorz Wo\u017aniak, by\u0142a planowana ustawa o tzw. \u201edwukadencyjno\u015bci\u201d w samorz\u0105dach. Wskazano potencjalne konsekwencje nowych przepis\u00f3w, zar\u00f3wno dla stabilno\u015bci lokalnych w\u0142adz, jak i dla mo\u017cliwo\u015bci realizowania d\u0142ugoterminowych projekt\u00f3w rozwojowych. Parlamentarzysta zaprezentowa\u0142 najnowsze informacje dotycz\u0105ce prac legislacyjnych oraz odpowiedzia\u0142 na pytania uczestnik\u00f3w konwentu, podkre\u015blaj\u0105c, \u017ce ka\u017cda zmiana ustawowa powinna uwzgl\u0119dnia\u0107 g\u0142os samorz\u0105dowc\u00f3w.<\/p>\n\n\n\n<p>Ca\u0142e wydarzenie stanowi\u0142o doskona\u0142\u0105 okazj\u0119 do wymiany do\u015bwiadcze\u0144 i nawi\u0105zywania wsp\u00f3\u0142pracy mi\u0119dzy przedstawicielami r\u00f3\u017cnych szczebli administracji. Wsp\u00f3lnym mianownikiem wszystkich wypowiedzi by\u0142a potrzeba otwartego dialogu i partnerskiego podej\u015bcia do budowania przysz\u0142o\u015bci powiatu garwoli\u0144skiego. Uczestnicy podkre\u015blali, \u017ce tylko dzi\u0119ki wzajemnemu zrozumieniu i wsp\u00f3\u0142dzia\u0142aniu mo\u017cliwe b\u0119dzie skuteczne odpowiadanie na zmieniaj\u0105ce si\u0119 potrzeby mieszka\u0144c\u00f3w oraz wyzwania, jakie niesie ze sob\u0105 dynamiczna rzeczywisto\u015b\u0107 spo\u0142eczna, gospodarcza i demograficzna.<\/p>\n\n\n<div class=\"wp-block-image\">\n<figure class=\"aligncenter size-large is-resized\"><img loading=\"lazy\" decoding=\"async\" width=\"1024\" height=\"576\" src=\"https:\/\/naszpowiat.info\/wp-content\/uploads\/2025\/07\/image-19-1024x576.png\" alt=\"\" class=\"wp-image-9142\" style=\"width:725px;height:auto\" srcset=\"https:\/\/naszpowiat.info\/wp-content\/uploads\/2025\/07\/image-19-1024x576.png 1024w, https:\/\/naszpowiat.info\/wp-content\/uploads\/2025\/07\/image-19-300x169.png 300w, https:\/\/naszpowiat.info\/wp-content\/uploads\/2025\/07\/image-19-768x432.png 768w, https:\/\/naszpowiat.info\/wp-content\/uploads\/2025\/07\/image-19-465x262.png 465w, https:\/\/naszpowiat.info\/wp-content\/uploads\/2025\/07\/image-19-695x391.png 695w, https:\/\/naszpowiat.info\/wp-content\/uploads\/2025\/07\/image-19.png 1200w\" sizes=\"auto, (max-width: 1024px) 100vw, 1024px\" \/><figcaption class=\"wp-element-caption\">Fot. garwolin-starostwo.pl<\/figcaption><\/figure>\n<\/div><div class=\"naszp-po-tresci\" id=\"naszp-3383949960\"><script async src=\"\/\/pagead2.googlesyndication.com\/pagead\/js\/adsbygoogle.js?client=ca-pub-5304901113955943\" crossorigin=\"anonymous\"><\/script><ins class=\"adsbygoogle\" style=\"display:block;\" data-ad-client=\"ca-pub-5304901113955943\" \ndata-ad-slot=\"9226873542\" \ndata-ad-format=\"auto\"><\/ins>\n<script> \n(adsbygoogle = window.adsbygoogle || []).push({}); \n<\/script>\n<\/div>","protected":false},"excerpt":{"rendered":"<p>11 lipca w powiecie garwoli\u0144skim odby\u0142o si\u0119 istotne wydarzenie dla lokalnej spo\u0142eczno\u015bci \u2013 II Konwent Samorz\u0105dowy Miast i Gmin, kt\u00f3ry zgromadzi\u0142 liczne grono przedstawicieli w\u0142adz lokalnych, ekspert\u00f3w oraz parlamentarzyst\u00f3w. Spotkanie sta\u0142o si\u0119 aren\u0105 intensywnych rozm\u00f3w o przysz\u0142o\u015bci regionu i kluczowych wyzwaniach, z jakimi mierz\u0105 si\u0119 samorz\u0105dy. Obecni byli m.in. Pose\u0142<span class=\"more-link\"><a href=\"https:\/\/naszpowiat.info\/index.php\/2025\/07\/18\/jak-samorzady-planuja-przyszlosc-ii-konwent-powiatu-garwolinskiego-pokazuje-kierunek-zmian\/\">Czytaj dalej<\/a><\/span><\/p>\n","protected":false},"author":9,"featured_media":9142,"comment_status":"open","ping_status":"open","sticky":false,"template":"","format":"standard","meta":{"_monsterinsights_skip_tracking":false,"_monsterinsights_sitenote_active":false,"_monsterinsights_sitenote_note":"","_monsterinsights_sitenote_category":0,"footnotes":""},"categories":[123,186,28,213,209,31,187,59],"tags":[1353,126,1352,1147,207,210,309,553,290],"class_list":["entry","author-admin","post-9141","post","type-post","status-publish","format-standard","has-post-thumbnail","category-aktualnosci","category-budzet","category-dla-mieszkanca","category-garwolin","category-powiat-garwolinski","category-powiaty-mazowieckiego","category-samorzad","category-wydarzenia","tag-grzegorz-wozniak","tag-inwestycje","tag-inwestycje-lokalne","tag-konwent-samorzadowy","tag-kultura","tag-powiat-garwolinski","tag-samorzad","tag-transport-publiczny","tag-wydarzenia"],"aioseo_notices":[],"_links":{"self":[{"href":"https:\/\/naszpowiat.info\/index.php\/wp-json\/wp\/v2\/posts\/9141","targetHints":{"allow":["GET"]}}],"collection":[{"href":"https:\/\/naszpowiat.info\/index.php\/wp-json\/wp\/v2\/posts"}],"about":[{"href":"https:\/\/naszpowiat.info\/index.php\/wp-json\/wp\/v2\/types\/post"}],"author":[{"embeddable":true,"href":"https:\/\/naszpowiat.info\/index.php\/wp-json\/wp\/v2\/users\/9"}],"replies":[{"embeddable":true,"href":"https:\/\/naszpowiat.info\/index.php\/wp-json\/wp\/v2\/comments?post=9141"}],"version-history":[{"count":1,"href":"https:\/\/naszpowiat.info\/index.php\/wp-json\/wp\/v2\/posts\/9141\/revisions"}],"predecessor-version":[{"id":9143,"href":"https:\/\/naszpowiat.info\/index.php\/wp-json\/wp\/v2\/posts\/9141\/revisions\/9143"}],"wp:featuredmedia":[{"embeddable":true,"href":"https:\/\/naszpowiat.info\/index.php\/wp-json\/wp\/v2\/media\/9142"}],"wp:attachment":[{"href":"https:\/\/naszpowiat.info\/index.php\/wp-json\/wp\/v2\/media?parent=9141"}],"wp:term":[{"taxonomy":"category","embeddable":true,"href":"https:\/\/naszpowiat.info\/index.php\/wp-json\/wp\/v2\/categories?post=9141"},{"taxonomy":"post_tag","embeddable":true,"href":"https:\/\/naszpowiat.info\/index.php\/wp-json\/wp\/v2\/tags?post=9141"}],"curies":[{"name":"wp","href":"https:\/\/api.w.org\/{rel}","templated":true}]}}