{"id":8952,"date":"2025-06-10T15:11:23","date_gmt":"2025-06-10T15:11:23","guid":{"rendered":"https:\/\/naszpowiat.info\/?p=8952"},"modified":"2025-06-10T15:11:23","modified_gmt":"2025-06-10T15:11:23","slug":"wedkarski-dzien-dziecka-w-zabkach","status":"publish","type":"post","link":"https:\/\/naszpowiat.info\/index.php\/2025\/06\/10\/wedkarski-dzien-dziecka-w-zabkach\/","title":{"rendered":"W\u0119dkarski Dzie\u0144 Dziecka w Z\u0105bkach"},"content":{"rendered":"\n<p>25 maja 2025 r. na malowniczych Glinkach w Zielonce odby\u0142 si\u0119 <strong>wyj\u0105tkowy W\u0119dkarski Dzie\u0144 Dziecka pod Patronatem Burmistrza Miasta Z\u0105bki<\/strong>, zorganizowany przez Ko\u0142o W\u0119dkarskie nr 61. Pogoda dopisa\u0142a, a atmosfera by\u0142a pe\u0142na rado\u015bci, \u015bmiechu i rodzinnego ciep\u0142a.<br><br>Wydarzenie rozpocz\u0119\u0142o si\u0119 od rekreacyjnego \u0142owienia ryb, kt\u00f3re sprawi\u0142o dzieciom ogromn\u0105 frajd\u0119 \u2013 zar\u00f3wno pocz\u0105tkuj\u0105cy, jak i bardziej do\u015bwiadczeni mali w\u0119dkarze mieli okazj\u0119 sprawdzi\u0107 swoje umiej\u0119tno\u015bci. Stawy t\u0119tni\u0142y \u017cyciem, a ka\u017cdy z\u0142owiony okaz wywo\u0142ywa\u0142 szeroki u\u015bmiech na twarzach uczestnik\u00f3w.<br><br>Druga cz\u0119\u015b\u0107 dnia zamieni\u0142a si\u0119 w prawdziwy piknik rodzinny \u2013 pe\u0142en atrakcji dla najm\u0142odszych i ich opiekun\u00f3w. Na miejscu czeka\u0142y: grill z pysznymi kie\u0142baskami i kark\u00f3wk\u0105, wata cukrowa, popcorn, a tak\u017ce mn\u00f3stwo gier i zabaw. Dzieci mog\u0142y skorzysta\u0107 z kolorowych tatua\u017cy, wzi\u0105\u0107 udzia\u0142 w kr\u0119ceniu balon\u00f3w i spotka\u0107 si\u0119 z lokaln\u0105 stra\u017c\u0105 po\u017carn\u0105, kt\u00f3ra przyjecha\u0142a specjalnie dla nich \u2013 prezentuj\u0105c w\u00f3z i opowiadaj\u0105c o swojej pracy.<\/p>\n\n\n\n<p><br>To by\u0142 dzie\u0144 pe\u0142en emocji, integracji i \u015bwietnej zabawy na \u0142onie natury!<\/p>\n\n\n\n<figure class=\"wp-block-image size-large is-resized\"><img loading=\"lazy\" decoding=\"async\" width=\"1024\" height=\"411\" src=\"https:\/\/naszpowiat.info\/wp-content\/uploads\/2025\/06\/1-1024x411.jpg\" alt=\"\" class=\"wp-image-8953\" style=\"width:595px;height:auto\" srcset=\"https:\/\/naszpowiat.info\/wp-content\/uploads\/2025\/06\/1-1024x411.jpg 1024w, https:\/\/naszpowiat.info\/wp-content\/uploads\/2025\/06\/1-300x120.jpg 300w, https:\/\/naszpowiat.info\/wp-content\/uploads\/2025\/06\/1-768x308.jpg 768w, https:\/\/naszpowiat.info\/wp-content\/uploads\/2025\/06\/1-1536x616.jpg 1536w, https:\/\/naszpowiat.info\/wp-content\/uploads\/2025\/06\/1-2048x821.jpg 2048w, https:\/\/naszpowiat.info\/wp-content\/uploads\/2025\/06\/1-465x186.jpg 465w, https:\/\/naszpowiat.info\/wp-content\/uploads\/2025\/06\/1-695x279.jpg 695w\" sizes=\"auto, (max-width: 1024px) 100vw, 1024px\" \/><figcaption class=\"wp-element-caption\">Fot. Urz\u0105d Miasta Z\u0105bki<\/figcaption><\/figure>\n<div class=\"naszp-po-tresci\" id=\"naszp-468412393\"><script async src=\"\/\/pagead2.googlesyndication.com\/pagead\/js\/adsbygoogle.js?client=ca-pub-5304901113955943\" crossorigin=\"anonymous\"><\/script><ins class=\"adsbygoogle\" style=\"display:block;\" data-ad-client=\"ca-pub-5304901113955943\" \ndata-ad-slot=\"9226873542\" \ndata-ad-format=\"auto\"><\/ins>\n<script> \n(adsbygoogle = window.adsbygoogle || []).push({}); \n<\/script>\n<\/div>","protected":false},"excerpt":{"rendered":"<p>25 maja 2025 r. na malowniczych Glinkach w Zielonce odby\u0142 si\u0119 wyj\u0105tkowy W\u0119dkarski Dzie\u0144 Dziecka pod Patronatem Burmistrza Miasta Z\u0105bki, zorganizowany przez Ko\u0142o W\u0119dkarskie nr 61. Pogoda dopisa\u0142a, a atmosfera by\u0142a pe\u0142na rado\u015bci, \u015bmiechu i rodzinnego ciep\u0142a. Wydarzenie rozpocz\u0119\u0142o si\u0119 od rekreacyjnego \u0142owienia ryb, kt\u00f3re sprawi\u0142o dzieciom ogromn\u0105 frajd\u0119 \u2013<span class=\"more-link\"><a href=\"https:\/\/naszpowiat.info\/index.php\/2025\/06\/10\/wedkarski-dzien-dziecka-w-zabkach\/\">Czytaj dalej<\/a><\/span><\/p>\n","protected":false},"author":9,"featured_media":8953,"comment_status":"open","ping_status":"open","sticky":false,"template":"","format":"standard","meta":{"_monsterinsights_skip_tracking":false,"_monsterinsights_sitenote_active":false,"_monsterinsights_sitenote_note":"","_monsterinsights_sitenote_category":0,"footnotes":""},"categories":[123,28,30,40,187,61,62],"tags":[125,309,290,130],"class_list":["entry","author-admin","post-8952","post","type-post","status-publish","format-standard","has-post-thumbnail","category-aktualnosci","category-dla-mieszkanca","category-kultura","category-wolominski","category-samorzad","category-zabki","category-zabki-wolominski","tag-powiat-wolominski","tag-samorzad","tag-wydarzenia","tag-zabki"],"aioseo_notices":[],"_links":{"self":[{"href":"https:\/\/naszpowiat.info\/index.php\/wp-json\/wp\/v2\/posts\/8952","targetHints":{"allow":["GET"]}}],"collection":[{"href":"https:\/\/naszpowiat.info\/index.php\/wp-json\/wp\/v2\/posts"}],"about":[{"href":"https:\/\/naszpowiat.info\/index.php\/wp-json\/wp\/v2\/types\/post"}],"author":[{"embeddable":true,"href":"https:\/\/naszpowiat.info\/index.php\/wp-json\/wp\/v2\/users\/9"}],"replies":[{"embeddable":true,"href":"https:\/\/naszpowiat.info\/index.php\/wp-json\/wp\/v2\/comments?post=8952"}],"version-history":[{"count":1,"href":"https:\/\/naszpowiat.info\/index.php\/wp-json\/wp\/v2\/posts\/8952\/revisions"}],"predecessor-version":[{"id":8954,"href":"https:\/\/naszpowiat.info\/index.php\/wp-json\/wp\/v2\/posts\/8952\/revisions\/8954"}],"wp:featuredmedia":[{"embeddable":true,"href":"https:\/\/naszpowiat.info\/index.php\/wp-json\/wp\/v2\/media\/8953"}],"wp:attachment":[{"href":"https:\/\/naszpowiat.info\/index.php\/wp-json\/wp\/v2\/media?parent=8952"}],"wp:term":[{"taxonomy":"category","embeddable":true,"href":"https:\/\/naszpowiat.info\/index.php\/wp-json\/wp\/v2\/categories?post=8952"},{"taxonomy":"post_tag","embeddable":true,"href":"https:\/\/naszpowiat.info\/index.php\/wp-json\/wp\/v2\/tags?post=8952"}],"curies":[{"name":"wp","href":"https:\/\/api.w.org\/{rel}","templated":true}]}}