{"id":8946,"date":"2025-06-09T15:49:22","date_gmt":"2025-06-09T15:49:22","guid":{"rendered":"https:\/\/naszpowiat.info\/?p=8946"},"modified":"2025-06-09T15:49:23","modified_gmt":"2025-06-09T15:49:23","slug":"ulica-podlaska-w-karczewie-doczeka-sie-przebudowy","status":"publish","type":"post","link":"https:\/\/naszpowiat.info\/index.php\/2025\/06\/09\/ulica-podlaska-w-karczewie-doczeka-sie-przebudowy\/","title":{"rendered":"Ulica Podlaska w Karczewie doczeka si\u0119 przebudowy!"},"content":{"rendered":"\n<p>Miasto Karczew stawia kolejny krok ku nowoczesnej i bezpiecznej infrastrukturze. Burmistrz Micha\u0142 Rudzki, przy kontrasygnacie Skarbnika Gminy Piotra Rosika, podpisa\u0142 umow\u0119 na realizacj\u0119 d\u0142ugo wyczekiwanej inwestycji, kt\u00f3ra obejmuje przebudow\u0119 ulicy Podlaskiej. To wydarzenie jest nie tylko formalno\u015bci\u0105 administracyjn\u0105, ale tak\u017ce symbolem realnych dzia\u0142a\u0144, kt\u00f3re maj\u0105 bezpo\u015bredni wp\u0142yw na komfort \u017cycia mieszka\u0144c\u00f3w.<\/p>\n\n\n\n<p>W ramach projektu zaplanowano kompleksowe prace infrastrukturalne. Ulica Podlaska zyska now\u0105 kanalizacj\u0119 burzow\u0105, co znacz\u0105co poprawi system odprowadzania w\u00f3d opadowych, zapobiegaj\u0105c lokalnym podtopieniom i zwi\u0119kszaj\u0105c bezpiecze\u0144stwo ruchu drogowego. Przebudowie ulegnie r\u00f3wnie\u017c sie\u0107 teletechniczna, co wp\u0142ynie na sprawniejsze funkcjonowanie \u0142\u0105czno\u015bci i us\u0142ug cyfrowych. Ca\u0142o\u015b\u0107 prac zwie\u0144czy nowoczesna, r\u00f3wna i trwa\u0142a nawierzchnia asfaltowa, kt\u00f3ra poprawi zar\u00f3wno estetyk\u0119, jak i funkcjonalno\u015b\u0107 tej cz\u0119\u015bci miasta.<\/p>\n\n\n\n<p>Inwestycja ta nie by\u0142aby mo\u017cliwa bez wsp\u00f3\u0142pracy z Samorz\u0105dem Wojew\u00f3dztwa Mazowieckiego, kt\u00f3ry wspar\u0142 projekt dotacj\u0105 finansow\u0105. Dzi\u0119ki tym \u015brodkom Gmina Karczew mo\u017ce realizowa\u0107 zadanie o warto\u015bci blisko 1,1 miliona z\u0142otych bez nadmiernego obci\u0105\u017cania w\u0142asnego bud\u017cetu. Wykonawc\u0105 przedsi\u0119wzi\u0119cia zosta\u0142a lokalna firma JTM Construction Sp. z o.o. z Karczewa, co dodatkowo wzmacnia lokaln\u0105 gospodark\u0119 i buduje pozytywne relacje pomi\u0119dzy samorz\u0105dem a przedsi\u0119biorcami z regionu.<\/p>\n\n\n<div class=\"wp-block-image\">\n<figure class=\"aligncenter size-full\"><img loading=\"lazy\" decoding=\"async\" width=\"960\" height=\"639\" src=\"https:\/\/naszpowiat.info\/wp-content\/uploads\/2025\/06\/image-8.png\" alt=\"\" class=\"wp-image-8947\" srcset=\"https:\/\/naszpowiat.info\/wp-content\/uploads\/2025\/06\/image-8.png 960w, https:\/\/naszpowiat.info\/wp-content\/uploads\/2025\/06\/image-8-300x200.png 300w, https:\/\/naszpowiat.info\/wp-content\/uploads\/2025\/06\/image-8-768x511.png 768w, https:\/\/naszpowiat.info\/wp-content\/uploads\/2025\/06\/image-8-465x310.png 465w, https:\/\/naszpowiat.info\/wp-content\/uploads\/2025\/06\/image-8-695x463.png 695w\" sizes=\"auto, (max-width: 960px) 100vw, 960px\" \/><figcaption class=\"wp-element-caption\">Fot. karczew.pl<\/figcaption><\/figure>\n<\/div><div class=\"naszp-po-tresci\" id=\"naszp-3104454565\"><script async src=\"\/\/pagead2.googlesyndication.com\/pagead\/js\/adsbygoogle.js?client=ca-pub-5304901113955943\" crossorigin=\"anonymous\"><\/script><ins class=\"adsbygoogle\" style=\"display:block;\" data-ad-client=\"ca-pub-5304901113955943\" \ndata-ad-slot=\"9226873542\" \ndata-ad-format=\"auto\"><\/ins>\n<script> \n(adsbygoogle = window.adsbygoogle || []).push({}); \n<\/script>\n<\/div>","protected":false},"excerpt":{"rendered":"<p>Miasto Karczew stawia kolejny krok ku nowoczesnej i bezpiecznej infrastrukturze. Burmistrz Micha\u0142 Rudzki, przy kontrasygnacie Skarbnika Gminy Piotra Rosika, podpisa\u0142 umow\u0119 na realizacj\u0119 d\u0142ugo wyczekiwanej inwestycji, kt\u00f3ra obejmuje przebudow\u0119 ulicy Podlaskiej. To wydarzenie jest nie tylko formalno\u015bci\u0105 administracyjn\u0105, ale tak\u017ce symbolem realnych dzia\u0142a\u0144, kt\u00f3re maj\u0105 bezpo\u015bredni wp\u0142yw na komfort \u017cycia<span class=\"more-link\"><a href=\"https:\/\/naszpowiat.info\/index.php\/2025\/06\/09\/ulica-podlaska-w-karczewie-doczeka-sie-przebudowy\/\">Czytaj dalej<\/a><\/span><\/p>\n","protected":false},"author":9,"featured_media":8947,"comment_status":"open","ping_status":"open","sticky":false,"template":"","format":"standard","meta":{"_monsterinsights_skip_tracking":false,"_monsterinsights_sitenote_active":false,"_monsterinsights_sitenote_note":"","_monsterinsights_sitenote_category":0,"footnotes":""},"categories":[123,28,183,127,87,36,31,187],"tags":[478,163,271,1220,403,309,290],"class_list":["entry","author-admin","post-8946","post","type-post","status-publish","format-standard","has-post-thumbnail","category-aktualnosci","category-dla-mieszkanca","category-infrastruktura","category-inwestycje","category-karczew","category-otwocki","category-powiaty-mazowieckiego","category-samorzad","tag-inwestycje-drogowe","tag-karczew","tag-mazowsze","tag-michal-rudzki","tag-otwocki","tag-samorzad","tag-wydarzenia"],"aioseo_notices":[],"_links":{"self":[{"href":"https:\/\/naszpowiat.info\/index.php\/wp-json\/wp\/v2\/posts\/8946","targetHints":{"allow":["GET"]}}],"collection":[{"href":"https:\/\/naszpowiat.info\/index.php\/wp-json\/wp\/v2\/posts"}],"about":[{"href":"https:\/\/naszpowiat.info\/index.php\/wp-json\/wp\/v2\/types\/post"}],"author":[{"embeddable":true,"href":"https:\/\/naszpowiat.info\/index.php\/wp-json\/wp\/v2\/users\/9"}],"replies":[{"embeddable":true,"href":"https:\/\/naszpowiat.info\/index.php\/wp-json\/wp\/v2\/comments?post=8946"}],"version-history":[{"count":1,"href":"https:\/\/naszpowiat.info\/index.php\/wp-json\/wp\/v2\/posts\/8946\/revisions"}],"predecessor-version":[{"id":8948,"href":"https:\/\/naszpowiat.info\/index.php\/wp-json\/wp\/v2\/posts\/8946\/revisions\/8948"}],"wp:featuredmedia":[{"embeddable":true,"href":"https:\/\/naszpowiat.info\/index.php\/wp-json\/wp\/v2\/media\/8947"}],"wp:attachment":[{"href":"https:\/\/naszpowiat.info\/index.php\/wp-json\/wp\/v2\/media?parent=8946"}],"wp:term":[{"taxonomy":"category","embeddable":true,"href":"https:\/\/naszpowiat.info\/index.php\/wp-json\/wp\/v2\/categories?post=8946"},{"taxonomy":"post_tag","embeddable":true,"href":"https:\/\/naszpowiat.info\/index.php\/wp-json\/wp\/v2\/tags?post=8946"}],"curies":[{"name":"wp","href":"https:\/\/api.w.org\/{rel}","templated":true}]}}