{"id":8943,"date":"2025-06-08T14:19:58","date_gmt":"2025-06-08T14:19:58","guid":{"rendered":"https:\/\/naszpowiat.info\/?p=8943"},"modified":"2025-06-08T14:20:00","modified_gmt":"2025-06-08T14:20:00","slug":"marki-z-dofinansowaniem-trzy-wazne-projekty-na-rzecz-mlodziezy-seniorow-i-bezpieczenstwa","status":"publish","type":"post","link":"https:\/\/naszpowiat.info\/index.php\/2025\/06\/08\/marki-z-dofinansowaniem-trzy-wazne-projekty-na-rzecz-mlodziezy-seniorow-i-bezpieczenstwa\/","title":{"rendered":"Marki z dofinansowaniem! Trzy wa\u017cne projekty na rzecz m\u0142odzie\u017cy, senior\u00f3w i bezpiecze\u0144stwa"},"content":{"rendered":"\n<p><span style=\"font-size: revert; color: initial;\">Miasto Marki z dum\u0105 og\u0142asza, \u017ce w\u0142a\u015bnie podpisa\u0142o umowy z Wojew\u00f3dztwem Mazowieckim na realizacj\u0119 trzech strategicznych projekt\u00f3w, kt\u00f3re ju\u017c wkr\u00f3tce realnie wp\u0142yn\u0105 na jako\u015b\u0107 \u017cycia naszych mieszka\u0144c\u00f3w \u2013 od m\u0142odzie\u017cy, przez senior\u00f3w, a\u017c po s\u0142u\u017cby ratownicze. To kolejny etap dynamicznego rozwoju naszej lokalnej spo\u0142eczno\u015bci, mo\u017cliwy dzi\u0119ki wsparciu finansowemu Samorz\u0105du Wojew\u00f3dztwa Mazowieckiego.<\/span> <p data-start=\"493\" data-end=\"1033\">W ramach programu \u201eMazowsze dla m\u0142odzie\u017cy\u201d Gmina Miasto Marki pozyska\u0142a dofinansowanie w wysoko\u015bci 25 tysi\u0119cy z\u0142otych na realizacj\u0119 inicjatywy pod nazw\u0105 \u201ePrzesz\u0142o\u015b\u0107 i przysz\u0142o\u015b\u0107 m\u0142odzie\u017cy\u201d. Projekt ten zak\u0142ada organizacj\u0119 dzia\u0142a\u0144 edukacyjnych dla m\u0142odzie\u017cowych radnych oraz szeroko zakrojonych dzia\u0142a\u0144 promocyjno-informacyjnych, kt\u00f3re zwi\u0119ksz\u0105 \u015bwiadomo\u015b\u0107 mieszka\u0144c\u00f3w na temat roli i aktywno\u015bci M\u0142odzie\u017cowych Rad. To konkretne wsparcie rozwoju obywatelskiego postaw w\u015br\u00f3d m\u0142odego pokolenia i umacnianie ich udzia\u0142u w \u017cyciu publicznym miasta.<\/p> <p data-start=\"1035\" data-end=\"1468\">Z kolei w ramach programu \u201eMazowsze dla Senior\u00f3w\u201d, r\u00f3wnie\u017c na kwot\u0119 25 tysi\u0119cy z\u0142otych, Gmina zrealizuje projekt \u201eAktywnie na Szlaku\u201d. Przewidziano w nim wycieczki edukacyjne oraz zaj\u0119cia gimnastyczne skierowane do os\u00f3b starszych. Dzi\u0119ki tym dzia\u0142aniom nasi seniorzy b\u0119d\u0105 mieli szans\u0119 na aktywny wypoczynek, popraw\u0119 kondycji fizycznej, ale przede wszystkim \u2013 na integracj\u0119 spo\u0142eczn\u0105, kt\u00f3ra w tej grupie wiekowej ma ogromne znaczenie.<\/p> <p data-start=\"1470\" data-end=\"1994\">Trzeci projekt obj\u0119ty podpisan\u0105 umow\u0105 to \u201eMazowieckie Stra\u017cnice OSP 2025\u201d. W jego ramach Gmina Miasto Marki otrzyma\u0142a 40 tysi\u0119cy z\u0142otych, kt\u00f3re zostan\u0105 przeznaczone na modernizacj\u0119 stra\u017cnicy Ochotniczej Stra\u017cy Po\u017carnej w Markach. \u015arodki zostan\u0105 wykorzystane na malowanie i szpachlowanie \u015bcian, wymian\u0119 automatu i silnika nap\u0119du bramy gara\u017cowej oraz napraw\u0119 uszkodzonego pokrycia dachowego nad cz\u0119\u015bci\u0105 gara\u017cow\u0105. Modernizacja zaplecza OSP to inwestycja w bezpiecze\u0144stwo mieszka\u0144c\u00f3w i sprawne funkcjonowanie s\u0142u\u017cb ratowniczych.<\/p> <p data-start=\"1996\" data-end=\"2389\">Wszystkie te przedsi\u0119wzi\u0119cia nie tylko wzmacniaj\u0105 lokalne struktury spo\u0142eczne i infrastrukturalne, ale te\u017c s\u0105 wyrazem dobrej wsp\u00f3\u0142pracy pomi\u0119dzy Gmin\u0105 Miasto Marki a Samorz\u0105dem Wojew\u00f3dztwa Mazowieckiego. To kolejny dow\u00f3d na to, \u017ce inwestowanie w ludzi \u2013 niezale\u017cnie od ich wieku \u2013 oraz w infrastruktur\u0119 s\u0142u\u017c\u0105c\u0105 wsp\u00f3lnemu dobru, to najlepsza droga do harmonijnego rozwoju lokalnej spo\u0142eczno\u015bci.<\/p><\/p>\n\n\n<div class=\"wp-block-image\">\n<figure class=\"aligncenter size-large is-resized\"><img loading=\"lazy\" decoding=\"async\" width=\"1024\" height=\"683\" src=\"https:\/\/naszpowiat.info\/wp-content\/uploads\/2025\/06\/image-7-1024x683.png\" alt=\"\" class=\"wp-image-8944\" style=\"width:716px;height:auto\" srcset=\"https:\/\/naszpowiat.info\/wp-content\/uploads\/2025\/06\/image-7-1024x683.png 1024w, https:\/\/naszpowiat.info\/wp-content\/uploads\/2025\/06\/image-7-300x200.png 300w, https:\/\/naszpowiat.info\/wp-content\/uploads\/2025\/06\/image-7-768x512.png 768w, https:\/\/naszpowiat.info\/wp-content\/uploads\/2025\/06\/image-7-465x310.png 465w, https:\/\/naszpowiat.info\/wp-content\/uploads\/2025\/06\/image-7-695x463.png 695w, https:\/\/naszpowiat.info\/wp-content\/uploads\/2025\/06\/image-7.png 1200w\" sizes=\"auto, (max-width: 1024px) 100vw, 1024px\" \/><figcaption class=\"wp-element-caption\">Fot. marki.pl<\/figcaption><\/figure>\n<\/div>\n\n\n<p> <\/p>\n<div class=\"naszp-po-tresci\" id=\"naszp-3878343681\"><script async src=\"\/\/pagead2.googlesyndication.com\/pagead\/js\/adsbygoogle.js?client=ca-pub-5304901113955943\" crossorigin=\"anonymous\"><\/script><ins class=\"adsbygoogle\" style=\"display:block;\" data-ad-client=\"ca-pub-5304901113955943\" \ndata-ad-slot=\"9226873542\" \ndata-ad-format=\"auto\"><\/ins>\n<script> \n(adsbygoogle = window.adsbygoogle || []).push({}); \n<\/script>\n<\/div>","protected":false},"excerpt":{"rendered":"<p>Miasto Marki z dum\u0105 og\u0142asza, \u017ce w\u0142a\u015bnie podpisa\u0142o umowy z Wojew\u00f3dztwem Mazowieckim na realizacj\u0119 trzech strategicznych projekt\u00f3w, kt\u00f3re ju\u017c wkr\u00f3tce realnie wp\u0142yn\u0105 na jako\u015b\u0107 \u017cycia naszych mieszka\u0144c\u00f3w \u2013 od m\u0142odzie\u017cy, przez senior\u00f3w, a\u017c po s\u0142u\u017cby ratownicze. To kolejny etap dynamicznego rozwoju naszej lokalnej spo\u0142eczno\u015bci, mo\u017cliwy dzi\u0119ki wsparciu finansowemu Samorz\u0105du Wojew\u00f3dztwa<span class=\"more-link\"><a href=\"https:\/\/naszpowiat.info\/index.php\/2025\/06\/08\/marki-z-dofinansowaniem-trzy-wazne-projekty-na-rzecz-mlodziezy-seniorow-i-bezpieczenstwa\/\">Czytaj dalej<\/a><\/span><\/p>\n","protected":false},"author":9,"featured_media":8944,"comment_status":"open","ping_status":"open","sticky":false,"template":"","format":"standard","meta":{"_monsterinsights_skip_tracking":false,"_monsterinsights_sitenote_active":false,"_monsterinsights_sitenote_note":"","_monsterinsights_sitenote_category":0,"footnotes":""},"categories":[123,28,127,98,40,31,187,59],"tags":[126,207,153,271,203,555,309,290],"class_list":["entry","author-admin","post-8943","post","type-post","status-publish","format-standard","has-post-thumbnail","category-aktualnosci","category-dla-mieszkanca","category-inwestycje","category-marki","category-wolominski","category-powiaty-mazowieckiego","category-samorzad","category-wydarzenia","tag-inwestycje","tag-kultura","tag-marki","tag-mazowsze","tag-osp","tag-rozwoj","tag-samorzad","tag-wydarzenia"],"aioseo_notices":[],"_links":{"self":[{"href":"https:\/\/naszpowiat.info\/index.php\/wp-json\/wp\/v2\/posts\/8943","targetHints":{"allow":["GET"]}}],"collection":[{"href":"https:\/\/naszpowiat.info\/index.php\/wp-json\/wp\/v2\/posts"}],"about":[{"href":"https:\/\/naszpowiat.info\/index.php\/wp-json\/wp\/v2\/types\/post"}],"author":[{"embeddable":true,"href":"https:\/\/naszpowiat.info\/index.php\/wp-json\/wp\/v2\/users\/9"}],"replies":[{"embeddable":true,"href":"https:\/\/naszpowiat.info\/index.php\/wp-json\/wp\/v2\/comments?post=8943"}],"version-history":[{"count":1,"href":"https:\/\/naszpowiat.info\/index.php\/wp-json\/wp\/v2\/posts\/8943\/revisions"}],"predecessor-version":[{"id":8945,"href":"https:\/\/naszpowiat.info\/index.php\/wp-json\/wp\/v2\/posts\/8943\/revisions\/8945"}],"wp:featuredmedia":[{"embeddable":true,"href":"https:\/\/naszpowiat.info\/index.php\/wp-json\/wp\/v2\/media\/8944"}],"wp:attachment":[{"href":"https:\/\/naszpowiat.info\/index.php\/wp-json\/wp\/v2\/media?parent=8943"}],"wp:term":[{"taxonomy":"category","embeddable":true,"href":"https:\/\/naszpowiat.info\/index.php\/wp-json\/wp\/v2\/categories?post=8943"},{"taxonomy":"post_tag","embeddable":true,"href":"https:\/\/naszpowiat.info\/index.php\/wp-json\/wp\/v2\/tags?post=8943"}],"curies":[{"name":"wp","href":"https:\/\/api.w.org\/{rel}","templated":true}]}}