{"id":8940,"date":"2025-06-07T17:08:33","date_gmt":"2025-06-07T17:08:33","guid":{"rendered":"https:\/\/naszpowiat.info\/?p=8940"},"modified":"2025-06-07T17:08:35","modified_gmt":"2025-06-07T17:08:35","slug":"iii-edycja-rowerowego-dnia-dziecka","status":"publish","type":"post","link":"https:\/\/naszpowiat.info\/index.php\/2025\/06\/07\/iii-edycja-rowerowego-dnia-dziecka\/","title":{"rendered":"III Edycja Rowerowego Dnia Dziecka"},"content":{"rendered":"\n<p>7 czerwca 2025 roku mieszka\u0144cy Pomiech\u00f3wka i okolic mieli okazj\u0119 uczestniczy\u0107 w wyj\u0105tkowym wydarzeniu, kt\u00f3re na d\u0142ugo pozostanie w pami\u0119ci najm\u0142odszych \u2013 III edycji \u201eRowerowego Dnia Dziecka\u201d, zorganizowanego przez Zarz\u0105d Regionu IPA Nowy Dw\u00f3r Mazowiecki. To nie by\u0142 zwyk\u0142y sobotni poranek. Tego dnia ulice miasteczka t\u0119tni\u0142y dzieci\u0119c\u0105 rado\u015bci\u0105, \u015bmiechem i energi\u0105, kt\u00f3rej nie da\u0142o si\u0119 nie zauwa\u017cy\u0107.<\/p>\n\n\n\n<p>Wydarzenie rozpocz\u0119\u0142o si\u0119 punktualnie o godzinie 10:00, kiedy to kolorowy peleton wystartowa\u0142 spod Komisariatu Policji w Pomiech\u00f3wku. Rowerzy\u015bci \u2013 zar\u00f3wno dzieci, jak i ich opiekunowie \u2013 wyruszyli pod czujnym okiem Policji w kierunku Toru Modlin, gdzie czeka\u0142a ich prawdziwa eksplozja atrakcji. Przejazd zabezpieczony przez funkcjonariuszy przebiega\u0142 spokojnie i bezpiecznie, a wsp\u00f3lna jazda ulicami wprowadzi\u0142a wszystkich uczestnik\u00f3w w doskona\u0142y nastr\u00f3j.<\/p>\n\n\n\n<p>Oko\u0142o godziny 11:30 teren Toru Modlin zamieni\u0142 si\u0119 w ogromny, t\u0119tni\u0105cy \u017cyciem plac zabaw. Dzieci mog\u0142y sprawdzi\u0107 swoj\u0105 si\u0142\u0119 w przeci\u0105ganiu liny, skaka\u0107 na bangi, zje\u017cd\u017ca\u0107 z kolorowych dmucha\u0144c\u00f3w, a tak\u017ce wskoczy\u0107 prosto w pian\u0119 podczas piana-party. To by\u0142 istny raj dla najm\u0142odszych \u2013 emocji, \u015bmiechu i rado\u015bci nie brakowa\u0142o ani przez chwil\u0119. Nie zabrak\u0142o r\u00f3wnie\u017c przeja\u017cd\u017cek konnych i tych bardziej ekstremalnych \u2013 na torze off-road. Dzieci mog\u0142y poczu\u0107 si\u0119 jak prawdziwi kierowcy, pokonuj\u0105c terenowe przeszkody w specjalnie przygotowanych pojazdach.<\/p>\n\n\n\n<p>Jednym z wa\u017cniejszych punkt\u00f3w programu by\u0142 wyk\u0142ad na temat bezpiecze\u0144stwa w ruchu drogowym, kt\u00f3ry w przyst\u0119pny i anga\u017cuj\u0105cy spos\u00f3b przybli\u017cy\u0142 dzieciom zasady poruszania si\u0119 po drogach, zar\u00f3wno pieszo, jak i na rowerze. By\u0142a to doskona\u0142a okazja, by po\u0142\u0105czy\u0107 zabaw\u0119 z edukacj\u0105 i przekaza\u0107 najm\u0142odszym warto\u015bciowe tre\u015bci w atrakcyjnej formie.<\/p>\n\n\n\n<p>Oczywi\u015bcie nie mog\u0142o zabrakn\u0105\u0107 te\u017c czego\u015b dla cia\u0142a \u2013 organizatorzy zadbali o wojskow\u0105 groch\u00f3wk\u0119, ognisko z pieczeniem kie\u0142basek, lody, a tak\u017ce pokaz sprz\u0119tu s\u0142u\u017cb mundurowych, kt\u00f3ry wzbudzi\u0142 ogromne zainteresowanie w\u015br\u00f3d dzieci. Radiowozy, motory policyjne, wozy stra\u017cackie i inne pojazdy budzi\u0142y zachwyt i przyci\u0105ga\u0142y t\u0142umy ciekawskich. Mo\u017cliwo\u015b\u0107 wej\u015bcia do \u015brodka, przymierzenia he\u0142mu czy rozmowy z funkcjonariuszami by\u0142a dla wielu dzieci spe\u0142nieniem marze\u0144.<\/p>\n\n\n\n<p>III edycja \u201eRowerowego Dnia Dziecka\u201d pokaza\u0142a, jak wielk\u0105 warto\u015b\u0107 maj\u0105 wsp\u00f3lne inicjatywy lokalnych spo\u0142eczno\u015bci. To wydarzenie nie tylko zintegrowa\u0142o mieszka\u0144c\u00f3w, ale przede wszystkim sprawi\u0142o, \u017ce dzieci poczu\u0142y si\u0119 wa\u017cne, szcz\u0119\u015bliwe i docenione. Dzi\u0119ki zaanga\u017cowaniu organizator\u00f3w, s\u0142u\u017cb i wszystkich wolontariuszy, ten dzie\u0144 by\u0142 pe\u0142en u\u015bmiechu, beztroski i pozytywnych emocji. Z niecierpliwo\u015bci\u0105 czekamy na kolejn\u0105 edycj\u0119!<\/p>\n\n\n<div class=\"wp-block-image\">\n<figure class=\"aligncenter size-large\"><img loading=\"lazy\" decoding=\"async\" width=\"1024\" height=\"730\" src=\"https:\/\/naszpowiat.info\/wp-content\/uploads\/2025\/06\/image-6-1024x730.png\" alt=\"\" class=\"wp-image-8941\"\/><figcaption class=\"wp-element-caption\">Fot. nowydwormaz.pl<\/figcaption><\/figure>\n<\/div><div class=\"naszp-po-tresci\" id=\"naszp-4244063911\"><script async src=\"\/\/pagead2.googlesyndication.com\/pagead\/js\/adsbygoogle.js?client=ca-pub-5304901113955943\" crossorigin=\"anonymous\"><\/script><ins class=\"adsbygoogle\" style=\"display:block;\" data-ad-client=\"ca-pub-5304901113955943\" \ndata-ad-slot=\"9226873542\" \ndata-ad-format=\"auto\"><\/ins>\n<script> \n(adsbygoogle = window.adsbygoogle || []).push({}); \n<\/script>\n<\/div>","protected":false},"excerpt":{"rendered":"<p>7 czerwca 2025 roku mieszka\u0144cy Pomiech\u00f3wka i okolic mieli okazj\u0119 uczestniczy\u0107 w wyj\u0105tkowym wydarzeniu, kt\u00f3re na d\u0142ugo pozostanie w pami\u0119ci najm\u0142odszych \u2013 III edycji \u201eRowerowego Dnia Dziecka\u201d, zorganizowanego przez Zarz\u0105d Regionu IPA Nowy Dw\u00f3r Mazowiecki. To nie by\u0142 zwyk\u0142y sobotni poranek. Tego dnia ulice miasteczka t\u0119tni\u0142y dzieci\u0119c\u0105 rado\u015bci\u0105, \u015bmiechem i<span class=\"more-link\"><a href=\"https:\/\/naszpowiat.info\/index.php\/2025\/06\/07\/iii-edycja-rowerowego-dnia-dziecka\/\">Czytaj dalej<\/a><\/span><\/p>\n","protected":false},"author":9,"featured_media":8941,"comment_status":"open","ping_status":"open","sticky":false,"template":"","format":"standard","meta":{"_monsterinsights_skip_tracking":false,"_monsterinsights_sitenote_active":false,"_monsterinsights_sitenote_note":"","_monsterinsights_sitenote_category":0,"footnotes":""},"categories":[123,28,30,106,35,31,166,187,157,59],"tags":[207,167,710,1219,309,138,1215,290],"class_list":["entry","author-admin","post-8940","post","type-post","status-publish","format-standard","has-post-thumbnail","category-aktualnosci","category-dla-mieszkanca","category-kultura","category-nowy-dwor-mazowiecki","category-nowodworski","category-powiaty-mazowieckiego","category-rekreacja","category-samorzad","category-sport","category-wydarzenia","tag-kultura","tag-nowy-dwor-mazowiecki","tag-pomiechowek","tag-rowerowy-dzien-dziecka","tag-samorzad","tag-sport","tag-tor-modlin","tag-wydarzenia"],"aioseo_notices":[],"_links":{"self":[{"href":"https:\/\/naszpowiat.info\/index.php\/wp-json\/wp\/v2\/posts\/8940","targetHints":{"allow":["GET"]}}],"collection":[{"href":"https:\/\/naszpowiat.info\/index.php\/wp-json\/wp\/v2\/posts"}],"about":[{"href":"https:\/\/naszpowiat.info\/index.php\/wp-json\/wp\/v2\/types\/post"}],"author":[{"embeddable":true,"href":"https:\/\/naszpowiat.info\/index.php\/wp-json\/wp\/v2\/users\/9"}],"replies":[{"embeddable":true,"href":"https:\/\/naszpowiat.info\/index.php\/wp-json\/wp\/v2\/comments?post=8940"}],"version-history":[{"count":1,"href":"https:\/\/naszpowiat.info\/index.php\/wp-json\/wp\/v2\/posts\/8940\/revisions"}],"predecessor-version":[{"id":8942,"href":"https:\/\/naszpowiat.info\/index.php\/wp-json\/wp\/v2\/posts\/8940\/revisions\/8942"}],"wp:featuredmedia":[{"embeddable":true,"href":"https:\/\/naszpowiat.info\/index.php\/wp-json\/wp\/v2\/media\/8941"}],"wp:attachment":[{"href":"https:\/\/naszpowiat.info\/index.php\/wp-json\/wp\/v2\/media?parent=8940"}],"wp:term":[{"taxonomy":"category","embeddable":true,"href":"https:\/\/naszpowiat.info\/index.php\/wp-json\/wp\/v2\/categories?post=8940"},{"taxonomy":"post_tag","embeddable":true,"href":"https:\/\/naszpowiat.info\/index.php\/wp-json\/wp\/v2\/tags?post=8940"}],"curies":[{"name":"wp","href":"https:\/\/api.w.org\/{rel}","templated":true}]}}