{"id":8936,"date":"2025-06-07T08:19:48","date_gmt":"2025-06-07T08:19:48","guid":{"rendered":"https:\/\/naszpowiat.info\/?p=8936"},"modified":"2025-06-07T08:19:49","modified_gmt":"2025-06-07T08:19:49","slug":"i-zabkowska-gala-sportowa-swieto-mlodych-talentow-i-sportowych-autorytetow","status":"publish","type":"post","link":"https:\/\/naszpowiat.info\/index.php\/2025\/06\/07\/i-zabkowska-gala-sportowa-swieto-mlodych-talentow-i-sportowych-autorytetow\/","title":{"rendered":"I Z\u0105bkowska Gala Sportowa \u2013 \u015bwi\u0119to m\u0142odych talent\u00f3w i sportowych autorytet\u00f3w"},"content":{"rendered":"\n<p>6 czerwca 2025 roku w Miejskim O\u015brodku Kultury w Z\u0105bkach odby\u0142a si\u0119 <strong>I Z\u0105bkowska Gala Sportowa<\/strong> \u2013 wyj\u0105tkowe wydarzenie po\u015bwi\u0119cone uhonorowaniu m\u0142odych sportowc\u00f3w, trener\u00f3w i dzia\u0142aczy sportowych z Miasta Z\u0105bki. Gala by\u0142a nie tylko okazj\u0105 do wr\u0119czenia nagr\u00f3d za osi\u0105gni\u0119cia sportowe z roku 2024, ale r\u00f3wnie\u017c momentem dumy i wzrusze\u0144 dla ca\u0142ej lokalnej spo\u0142eczno\u015bci.<\/p>\n\n\n\n<p>Podczas uroczysto\u015bci <strong>nagrodzono m\u0142odych sportowc\u00f3w<\/strong>, kt\u00f3rzy w minionym roku wyr\u00f3\u017cniali si\u0119 wyj\u0105tkowymi wynikami w swoich dyscyplinach, reprezentuj\u0105c Z\u0105bki na arenach og\u00f3lnopolskich i mi\u0119dzynarodowych. Ich zaanga\u017cowanie, pasja i ci\u0119\u017cka praca zosta\u0142y docenione w obecno\u015bci rodzin, trener\u00f3w oraz zaproszonych go\u015bci.<\/p>\n\n\n\n<p>Szczeg\u00f3lne podzi\u0119kowania i wyr\u00f3\u017cnienia z r\u0105k <strong>Ma\u0142gorzaty Zy\u015bk, Burmistrz Miasta Z\u0105bki <\/strong>, otrzymali tak\u017ce <strong>dzia\u0142acze sportowi oraz trenerzy <\/strong>, kt\u00f3rzy od lat z oddaniem wspieraj\u0105 rozw\u00f3j sportu w mie\u015bcie. Ich wk\u0142ad w budowanie silnych, zgranych dru\u017cyn oraz kszta\u0142towanie m\u0142odych charakter\u00f3w ma nieocenione znaczenie dla przysz\u0142o\u015bci z\u0105bkowskiego sportu.<\/p>\n\n\n\n<p>I Z\u0105bkowska Gala Sportowa to dow\u00f3d na to, \u017ce <strong>Z\u0105bki s\u0105 miastem, kt\u00f3re wspiera sport i promuje aktywny tryb \u017cycia <\/strong>. Ma\u0142gorzata Zy\u015bk Burmistrz Miasta Z\u0105bki zapowiada, \u017ce to wydarzenie na sta\u0142e wpisze si\u0119 w kalendarz miejskich uroczysto\u015bci, staj\u0105c si\u0119 corocznym \u015bwi\u0119tem wszystkich, kt\u00f3rzy poprzez sport buduj\u0105 si\u0142\u0119 i to\u017csamo\u015b\u0107 lokalnej spo\u0142eczno\u015bci.<\/p>\n\n\n\n<p><strong>Nagrody Sportowe za szczeg\u00f3lne osi\u0105gni\u0119cia sportowe przyznano:<\/strong><\/p>\n\n\n\n<p><strong>Micha\u0142 Ga\u0142azin<\/strong><\/p>\n\n\n\n<p>To utalentowany lekkoatleta, specjalizuj\u0105cy si\u0119 w rzucie oszczepem. W 2024 zaj\u0105\u0142 6. miejsce na Mistrzostwach Polski organizowanych przez Polski Zwi\u0105zek Lekkiej Atletyki.<\/p>\n\n\n\n<p><strong>Aleksandra Migaczew<\/strong><\/p>\n\n\n\n<p>Uczennica I klasy liceum, tegoroczna Vice Mistrzyni Kadet\u00f3w w Boksie, reprezentantka Polski na ringach mi\u0119dzynarodowych, Cz\u0142onkini Kadry Narodowej Polski. D\u0105\u017cy do celu, nie zwa\u017caj\u0105c na przeciwno\u015bci. W wolnej chwili kocha gotowa\u0107 i fotografowa\u0107. Lubi r\u00f3wnie\u017c pracowa\u0107 przed kamer\u0105.<\/p>\n\n\n\n<p><strong>Lena Duraj<\/strong><\/p>\n\n\n\n<p>Wielokrotna zwyci\u0119\u017cczyni og\u00f3lnopolskich zawod\u00f3w lekkoatletycznych. Czo\u0142owa m\u0142odziczka w Polsce w biegach \u015bredniodystansowych. Zawodniczka klubu AZS AWF Warszawa.<\/p>\n\n\n\n<p><strong>Kamil Grabowski<\/strong><\/p>\n\n\n\n<p>Na Mistrzostwach \u015awiata Os\u00f3b z Zespo\u0142em Downa&nbsp; &#8211; Antalya 2024&nbsp; w lekkoatletyce&nbsp; zdoby\u0142:<\/p>\n\n\n\n<p>&#8211; z\u0142oty medal i rekord&nbsp;\u015bwiata&nbsp; w biegu na 400 m<\/p>\n\n\n\n<p>&#8211; br\u0105zowy medal w biegu na 200 metr\u00f3w<\/p>\n\n\n\n<p>&#8211; br\u0105zowy medal&nbsp; na&nbsp; 800 metr\u00f3w<\/p>\n\n\n\n<p><strong>Krzysztof Wi\u0119ch<\/strong><\/p>\n\n\n\n<p>Jego przygoda z szermierk\u0105 zacz\u0119\u0142a si\u0119, gdy mia\u0142 sze\u015b\u0107 lat i do tej pory to ca\u0142e jego \u017cycie! Szermierka uczy go wytrwa\u0142o\u015bci i wiary we w\u0142asne mo\u017cliwo\u015bci, a jego najwi\u0119kszym marzeniem jest wystartowanie na igrzyskach olimpijskich.<\/p>\n\n\n\n<p>Najwi\u0119ksze sukcesy Krzysztofa:<\/p>\n\n\n\n<p>\u2013 Reprezentowanie kraju na mistrzostwach Europy I \u015awiata<\/p>\n\n\n\n<p>\u2013 Medale mistrzostw Polski w ka\u017cdej kategorii wiekowej<\/p>\n\n\n\n<p>\u2013 Wielokrotne zwyci\u0119stwo Puchar\u00f3w Polski<\/p>\n\n\n\n<p><strong>Monika Kami\u0144ska<\/strong><\/p>\n\n\n\n<p>Monika Kami\u0144ska jest osob\u0105 g\u0142uch\u0105. Obecnie znajduje si\u0119 w kadrze narodowej nies\u0142ysz\u0105cych i przygotowuje si\u0119 do Olimpiady G\u0142uchych, kt\u00f3ra odb\u0119dzie si\u0119 w listopadzie tego roku w Tokio. Do jej osi\u0105gni\u0119\u0107 nale\u017cy m.in. 3. miejsce w rzucie m\u0142otem na Mistrzostwach \u015awiata G\u0142uchych w 2024 roku w Tajwanie.<\/p>\n\n\n\n<p><strong>Przemys\u0142aw S\u0142oniewski<\/strong><\/p>\n\n\n\n<p>Zawodnik 2-ligowego klubu Legion Legionowo. W ubieg\u0142ym sezonie zdoby\u0142 10 miejsce na Mistrzostwach Polski w koszyk\u00f3wce 3&#215;3.<\/p>\n\n\n\n<p><strong>Micha\u0142 Pala<\/strong><\/p>\n\n\n\n<p>Micha\u0142 trenuje od wrze\u015bnia 2020 r.&nbsp; w klubie Same Judo Z\u0105bki. Ju\u017c pierwszy rok trenowania przyni\u00f3s\u0142 sukces na zawodach klubowych. Od 2022 roku Micha\u0142 bra\u0142 udzia\u0142 w zawodach krajowych i mi\u0119dzynarodowych. Na podium stawa\u0142 67 razy. Ka\u017cdy kolejny rok to regularne treningi, zawody i obozy.&nbsp; Hobby przerodzi\u0142o si\u0119 w pasj\u0119.<\/p>\n\n\n\n<p><strong>Wojciech Guzi\u0144ski<\/strong><\/p>\n\n\n\n<p>Utalentowany tenisista SKF MINDSPORTS, wielokrotny mistrz warszawy i wojew\u00f3dztwa w grze pojedynczej i podw\u00f3jnej.&nbsp; W 2024 roku uda\u0142o mu si\u0119 zakwalifikowa\u0107 do Mistrzostw Polski Junior\u00f3w w Gda\u0144sku.<\/p>\n\n\n\n<p><strong>Aleksander Denkiewicz<\/strong><\/p>\n\n\n\n<p>Szermierz, kt\u00f3ry w minionym sezonie odni\u00f3s\u0142 imponuj\u0105ce sukcesy. Zwyci\u0119zca 3 miejsca w klasyfikacji indywidualnej oraz 2 miejsca w rywalizacji dru\u017cynowej podczas Mistrzostw Polski junior\u00f3w.<\/p>\n\n\n\n<p><strong>Benedykt Denkiewicz<\/strong><\/p>\n\n\n\n<p>Wyj\u0105tkowy talent szermierki. W roku 2024 zdoby\u0142 z\u0142oto na Mistrzostwach Polski junior\u00f3w, a na Mistrzostwach Europy uplasowa\u0142 si\u0119 na 3 miejscu.<\/p>\n\n\n\n<p><strong>Maja Morawska<\/strong><\/p>\n\n\n\n<p>Utalentowana zawodniczka judo, reprezentuj\u0105ca lokalny Klub Sportowy SameJudo. Pomimo m\u0142odego wieku mo\u017ce pochwali\u0107 si\u0119 imponuj\u0105cym dorobkiem medalowym zar\u00f3wno na arenie og\u00f3lnopolskiej, jak i mi\u0119dzynarodowej. Znana z ogromnej determinacji, pracowito\u015bci i sportowego ducha, Maja nieustannie rozwija swoje umiej\u0119tno\u015bci, godz\u0105c intensywne treningi z nauk\u0105 \u2013 co roku osi\u0105ga bardzo dobre wyniki w szkole, ko\u0144cz\u0105c ka\u017cdy etap edukacji ze \u015bwiadectwem z czerwonym paskiem.<\/p>\n\n\n\n<p>Poza sportem i nauk\u0105 ch\u0119tnie zaszywa si\u0119 w domowym zaciszu z dobr\u0105 ksi\u0105\u017ck\u0105, znajduj\u0105c w lekturze sw\u00f3j spos\u00f3b na relaks. Jej pasja do judo i konsekwencja w d\u0105\u017ceniu do celu czyni\u0105 j\u0105 inspiracj\u0105 dla r\u00f3wie\u015bnik\u00f3w i dum\u0105 lokalnej spo\u0142eczno\u015bci.<\/p>\n\n\n\n<p><strong>Mariia Shybanova<\/strong><\/p>\n\n\n\n<p>Rozpocz\u0119\u0142a swoj\u0105 przygod\u0119 z gimnastyk\u0105 w wieku zaledwie 4 lat.&nbsp; Dzi\u015b jest cz\u0142onkini\u0105 juniorskiej reprezentacji Polski, br\u0105zow\u0105 medalistk\u0105 Mistrzostw Polski oraz wielokrotn\u0105 zwyci\u0119\u017cczyni\u0105 mi\u0119dzynarodowych turniej\u00f3w.&nbsp; W uznaniu jej osi\u0105gni\u0119\u0107 zosta\u0142a powo\u0142ana do reprezentowania Polski na Mistrzostwach \u015awiata Junior\u00f3w, kt\u00f3re odb\u0119d\u0105 si\u0119 w dniach 18\u201323 czerwca.&nbsp; Mariia to przyk\u0142ad pasji, ci\u0119\u017ckiej pracy i sportowego ducha.<\/p>\n\n\n\n<p><strong>Marcin Spurek<\/strong><\/p>\n\n\n\n<p>Zdobywca 3 miejsca na Mistrzostwach Polski Niepe\u0142nosprawnych w klasyfikacji indywidualnej w tenisie sto\u0142owym. Cz\u0142owiek o niezwyk\u0142ym talencie, ale i o dobrym sercu. Aktywny dzia\u0142acz w dziedzinie sportu os\u00f3b niepelnosprawnych.<\/p>\n\n\n\n<p><strong>Rafa\u0142 Kraft<\/strong><\/p>\n\n\n\n<p>Z\u0142oty medalista Mistrzostw Polski Niepe\u0142nosprawnych w klasyfikacji indywidualnej oraz zdobywca 3 miejsca w dru\u017cynowych Mistrzostwach Polski Niepe\u0142nosprawnych.<\/p>\n\n\n\n<p><strong>Antoni D\u0105browski<\/strong><\/p>\n\n\n\n<p>Obiecuj\u0105cy szermierz, kt\u00f3ry w ubieg\u0142ym sezonie zakwalifikowa\u0142 si\u0119 do Mistrzostw Polski, rywalizuj\u0105c w\u015br\u00f3d najlepszych zawodnik\u00f3w. To efekt wielu godzin trening\u00f3w i konsekwencji w d\u0105\u017ceniu do celu.<\/p>\n\n\n\n<p><strong>Damian J\u0119drzejewski<\/strong><\/p>\n\n\n\n<p>Damian jest zawodnikiem Klubu Same Judo od 2019 roku. Na swoim koncie posiada wiele osi\u0105gni\u0119\u0107 na arenie krajowej oraz mi\u0119dzynarodowej. W ostatnim sezonie zdoby\u0142 miejsca medalowe na zawodach towarzyskich, wojew\u00f3dzkich i og\u00f3lnopolskich. Za swoje osi\u0105gni\u0119cia zosta\u0142 powo\u0142any jako m\u0142odzik do kadry Warszawsko-Mazowieckiego Zwi\u0105zku Judo. Aktywnie reprezentuje klub w zawodach sportowych, zdobywaj\u0105c czo\u0142owe lokaty, promuj\u0105c tym samym warto\u015bci Judo &#8211; szacunek, odwaga , wytrwa\u0142o\u015b\u0107.<\/p>\n\n\n\n<p><strong>Bart\u0142omiej Kami\u0144ski<\/strong><\/p>\n\n\n\n<p>Bart\u0142omiej swoj\u0105 przygod\u0119 z szabl\u0105 rozpocz\u0105\u0142 w wieku 8 lat.&nbsp; Od ma\u0142ego interesuje si\u0119 Histori\u0105 Polski, a przede wszystkim Husari\u0105- najwi\u0119ksz\u0105 dum\u0105 polskiego or\u0119\u017ca. Jego wielkie zami\u0142owanie do szabli,&nbsp; ci\u0119\u017cka, sumienna, pe\u0142na wy\u017cecze\u0144, wieloletnia praca na treningach w UKS Szabla Z\u0105bki sprawi\u0142a, \u017ce ma ju\u017c na swoim koncie wiele osi\u0105gni\u0119\u0107 zar\u00f3wno w kategorii dzieci jak i m\u0142odzik\u00f3w. Najwa\u017cniejszymi dla niego osi\u0105gni\u0119ciami s\u0105: dru\u017cynowy z\u0142oty medal w Mistrzostwach Polski M\u0142odzik\u00f3w w 2024 r, br\u0105zowy medal zdobyty w indywidualnym turnieju Pucharu&nbsp; Europy organizowanym w Grodzisku Mazowieckim, oraz dru\u017cynowy srebny medal na Og\u00f3lnopolskiej Olimpiadzie M\u0142odzie\u017cy.<\/p>\n\n\n\n<p><strong>Kacper Ko\u017cuchowski<\/strong><\/p>\n\n\n\n<p>Reprezentant klubu Uks Same&nbsp;Judo.&nbsp;Kacper od o\u015bmiu lat z niezwyk\u0142\u0105 wytrwa\u0142o\u015bci\u0105 i pasj\u0105 pod\u0105\u017ca \u015bcie\u017ck\u0105 sportu, niezmiennie d\u0105\u017c\u0105c do realizacji swoich marze\u0144.&nbsp; Jego up\u00f3r i determinacja s\u0105 godne podziwu &#8211; zawsze got\u00f3w do pracy, zawsze szukaj\u0105cy sposobu, by by\u0107 jeszcze lepszym.&nbsp;Na swoim koncie ma udzia\u0142 w licznych zawodach &#8211; zar\u00f3wno na szczeblu krajowym, jak i mi\u0119dzynarodowym &#8211; kt\u00f3re pozwalaj\u0105 mu zbiera\u0107 cenne do\u015bwiadczenia i stawa\u0107 si\u0119 coraz lepszym zawodnikiem. Zawody te s\u0105 dla niego nie tylko aren\u0105 sportowych zmaga\u0144, ale te\u017c drog\u0105 pe\u0142n\u0105 wyzwa\u0144 i lekcji, kt\u00f3re prowadz\u0105 go do najlepszej wersji siebie.&nbsp;&nbsp;<\/p>\n\n\n\n<p><strong>Krzysztof Niemira<\/strong><\/p>\n\n\n\n<p>To zawodnik, kt\u00f3ry wie, co znaczy walka do ko\u0144ca. 9 miejsce na Mistrzostwach Polski w boksie to efekt charakteru, mocnych cios\u00f3w i serca do sportu. Potrafi stan\u0105\u0107 na ringu bez strachu i zawsze walczy jak r\u00f3wny z r\u00f3wnym.<\/p>\n\n\n\n<p><strong>Maksymilian Mo\u015bcicki<\/strong><\/p>\n\n\n\n<p>To m\u0142ody hokeista, graj\u0105cy na pozycji obro\u0144cy, kt\u00f3ry rozwija swoje umiej\u0119tno\u015bci w Szkole Mistrzostwa Sportowego SMS PZHL w Katowicach. W sezonie 2023\/2024 wraz z dru\u017cyn\u0105 rywalizowa\u0142 w czeskiej lidze dorostu, oraz zaj\u0105\u0142 3 miejsce w Mistrzostwach Polski I Ligi hokeja. By\u0142 regularnie powo\u0142ywany do reprezentacji Polski U16 oraz U18, gdzie w kwietniu tego roku zaj\u0105\u0142 1 miejsce podczas Mistrzostw \u015awiata Junior\u00f3w U18 Dywizji IB w Kownie.<\/p>\n\n\n\n<p><strong>Natalia Otocka<\/strong><\/p>\n\n\n\n<p>Niezwykle ambitna zawodniczka, kt\u00f3ra podczas Mistrzostw Polski Juniorek w boksie olimpijskim w kategorii 54 kg wywalczy\u0142a 3 miejsce i br\u0105zowy medal. Wyr\u00f3\u017cnia si\u0119 \u015bwietnym przygotowaniem technicznym i taktycznym, a tak\u017ce odporno\u015bci\u0105 psychiczn\u0105 w trudnych walkach.<\/p>\n\n\n\n<p><strong>Mariusz Kocon<\/strong><\/p>\n\n\n\n<p>Reprezentant dru\u017cyny siatk\u00f3wki, kt\u00f3ry wraz z zespo\u0142em \u0141KSG \u0141\u00f3d\u017a si\u0119gn\u0105\u0142 po z\u0142oty medal Mistrzostw Polski Nies\u0142ysz\u0105cych. Jego zaanga\u017cowanie i doskona\u0142a gra zespo\u0142owa, a tak\u017ce sportowa postawa przyczyni\u0142y si\u0119 do zdobycia 1 miejsca w presti\u017cowych rozgrywkach.<\/p>\n\n\n\n<p><strong>Fabian Maksimowicz<\/strong><\/p>\n\n\n\n<p>Jako wychowanek klubu SAME JUDO od wielu lat uczestniczy w turniejach rangi krajowej i mi\u0119dzynarodowej. Nieprzerwanie&nbsp;podnosi poziom sportowy uczestnicz\u0105c w zgrupowaniach judo w&nbsp; Polsce i za granic\u0105. Mia\u0142 okazj\u0119 trenowa\u0107 pod okiem mistrz\u00f3w olimpijskich, \u015bwiata i Europy. Dzi\u0119ki sumiennej&nbsp; pracy wielokrotnie osi\u0105gn\u0105\u0142 tytu\u0142 Mistrza Warszawy, jest medalist\u0105 Puchar\u00f3w Polski, wicemistrzem Polski M\u0142odzik\u00f3w 2023 roku oraz z\u0142otym medalist\u0105 Mistrzostw Polski M\u0142odzik\u00f3w w roku 2024. Swoj\u0105 postaw\u0105 udowadnia, \u017ce dzi\u0119ki ogromnej ambicji i zaanga\u017cowaniu mo\u017cna osi\u0105gn\u0105\u0107 sportowe szczyty. Du\u017ce sportowe osi\u0105gni\u0119cia nie by\u0142yby jednak mo\u017cliwe bez zaanga\u017cowania i profesjonalnego podej\u015bcia trener\u00f3w \u0141ukasza W\u00f3jcika i Bartka Kota.<\/p>\n\n\n\n<p><strong>Maria Nina Marczak<\/strong><\/p>\n\n\n\n<p>Maria Marczak od dziesi\u0119ciu lat jest zawodniczka z\u0105bkowskiego Klubu Same Judo. Przez ten czas nad jej&nbsp; umiej\u0119tno\u015bciami zawodniczymi pracowali trener Przemys\u0142aw Kopka , Przemys\u0142aw Birke, \u0141ukasz W\u00f3jcik a obecnie&nbsp; trenerem Marysi jest Bart\u0142omiej Kot.&nbsp; Na swoim koncie ma wiele sukces\u00f3w sportowych na szczeblu wojew\u00f3dzkim,og\u00f3lnopolskim i mi\u0119dzynarodowym.Do ostatnich sukces\u00f3w Marysi&nbsp; nale\u017c\u0105 srebrny medal w Pucharze Europy -Nadzieje Olimpijskie w kategorii M\u0142odzik\u00f3w , br\u0105zowy medal Mistrzostw Polski M\u0142odzik\u00f3w a ju\u017c w tym roku z\u0142oty medal w Pucharze Polski Kadet\u00f3w , kt\u00f3ry da\u0142 awans do startu w Og\u00f3lnopolskiej&nbsp; Olimpiadzie M\u0142odzie\u017cy. Maria jest aktualna&nbsp; Mistrzyni\u0105 Polski Kadet\u00f3w b\u0119d\u0105c najm\u0142odszym rocznikiem.<\/p>\n\n\n\n<p><strong>Amelia Kukla<\/strong><\/p>\n\n\n\n<p>Nieustraszona szablistka, pe\u0142na pasji i zaanga\u017cowania. Br\u0105zowa medalistka Mistrzostw Polski senior\u00f3w w szabli kobiet w klasyfikacji dru\u017cynowej oraz laureatka 5 miejsca na Og\u00f3lnopolskiej Olimpiadzie M\u0142odzie\u017cy Dru\u017cynowo.<\/p>\n\n\n\n<p><strong>Filip Tymi\u0144ski<\/strong><\/p>\n\n\n\n<p>Filip Tymi\u0144ski trenuje karate kyokushin od 10 lat pod okiem trenera Marcina Sieradzkiego w Klubie Sport\u00f3w Walki Kyokushin. Na swoim koncie ma liczne miejsca medalowe m.in. w Mistrzostwach Europy, Polski, Makroregionu Wschodniego i&nbsp; Mazowsza. Jest uczniem 3 klasy IV&nbsp; Liceum Og\u00f3lnokszta\u0142c\u0105cego im. Adama Mickiewicza w Warszawie.<br><br><strong>Nagrodzeni dzia\u0142acze sportowi i trenerzy:<\/strong><\/p>\n\n\n\n<p><strong>&#8211; Kamil Wi\u0119ch<\/strong> &#8211; UKS Szabla Z\u0105bki (Szermierka)<\/p>\n\n\n\n<p><strong>&#8211; <\/strong><strong>Philip Dilon <\/strong>\u2013 Dukes Z\u0105bki (Futbol Ameryka\u0144ski)<br><strong>&#8211; Krzysztof Krajewski <\/strong>\u2013 dzia\u0142acz sportowy, spo\u0142ecznik i organizator m\u0142odzie\u017cowego sportu w Z\u0105bkach<\/p>\n\n\n\n<p><strong>&#8211; Jerzy Szcz\u0119sny <\/strong>\u2013 MKS Z\u0105bkovia (Pi\u0142ka No\u017cna)<\/p>\n\n\n\n<p><strong>&#8211; Hanna Nejfeld <\/strong>\u2013 Biegaj\u0105ce Z\u0105bki<\/p>\n\n\n\n<p><strong>&#8211; <\/strong><strong>Jacek Roma\u0144czuk <\/strong>&#8211; Dyrektor MOSIR Z\u0105bki<\/p>\n\n\n\n<p><strong>&#8211; <\/strong><strong>Dariusz Dudkiewicz<\/strong> &#8211; MKS Z\u0105bkovia (Pi\u0142ka No\u017cna)<\/p>\n\n\n\n<p>Serdecznie gratulujemy!<\/p>\n\n\n\n<figure class=\"wp-block-image size-large is-resized\"><img loading=\"lazy\" decoding=\"async\" width=\"1024\" height=\"768\" src=\"https:\/\/naszpowiat.info\/wp-content\/uploads\/2025\/06\/504353723-1098000172361200-4364618343137773332-n-1024x768.jpg\" alt=\"\" class=\"wp-image-8937\" style=\"width:534px;height:auto\" srcset=\"https:\/\/naszpowiat.info\/wp-content\/uploads\/2025\/06\/504353723-1098000172361200-4364618343137773332-n-1024x768.jpg 1024w, https:\/\/naszpowiat.info\/wp-content\/uploads\/2025\/06\/504353723-1098000172361200-4364618343137773332-n-300x225.jpg 300w, https:\/\/naszpowiat.info\/wp-content\/uploads\/2025\/06\/504353723-1098000172361200-4364618343137773332-n-768x576.jpg 768w, https:\/\/naszpowiat.info\/wp-content\/uploads\/2025\/06\/504353723-1098000172361200-4364618343137773332-n-1536x1152.jpg 1536w, https:\/\/naszpowiat.info\/wp-content\/uploads\/2025\/06\/504353723-1098000172361200-4364618343137773332-n-465x349.jpg 465w, https:\/\/naszpowiat.info\/wp-content\/uploads\/2025\/06\/504353723-1098000172361200-4364618343137773332-n-667x500.jpg 667w, https:\/\/naszpowiat.info\/wp-content\/uploads\/2025\/06\/504353723-1098000172361200-4364618343137773332-n.jpg 2048w\" sizes=\"auto, (max-width: 1024px) 100vw, 1024px\" \/><\/figure>\n\n\n\n<figure class=\"wp-block-image size-large is-resized\"><img loading=\"lazy\" decoding=\"async\" width=\"1024\" height=\"768\" src=\"https:\/\/naszpowiat.info\/wp-content\/uploads\/2025\/06\/504833568-1098000229027861-6221518393743071015-n-1024x768.jpg\" alt=\"\" class=\"wp-image-8938\" style=\"width:551px;height:auto\" srcset=\"https:\/\/naszpowiat.info\/wp-content\/uploads\/2025\/06\/504833568-1098000229027861-6221518393743071015-n-1024x768.jpg 1024w, https:\/\/naszpowiat.info\/wp-content\/uploads\/2025\/06\/504833568-1098000229027861-6221518393743071015-n-300x225.jpg 300w, https:\/\/naszpowiat.info\/wp-content\/uploads\/2025\/06\/504833568-1098000229027861-6221518393743071015-n-768x576.jpg 768w, https:\/\/naszpowiat.info\/wp-content\/uploads\/2025\/06\/504833568-1098000229027861-6221518393743071015-n-1536x1152.jpg 1536w, https:\/\/naszpowiat.info\/wp-content\/uploads\/2025\/06\/504833568-1098000229027861-6221518393743071015-n-465x349.jpg 465w, https:\/\/naszpowiat.info\/wp-content\/uploads\/2025\/06\/504833568-1098000229027861-6221518393743071015-n-667x500.jpg 667w, https:\/\/naszpowiat.info\/wp-content\/uploads\/2025\/06\/504833568-1098000229027861-6221518393743071015-n.jpg 2048w\" sizes=\"auto, (max-width: 1024px) 100vw, 1024px\" \/><figcaption class=\"wp-element-caption\">Fot. Urz\u0105d Miasta Z\u0105bki<\/figcaption><\/figure>\n<div class=\"naszp-po-tresci\" id=\"naszp-2446453636\"><script async src=\"\/\/pagead2.googlesyndication.com\/pagead\/js\/adsbygoogle.js?client=ca-pub-5304901113955943\" crossorigin=\"anonymous\"><\/script><ins class=\"adsbygoogle\" style=\"display:block;\" data-ad-client=\"ca-pub-5304901113955943\" \ndata-ad-slot=\"9226873542\" \ndata-ad-format=\"auto\"><\/ins>\n<script> \n(adsbygoogle = window.adsbygoogle || []).push({}); \n<\/script>\n<\/div>","protected":false},"excerpt":{"rendered":"<p>6 czerwca 2025 roku w Miejskim O\u015brodku Kultury w Z\u0105bkach odby\u0142a si\u0119 I Z\u0105bkowska Gala Sportowa \u2013 wyj\u0105tkowe wydarzenie po\u015bwi\u0119cone uhonorowaniu m\u0142odych sportowc\u00f3w, trener\u00f3w i dzia\u0142aczy sportowych z Miasta Z\u0105bki. Gala by\u0142a nie tylko okazj\u0105 do wr\u0119czenia nagr\u00f3d za osi\u0105gni\u0119cia sportowe z roku 2024, ale r\u00f3wnie\u017c momentem dumy i wzrusze\u0144<span class=\"more-link\"><a href=\"https:\/\/naszpowiat.info\/index.php\/2025\/06\/07\/i-zabkowska-gala-sportowa-swieto-mlodych-talentow-i-sportowych-autorytetow\/\">Czytaj dalej<\/a><\/span><\/p>\n","protected":false},"author":9,"featured_media":8937,"comment_status":"open","ping_status":"open","sticky":false,"template":"","format":"standard","meta":{"_monsterinsights_skip_tracking":false,"_monsterinsights_sitenote_active":false,"_monsterinsights_sitenote_note":"","_monsterinsights_sitenote_category":0,"footnotes":""},"categories":[123,28,40,187,157,61,62],"tags":[125,309,138,130],"class_list":["entry","author-admin","post-8936","post","type-post","status-publish","format-standard","has-post-thumbnail","category-aktualnosci","category-dla-mieszkanca","category-wolominski","category-samorzad","category-sport","category-zabki","category-zabki-wolominski","tag-powiat-wolominski","tag-samorzad","tag-sport","tag-zabki"],"aioseo_notices":[],"_links":{"self":[{"href":"https:\/\/naszpowiat.info\/index.php\/wp-json\/wp\/v2\/posts\/8936","targetHints":{"allow":["GET"]}}],"collection":[{"href":"https:\/\/naszpowiat.info\/index.php\/wp-json\/wp\/v2\/posts"}],"about":[{"href":"https:\/\/naszpowiat.info\/index.php\/wp-json\/wp\/v2\/types\/post"}],"author":[{"embeddable":true,"href":"https:\/\/naszpowiat.info\/index.php\/wp-json\/wp\/v2\/users\/9"}],"replies":[{"embeddable":true,"href":"https:\/\/naszpowiat.info\/index.php\/wp-json\/wp\/v2\/comments?post=8936"}],"version-history":[{"count":1,"href":"https:\/\/naszpowiat.info\/index.php\/wp-json\/wp\/v2\/posts\/8936\/revisions"}],"predecessor-version":[{"id":8939,"href":"https:\/\/naszpowiat.info\/index.php\/wp-json\/wp\/v2\/posts\/8936\/revisions\/8939"}],"wp:featuredmedia":[{"embeddable":true,"href":"https:\/\/naszpowiat.info\/index.php\/wp-json\/wp\/v2\/media\/8937"}],"wp:attachment":[{"href":"https:\/\/naszpowiat.info\/index.php\/wp-json\/wp\/v2\/media?parent=8936"}],"wp:term":[{"taxonomy":"category","embeddable":true,"href":"https:\/\/naszpowiat.info\/index.php\/wp-json\/wp\/v2\/categories?post=8936"},{"taxonomy":"post_tag","embeddable":true,"href":"https:\/\/naszpowiat.info\/index.php\/wp-json\/wp\/v2\/tags?post=8936"}],"curies":[{"name":"wp","href":"https:\/\/api.w.org\/{rel}","templated":true}]}}