{"id":8932,"date":"2025-06-05T17:25:02","date_gmt":"2025-06-05T17:25:02","guid":{"rendered":"https:\/\/naszpowiat.info\/?p=8932"},"modified":"2025-06-05T17:25:05","modified_gmt":"2025-06-05T17:25:05","slug":"inwestycja-w-reducinie-i-checinach-nabiera-tempa","status":"publish","type":"post","link":"https:\/\/naszpowiat.info\/index.php\/2025\/06\/05\/inwestycja-w-reducinie-i-checinach-nabiera-tempa\/","title":{"rendered":"Inwestycja w Reducinie i Ch\u0119cinach nabiera tempa!"},"content":{"rendered":"\n<p>Umowa dotycz\u0105ca dofinansowania przebudowy drogi powiatowej nr 1341W przebiegaj\u0105cej przez miejscowo\u015bci Reducin i Ch\u0119ciny zosta\u0142a zawarta! To niezwykle wa\u017cny krok w kierunku poprawy bezpiecze\u0144stwa i komfortu podr\u00f3\u017cy dla mieszka\u0144c\u00f3w, kierowc\u00f3w i wszystkich u\u017cytkownik\u00f3w tej trasy. Dzi\u0119ki pozyskanym \u015brodkom mo\u017cliwa b\u0119dzie realizacja modernizacji, kt\u00f3ra od dawna by\u0142a oczekiwana przez lokaln\u0105 spo\u0142eczno\u015b\u0107.<\/p>\n\n\n\n<p>Kwota dofinansowania, kt\u00f3r\u0105 uda\u0142o si\u0119 uzyska\u0107 z bud\u017cetu Samorz\u0105du Wojew\u00f3dztwa Mazowieckiego, wynosi 180 tysi\u0119cy z\u0142otych. To wsparcie umo\u017cliwia przeprowadzenie istotnych prac, kt\u00f3re obejm\u0105 przebudow\u0119 nawierzchni drogi, popraw\u0119 odwodnienia oraz zwi\u0119kszenie og\u00f3lnego poziomu bezpiecze\u0144stwa na tym odcinku. Dodatkowo inwestycja zostanie uzupe\u0142niona o wk\u0142ad w\u0142asny Powiatu Garwoli\u0144skiego, kt\u00f3ry przeznaczy na ten cel dok\u0142adnie 184 318,80 z\u0142. Ca\u0142o\u015b\u0107 \u015brodk\u00f3w pozwoli na stworzenie solidnej, nowoczesnej i dostosowanej do aktualnych potrzeb infrastruktury drogowej.<\/p>\n\n\n\n<p>To kolejny przyk\u0142ad dobrej wsp\u00f3\u0142pracy samorz\u0105d\u00f3w i skutecznego si\u0119gania po zewn\u0119trzne \u017ar\u00f3d\u0142a finansowania. Tego rodzaju inwestycje przek\u0142adaj\u0105 si\u0119 nie tylko na lepsz\u0105 jako\u015b\u0107 dr\u00f3g, ale tak\u017ce na rozw\u00f3j regionu, wzrost atrakcyjno\u015bci teren\u00f3w oraz komfort \u017cycia mieszka\u0144c\u00f3w. Przebudowa drogi w Reducinie i Ch\u0119cinach wpisuje si\u0119 w szerszy plan poprawy infrastruktury transportowej na terenie powiatu garwoli\u0144skiego.<\/p>\n\n\n<div class=\"wp-block-image\">\n<figure class=\"aligncenter size-large\"><img loading=\"lazy\" decoding=\"async\" width=\"1024\" height=\"576\" src=\"https:\/\/naszpowiat.info\/wp-content\/uploads\/2025\/06\/image-5-1024x576.png\" alt=\"\" class=\"wp-image-8933\" srcset=\"https:\/\/naszpowiat.info\/wp-content\/uploads\/2025\/06\/image-5-1024x576.png 1024w, https:\/\/naszpowiat.info\/wp-content\/uploads\/2025\/06\/image-5-300x169.png 300w, https:\/\/naszpowiat.info\/wp-content\/uploads\/2025\/06\/image-5-768x432.png 768w, https:\/\/naszpowiat.info\/wp-content\/uploads\/2025\/06\/image-5-465x262.png 465w, https:\/\/naszpowiat.info\/wp-content\/uploads\/2025\/06\/image-5-695x391.png 695w, https:\/\/naszpowiat.info\/wp-content\/uploads\/2025\/06\/image-5.png 1200w\" sizes=\"auto, (max-width: 1024px) 100vw, 1024px\" \/><figcaption class=\"wp-element-caption\">Fot. garwolin-starostwo.pl<\/figcaption><\/figure>\n<\/div><div class=\"naszp-po-tresci\" id=\"naszp-1112478731\"><script async src=\"\/\/pagead2.googlesyndication.com\/pagead\/js\/adsbygoogle.js?client=ca-pub-5304901113955943\" crossorigin=\"anonymous\"><\/script><ins class=\"adsbygoogle\" style=\"display:block;\" data-ad-client=\"ca-pub-5304901113955943\" \ndata-ad-slot=\"9226873542\" \ndata-ad-format=\"auto\"><\/ins>\n<script> \n(adsbygoogle = window.adsbygoogle || []).push({}); \n<\/script>\n<\/div>","protected":false},"excerpt":{"rendered":"<p>Umowa dotycz\u0105ca dofinansowania przebudowy drogi powiatowej nr 1341W przebiegaj\u0105cej przez miejscowo\u015bci Reducin i Ch\u0119ciny zosta\u0142a zawarta! To niezwykle wa\u017cny krok w kierunku poprawy bezpiecze\u0144stwa i komfortu podr\u00f3\u017cy dla mieszka\u0144c\u00f3w, kierowc\u00f3w i wszystkich u\u017cytkownik\u00f3w tej trasy. Dzi\u0119ki pozyskanym \u015brodkom mo\u017cliwa b\u0119dzie realizacja modernizacji, kt\u00f3ra od dawna by\u0142a oczekiwana przez lokaln\u0105 spo\u0142eczno\u015b\u0107.<span class=\"more-link\"><a href=\"https:\/\/naszpowiat.info\/index.php\/2025\/06\/05\/inwestycja-w-reducinie-i-checinach-nabiera-tempa\/\">Czytaj dalej<\/a><\/span><\/p>\n","protected":false},"author":9,"featured_media":8933,"comment_status":"open","ping_status":"open","sticky":false,"template":"","format":"standard","meta":{"_monsterinsights_skip_tracking":false,"_monsterinsights_sitenote_active":false,"_monsterinsights_sitenote_note":"","_monsterinsights_sitenote_category":0,"footnotes":""},"categories":[123,186,28,219,183,127,209,31,187,59],"tags":[465,471,231,688,126,210,309,290],"class_list":["entry","author-admin","post-8932","post","type-post","status-publish","format-standard","has-post-thumbnail","category-aktualnosci","category-budzet","category-dla-mieszkanca","category-gorzno","category-infrastruktura","category-inwestycje","category-powiat-garwolinski","category-powiaty-mazowieckiego","category-samorzad","category-wydarzenia","tag-dofinansowanie","tag-garwolinski","tag-gorzno","tag-infrastruktura-drogowa","tag-inwestycje","tag-powiat-garwolinski","tag-samorzad","tag-wydarzenia"],"aioseo_notices":[],"_links":{"self":[{"href":"https:\/\/naszpowiat.info\/index.php\/wp-json\/wp\/v2\/posts\/8932","targetHints":{"allow":["GET"]}}],"collection":[{"href":"https:\/\/naszpowiat.info\/index.php\/wp-json\/wp\/v2\/posts"}],"about":[{"href":"https:\/\/naszpowiat.info\/index.php\/wp-json\/wp\/v2\/types\/post"}],"author":[{"embeddable":true,"href":"https:\/\/naszpowiat.info\/index.php\/wp-json\/wp\/v2\/users\/9"}],"replies":[{"embeddable":true,"href":"https:\/\/naszpowiat.info\/index.php\/wp-json\/wp\/v2\/comments?post=8932"}],"version-history":[{"count":1,"href":"https:\/\/naszpowiat.info\/index.php\/wp-json\/wp\/v2\/posts\/8932\/revisions"}],"predecessor-version":[{"id":8934,"href":"https:\/\/naszpowiat.info\/index.php\/wp-json\/wp\/v2\/posts\/8932\/revisions\/8934"}],"wp:featuredmedia":[{"embeddable":true,"href":"https:\/\/naszpowiat.info\/index.php\/wp-json\/wp\/v2\/media\/8933"}],"wp:attachment":[{"href":"https:\/\/naszpowiat.info\/index.php\/wp-json\/wp\/v2\/media?parent=8932"}],"wp:term":[{"taxonomy":"category","embeddable":true,"href":"https:\/\/naszpowiat.info\/index.php\/wp-json\/wp\/v2\/categories?post=8932"},{"taxonomy":"post_tag","embeddable":true,"href":"https:\/\/naszpowiat.info\/index.php\/wp-json\/wp\/v2\/tags?post=8932"}],"curies":[{"name":"wp","href":"https:\/\/api.w.org\/{rel}","templated":true}]}}