{"id":8929,"date":"2025-06-05T07:12:45","date_gmt":"2025-06-05T07:12:45","guid":{"rendered":"https:\/\/naszpowiat.info\/?p=8929"},"modified":"2025-06-05T07:12:47","modified_gmt":"2025-06-05T07:12:47","slug":"program-karta-mieszkanca-jestem-z-zabek-dynamicznie-sie-rozwija","status":"publish","type":"post","link":"https:\/\/naszpowiat.info\/index.php\/2025\/06\/05\/program-karta-mieszkanca-jestem-z-zabek-dynamicznie-sie-rozwija\/","title":{"rendered":"Program Karta Mieszka\u0144ca &#8222;Jestem z Z\u0105bek&#8221; dynamicznie si\u0119 rozwija"},"content":{"rendered":"\n<p>Do wsp\u00f3\u0142pracy w ramach partnerskiego Programu <a href=\"https:\/\/www.facebook.com\/profile.php?id=100090967124057&amp;__cft__[0]=AZVTW2k6dN3DAvSFV1hVpMX0UwWd-j4jB1hxC0KYkxOji0eXX0TLKYlUG6r-Y5f_THWyMKCw1x1aSvl4rO6--zI7naw8bRN4NhhQh9CkqzVhWtjoqACD4bjG5Sgg1_1f7aDxIIy2Qt2kEo2ETJLLeJUdRxiuJJp2EYIY-Y_bUju5Aw&amp;__tn__=-]K-R\">Jestem z Z\u0105bek &#8211; Karta Mieszka\u0144ca<\/a> do\u0142\u0105czy\u0142y dwie kolejne firmy.<\/p>\n\n\n\n<p>Z przyjemno\u015bci\u0105 witamy<\/p>\n\n\n\n<ul class=\"wp-block-list\">\n<li>Fundacja Sport Wygrywa Zdrowie<\/li>\n<\/ul>\n\n\n\n<ul class=\"wp-block-list\">\n<li>Studio Figura Z\u0105bki.<\/li>\n<\/ul>\n\n\n\n<p>Program Karta Mieszka\u0144ca &#8222;Jestem z Z\u0105bek&#8221; dynamicznie si\u0119 rozwija, przyci\u0105gaj\u0105c coraz wi\u0119ksz\u0105 liczb\u0119 lokalnych przedsi\u0119biorc\u00f3w. Dzi\u0119ki temu mieszka\u0144cy posiadaj\u0105cy aktywn\u0105 Kart\u0119 Mieszka\u0144ca mog\u0105 korzysta\u0107 z rosn\u0105cej puli atrakcyjnych zni\u017cek i benefit\u00f3w, tym samy wspieraj\u0105c rozw\u00f3j lokalnych biznes\u00f3w.<\/p>\n\n\n\n<figure class=\"wp-block-image size-large is-resized\"><img loading=\"lazy\" decoding=\"async\" width=\"1024\" height=\"768\" src=\"https:\/\/naszpowiat.info\/wp-content\/uploads\/2025\/06\/img-8559-1024x768.jpeg\" alt=\"\" class=\"wp-image-8930\" style=\"width:536px;height:auto\" srcset=\"https:\/\/naszpowiat.info\/wp-content\/uploads\/2025\/06\/img-8559-1024x768.jpeg 1024w, https:\/\/naszpowiat.info\/wp-content\/uploads\/2025\/06\/img-8559-300x225.jpeg 300w, https:\/\/naszpowiat.info\/wp-content\/uploads\/2025\/06\/img-8559-768x576.jpeg 768w, https:\/\/naszpowiat.info\/wp-content\/uploads\/2025\/06\/img-8559-1536x1152.jpeg 1536w, https:\/\/naszpowiat.info\/wp-content\/uploads\/2025\/06\/img-8559-2048x1536.jpeg 2048w, https:\/\/naszpowiat.info\/wp-content\/uploads\/2025\/06\/img-8559-465x349.jpeg 465w, https:\/\/naszpowiat.info\/wp-content\/uploads\/2025\/06\/img-8559-667x500.jpeg 667w\" sizes=\"auto, (max-width: 1024px) 100vw, 1024px\" \/><figcaption class=\"wp-element-caption\">Fot. Urz\u0105d Miasta Z\u0105bki<\/figcaption><\/figure>\n<div class=\"naszp-po-tresci\" id=\"naszp-3279143259\"><script async src=\"\/\/pagead2.googlesyndication.com\/pagead\/js\/adsbygoogle.js?client=ca-pub-5304901113955943\" crossorigin=\"anonymous\"><\/script><ins class=\"adsbygoogle\" style=\"display:block;\" data-ad-client=\"ca-pub-5304901113955943\" \ndata-ad-slot=\"9226873542\" \ndata-ad-format=\"auto\"><\/ins>\n<script> \n(adsbygoogle = window.adsbygoogle || []).push({}); \n<\/script>\n<\/div>","protected":false},"excerpt":{"rendered":"<p>Do wsp\u00f3\u0142pracy w ramach partnerskiego Programu Jestem z Z\u0105bek &#8211; Karta Mieszka\u0144ca do\u0142\u0105czy\u0142y dwie kolejne firmy. Z przyjemno\u015bci\u0105 witamy Program Karta Mieszka\u0144ca &#8222;Jestem z Z\u0105bek&#8221; dynamicznie si\u0119 rozwija, przyci\u0105gaj\u0105c coraz wi\u0119ksz\u0105 liczb\u0119 lokalnych przedsi\u0119biorc\u00f3w. Dzi\u0119ki temu mieszka\u0144cy posiadaj\u0105cy aktywn\u0105 Kart\u0119 Mieszka\u0144ca mog\u0105 korzysta\u0107 z rosn\u0105cej puli atrakcyjnych zni\u017cek i benefit\u00f3w,<span class=\"more-link\"><a href=\"https:\/\/naszpowiat.info\/index.php\/2025\/06\/05\/program-karta-mieszkanca-jestem-z-zabek-dynamicznie-sie-rozwija\/\">Czytaj dalej<\/a><\/span><\/p>\n","protected":false},"author":9,"featured_media":8930,"comment_status":"open","ping_status":"open","sticky":false,"template":"","format":"standard","meta":{"_monsterinsights_skip_tracking":false,"_monsterinsights_sitenote_active":false,"_monsterinsights_sitenote_note":"","_monsterinsights_sitenote_category":0,"footnotes":""},"categories":[123,186,28,40,187,61,62],"tags":[296,125,309,290,130],"class_list":["entry","author-admin","post-8929","post","type-post","status-publish","format-standard","has-post-thumbnail","category-aktualnosci","category-budzet","category-dla-mieszkanca","category-wolominski","category-samorzad","category-zabki","category-zabki-wolominski","tag-mieszkancy","tag-powiat-wolominski","tag-samorzad","tag-wydarzenia","tag-zabki"],"aioseo_notices":[],"_links":{"self":[{"href":"https:\/\/naszpowiat.info\/index.php\/wp-json\/wp\/v2\/posts\/8929","targetHints":{"allow":["GET"]}}],"collection":[{"href":"https:\/\/naszpowiat.info\/index.php\/wp-json\/wp\/v2\/posts"}],"about":[{"href":"https:\/\/naszpowiat.info\/index.php\/wp-json\/wp\/v2\/types\/post"}],"author":[{"embeddable":true,"href":"https:\/\/naszpowiat.info\/index.php\/wp-json\/wp\/v2\/users\/9"}],"replies":[{"embeddable":true,"href":"https:\/\/naszpowiat.info\/index.php\/wp-json\/wp\/v2\/comments?post=8929"}],"version-history":[{"count":1,"href":"https:\/\/naszpowiat.info\/index.php\/wp-json\/wp\/v2\/posts\/8929\/revisions"}],"predecessor-version":[{"id":8931,"href":"https:\/\/naszpowiat.info\/index.php\/wp-json\/wp\/v2\/posts\/8929\/revisions\/8931"}],"wp:featuredmedia":[{"embeddable":true,"href":"https:\/\/naszpowiat.info\/index.php\/wp-json\/wp\/v2\/media\/8930"}],"wp:attachment":[{"href":"https:\/\/naszpowiat.info\/index.php\/wp-json\/wp\/v2\/media?parent=8929"}],"wp:term":[{"taxonomy":"category","embeddable":true,"href":"https:\/\/naszpowiat.info\/index.php\/wp-json\/wp\/v2\/categories?post=8929"},{"taxonomy":"post_tag","embeddable":true,"href":"https:\/\/naszpowiat.info\/index.php\/wp-json\/wp\/v2\/tags?post=8929"}],"curies":[{"name":"wp","href":"https:\/\/api.w.org\/{rel}","templated":true}]}}