{"id":8926,"date":"2025-06-04T10:59:04","date_gmt":"2025-06-04T10:59:04","guid":{"rendered":"https:\/\/naszpowiat.info\/?p=8926"},"modified":"2025-06-04T10:59:05","modified_gmt":"2025-06-04T10:59:05","slug":"mlodziez-w-obliczu-zagrozen-podsumowanie-waznej-kampanii-spolecznej-w-siedlcach","status":"publish","type":"post","link":"https:\/\/naszpowiat.info\/index.php\/2025\/06\/04\/mlodziez-w-obliczu-zagrozen-podsumowanie-waznej-kampanii-spolecznej-w-siedlcach\/","title":{"rendered":"M\u0142odzie\u017c w obliczu zagro\u017ce\u0144 \u2013 podsumowanie wa\u017cnej kampanii spo\u0142ecznej w Siedlcach"},"content":{"rendered":"\n<p>3 czerwca 2025 roku w murach Centrum Kultury i Sztuki w Siedlcach odby\u0142a si\u0119 konferencja podsumowuj\u0105ca kampani\u0119 spo\u0142eczn\u0105 pod has\u0142em \u201eWidz\u0119 \u2013 Rozmawiam \u2013 Reaguj\u0119. O zagro\u017ceniach czyhaj\u0105cych na wsp\u00f3\u0142czesn\u0105 m\u0142odzie\u017c\u201d. Wydarzenie mia\u0142o wyj\u0105tkowy wymiar zar\u00f3wno pod wzgl\u0119dem merytorycznym, jak i symbolicznym \u2013 podj\u0119to bowiem temat niezwykle aktualny i istotny z punktu widzenia rodzin, szk\u00f3\u0142, instytucji oraz samych m\u0142odych ludzi. Patronat honorowy nad inicjatyw\u0105 obj\u0105\u0142 Prezydent Miasta Siedlce, Tomasz Hapunowicz, co podkre\u015bli\u0142o rang\u0119 oraz lokalne zaanga\u017cowanie w przeciwdzia\u0142anie zagro\u017ceniom, kt\u00f3re coraz cz\u0119\u015bciej dotykaj\u0105 dzieci i nastolatk\u00f3w.<\/p>\n\n\n\n<p>Konferencja by\u0142a zwie\u0144czeniem szerokiej kampanii edukacyjnej, kt\u00f3rej g\u0142\u00f3wnym celem by\u0142o zwi\u0119kszenie \u015bwiadomo\u015bci spo\u0142ecznej na temat wsp\u00f3\u0142czesnych niebezpiecze\u0144stw, z jakimi mierzy si\u0119 m\u0142odzie\u017c \u2013 zar\u00f3wno w przestrzeni realnej, jak i w \u015bwiecie cyfrowym. Eksperci, pedagodzy, psychologowie i przedstawiciele s\u0142u\u017cb mundurowych zwracali uwag\u0119 na rosn\u0105c\u0105 skal\u0119 problem\u00f3w takich jak cyberprzemoc, uzale\u017cnienia od technologii, presja w mediach spo\u0142eczno\u015bciowych, depresja czy wczesne przejawy demoralizacji. Wskazywano tak\u017ce na potrzeb\u0119 otwartego dialogu i wsp\u00f3\u0142pracy pomi\u0119dzy rodzicami, nauczycielami, instytucjami oraz samymi uczniami. Spotkanie mia\u0142o charakter interdyscyplinarny \u2013 \u0142\u0105cz\u0105c wiedz\u0119 naukow\u0105 z praktyk\u0105, umo\u017cliwia\u0142o wymian\u0119 do\u015bwiadcze\u0144 i wsp\u00f3lne wypracowanie dzia\u0142a\u0144 prewencyjnych.<\/p>\n\n\n\n<p>Kampania \u201eWidz\u0119 \u2013 Rozmawiam \u2013 Reaguj\u0119\u201d by\u0142a realizowana przez wiele tygodni i obejmowa\u0142a liczne dzia\u0142ania lokalne \u2013 od warsztat\u00f3w dla m\u0142odzie\u017cy i rodzic\u00f3w, przez spotkania z ekspertami, po aktywno\u015bci profilaktyczne w szko\u0142ach. Ka\u017cdy z tych element\u00f3w sk\u0142ada\u0142 si\u0119 na sp\u00f3jne przes\u0142anie: nie mo\u017cna by\u0107 oboj\u0119tnym wobec problem\u00f3w m\u0142odych ludzi, a reagowanie na pierwsze sygna\u0142y kryzysu jest kluczowe. Podczas konferencji podkre\u015blano, \u017ce rozmowa i uwa\u017cno\u015b\u0107 to narz\u0119dzia, kt\u00f3re mog\u0105 uratowa\u0107 zdrowie psychiczne i \u017cycie niejednego nastolatka.<\/p>\n\n\n\n<p>Organizatorzy kampanii zapowiedzieli kontynuacj\u0119 dzia\u0142a\u0144 profilaktycznych, maj\u0105c \u015bwiadomo\u015b\u0107, \u017ce tylko d\u0142ugofalowe i zintegrowane strategie mog\u0105 przynie\u015b\u0107 realne efekty. Uczestnicy konferencji zgodnie wyrazili przekonanie, \u017ce rozmowa o problemach nie jest oznak\u0105 s\u0142abo\u015bci, ale si\u0142y \u2013 zar\u00f3wno po stronie m\u0142odzie\u017cy, jak i doros\u0142ych.<\/p>\n\n\n<div class=\"wp-block-image\">\n<figure class=\"aligncenter size-large is-resized\"><img loading=\"lazy\" decoding=\"async\" width=\"1024\" height=\"683\" src=\"https:\/\/naszpowiat.info\/wp-content\/uploads\/2025\/06\/image-4-1024x683.png\" alt=\"\" class=\"wp-image-8927\" style=\"width:783px;height:auto\" srcset=\"https:\/\/naszpowiat.info\/wp-content\/uploads\/2025\/06\/image-4-1024x683.png 1024w, https:\/\/naszpowiat.info\/wp-content\/uploads\/2025\/06\/image-4-300x200.png 300w, https:\/\/naszpowiat.info\/wp-content\/uploads\/2025\/06\/image-4-768x512.png 768w, https:\/\/naszpowiat.info\/wp-content\/uploads\/2025\/06\/image-4-1536x1024.png 1536w, https:\/\/naszpowiat.info\/wp-content\/uploads\/2025\/06\/image-4-465x310.png 465w, https:\/\/naszpowiat.info\/wp-content\/uploads\/2025\/06\/image-4-695x463.png 695w, https:\/\/naszpowiat.info\/wp-content\/uploads\/2025\/06\/image-4.png 1920w\" sizes=\"auto, (max-width: 1024px) 100vw, 1024px\" \/><figcaption class=\"wp-element-caption\">Fot. siedlce.pl<\/figcaption><\/figure>\n<\/div><div class=\"naszp-po-tresci\" id=\"naszp-3744154675\"><script async src=\"\/\/pagead2.googlesyndication.com\/pagead\/js\/adsbygoogle.js?client=ca-pub-5304901113955943\" crossorigin=\"anonymous\"><\/script><ins class=\"adsbygoogle\" style=\"display:block;\" data-ad-client=\"ca-pub-5304901113955943\" \ndata-ad-slot=\"9226873542\" \ndata-ad-format=\"auto\"><\/ins>\n<script> \n(adsbygoogle = window.adsbygoogle || []).push({}); \n<\/script>\n<\/div>","protected":false},"excerpt":{"rendered":"<p>3 czerwca 2025 roku w murach Centrum Kultury i Sztuki w Siedlcach odby\u0142a si\u0119 konferencja podsumowuj\u0105ca kampani\u0119 spo\u0142eczn\u0105 pod has\u0142em \u201eWidz\u0119 \u2013 Rozmawiam \u2013 Reaguj\u0119. O zagro\u017ceniach czyhaj\u0105cych na wsp\u00f3\u0142czesn\u0105 m\u0142odzie\u017c\u201d. Wydarzenie mia\u0142o wyj\u0105tkowy wymiar zar\u00f3wno pod wzgl\u0119dem merytorycznym, jak i symbolicznym \u2013 podj\u0119to bowiem temat niezwykle aktualny i istotny<span class=\"more-link\"><a href=\"https:\/\/naszpowiat.info\/index.php\/2025\/06\/04\/mlodziez-w-obliczu-zagrozen-podsumowanie-waznej-kampanii-spolecznej-w-siedlcach\/\">Czytaj dalej<\/a><\/span><\/p>\n","protected":false},"author":9,"featured_media":8927,"comment_status":"open","ping_status":"open","sticky":false,"template":"","format":"standard","meta":{"_monsterinsights_skip_tracking":false,"_monsterinsights_sitenote_active":false,"_monsterinsights_sitenote_note":"","_monsterinsights_sitenote_category":0,"footnotes":""},"categories":[123,172,28,191,225,31,187,226,59,228],"tags":[1213,207,454,711,309,474,290,1214],"class_list":["entry","author-admin","post-8926","post","type-post","status-publish","format-standard","has-post-thumbnail","category-aktualnosci","category-bezpieczenstwo","category-dla-mieszkanca","category-edukacja","category-miasta","category-powiaty-mazowieckiego","category-samorzad","category-siedlce","category-wydarzenia","category-zdrowie","tag-cyberprzemoc","tag-kultura","tag-mlodziez","tag-profilaktyka","tag-samorzad","tag-siedlce","tag-wydarzenia","tag-zdrowie-psychiczne"],"aioseo_notices":[],"_links":{"self":[{"href":"https:\/\/naszpowiat.info\/index.php\/wp-json\/wp\/v2\/posts\/8926","targetHints":{"allow":["GET"]}}],"collection":[{"href":"https:\/\/naszpowiat.info\/index.php\/wp-json\/wp\/v2\/posts"}],"about":[{"href":"https:\/\/naszpowiat.info\/index.php\/wp-json\/wp\/v2\/types\/post"}],"author":[{"embeddable":true,"href":"https:\/\/naszpowiat.info\/index.php\/wp-json\/wp\/v2\/users\/9"}],"replies":[{"embeddable":true,"href":"https:\/\/naszpowiat.info\/index.php\/wp-json\/wp\/v2\/comments?post=8926"}],"version-history":[{"count":1,"href":"https:\/\/naszpowiat.info\/index.php\/wp-json\/wp\/v2\/posts\/8926\/revisions"}],"predecessor-version":[{"id":8928,"href":"https:\/\/naszpowiat.info\/index.php\/wp-json\/wp\/v2\/posts\/8926\/revisions\/8928"}],"wp:featuredmedia":[{"embeddable":true,"href":"https:\/\/naszpowiat.info\/index.php\/wp-json\/wp\/v2\/media\/8927"}],"wp:attachment":[{"href":"https:\/\/naszpowiat.info\/index.php\/wp-json\/wp\/v2\/media?parent=8926"}],"wp:term":[{"taxonomy":"category","embeddable":true,"href":"https:\/\/naszpowiat.info\/index.php\/wp-json\/wp\/v2\/categories?post=8926"},{"taxonomy":"post_tag","embeddable":true,"href":"https:\/\/naszpowiat.info\/index.php\/wp-json\/wp\/v2\/tags?post=8926"}],"curies":[{"name":"wp","href":"https:\/\/api.w.org\/{rel}","templated":true}]}}