{"id":8916,"date":"2025-06-04T10:28:37","date_gmt":"2025-06-04T10:28:37","guid":{"rendered":"https:\/\/naszpowiat.info\/?p=8916"},"modified":"2025-06-04T10:28:38","modified_gmt":"2025-06-04T10:28:38","slug":"festiwal-capoeira-w-zabkach-trzy-dni-pelne-pasji-nauki-i-afro-brazylijskiej-sztuki-walki","status":"publish","type":"post","link":"https:\/\/naszpowiat.info\/index.php\/2025\/06\/04\/festiwal-capoeira-w-zabkach-trzy-dni-pelne-pasji-nauki-i-afro-brazylijskiej-sztuki-walki\/","title":{"rendered":"Festiwal Capoeira w Z\u0105bkach &#8211; trzy dni pe\u0142ne pasji, nauki i\u00a0afro-brazylijskiej sztuki walki!"},"content":{"rendered":"\n<p>W dniach 23-25 maja Z\u0105bki sta\u0142y si\u0119 t\u0119tni\u0105cym brazylijska energi\u0105 centrum capoeira za spraw\u0105 wyj\u0105tkowego Festiwalu Capoeira zorganizowanego przez lokalna grup\u0119 &#8222;Besouro de Ouro&#8221; pod przewodnictwem Professory Agaty Ko\u0142odziej. Przez trzy dni Szko\u0142a Podstawowa nr 6 go\u015bci\u0142a entuzjast\u00f3w tej afro-brazylijskiej sztuki walki z ca\u0142ej Polski, Europy i Brazylii.<\/p>\n\n\n\n<p>W warsztatach udzia\u0142 wzi\u0119\u0142y osoby w przedziale wiekowym 4-55 lat. Na uczestnik\u00f3w czeka\u0142o 15 godzin intensywnych zaj\u0119\u0107, a tak\u017ce trzy wyj\u0105tkowe pokazy capoeira.<br><\/p>\n\n\n\n<p>Festiwal u\u015bwietnili wyj\u0105tkowi go\u015bcie i nauczyciele Capoeira, kt\u00f3rzy dzielili si\u0119 swoj\u0105 wiedz\u0105, pasj\u0105 i do\u015bwiadczeniem.<\/p>\n\n\n\n<p>Wydarzenie odby\u0142o si\u0119 pod Patronatem Burmistrza Miasta Z\u0105bki Ma\u0142gorzaty Zy\u015bk.<\/p>\n\n\n\n<figure class=\"wp-block-image size-large is-resized\"><img loading=\"lazy\" decoding=\"async\" width=\"1024\" height=\"768\" src=\"https:\/\/naszpowiat.info\/wp-content\/uploads\/2025\/06\/whatsapp-image-2025-05-27-at-17-20-53-1024x768.jpeg\" alt=\"\" class=\"wp-image-8917\" style=\"width:578px;height:auto\" srcset=\"https:\/\/naszpowiat.info\/wp-content\/uploads\/2025\/06\/whatsapp-image-2025-05-27-at-17-20-53-1024x768.jpeg 1024w, https:\/\/naszpowiat.info\/wp-content\/uploads\/2025\/06\/whatsapp-image-2025-05-27-at-17-20-53-300x225.jpeg 300w, https:\/\/naszpowiat.info\/wp-content\/uploads\/2025\/06\/whatsapp-image-2025-05-27-at-17-20-53-768x576.jpeg 768w, https:\/\/naszpowiat.info\/wp-content\/uploads\/2025\/06\/whatsapp-image-2025-05-27-at-17-20-53-1536x1152.jpeg 1536w, https:\/\/naszpowiat.info\/wp-content\/uploads\/2025\/06\/whatsapp-image-2025-05-27-at-17-20-53-465x349.jpeg 465w, https:\/\/naszpowiat.info\/wp-content\/uploads\/2025\/06\/whatsapp-image-2025-05-27-at-17-20-53-667x500.jpeg 667w, https:\/\/naszpowiat.info\/wp-content\/uploads\/2025\/06\/whatsapp-image-2025-05-27-at-17-20-53.jpeg 2048w\" sizes=\"auto, (max-width: 1024px) 100vw, 1024px\" \/><figcaption class=\"wp-element-caption\">Fot. Urz\u0105d Miasta Z\u0105bki<\/figcaption><\/figure>\n<div class=\"naszp-po-tresci\" id=\"naszp-2615165106\"><script async src=\"\/\/pagead2.googlesyndication.com\/pagead\/js\/adsbygoogle.js?client=ca-pub-5304901113955943\" crossorigin=\"anonymous\"><\/script><ins class=\"adsbygoogle\" style=\"display:block;\" data-ad-client=\"ca-pub-5304901113955943\" \ndata-ad-slot=\"9226873542\" \ndata-ad-format=\"auto\"><\/ins>\n<script> \n(adsbygoogle = window.adsbygoogle || []).push({}); \n<\/script>\n<\/div>","protected":false},"excerpt":{"rendered":"<p>W dniach 23-25 maja Z\u0105bki sta\u0142y si\u0119 t\u0119tni\u0105cym brazylijska energi\u0105 centrum capoeira za spraw\u0105 wyj\u0105tkowego Festiwalu Capoeira zorganizowanego przez lokalna grup\u0119 &#8222;Besouro de Ouro&#8221; pod przewodnictwem Professory Agaty Ko\u0142odziej. Przez trzy dni Szko\u0142a Podstawowa nr 6 go\u015bci\u0142a entuzjast\u00f3w tej afro-brazylijskiej sztuki walki z ca\u0142ej Polski, Europy i Brazylii. W warsztatach<span class=\"more-link\"><a href=\"https:\/\/naszpowiat.info\/index.php\/2025\/06\/04\/festiwal-capoeira-w-zabkach-trzy-dni-pelne-pasji-nauki-i-afro-brazylijskiej-sztuki-walki\/\">Czytaj dalej<\/a><\/span><\/p>\n","protected":false},"author":9,"featured_media":8917,"comment_status":"open","ping_status":"open","sticky":false,"template":"","format":"standard","meta":{"_monsterinsights_skip_tracking":false,"_monsterinsights_sitenote_active":false,"_monsterinsights_sitenote_note":"","_monsterinsights_sitenote_category":0,"footnotes":""},"categories":[123,40,187,157,61,62],"tags":[125,309,138,290,130],"class_list":["entry","author-admin","post-8916","post","type-post","status-publish","format-standard","has-post-thumbnail","category-aktualnosci","category-wolominski","category-samorzad","category-sport","category-zabki","category-zabki-wolominski","tag-powiat-wolominski","tag-samorzad","tag-sport","tag-wydarzenia","tag-zabki"],"aioseo_notices":[],"_links":{"self":[{"href":"https:\/\/naszpowiat.info\/index.php\/wp-json\/wp\/v2\/posts\/8916","targetHints":{"allow":["GET"]}}],"collection":[{"href":"https:\/\/naszpowiat.info\/index.php\/wp-json\/wp\/v2\/posts"}],"about":[{"href":"https:\/\/naszpowiat.info\/index.php\/wp-json\/wp\/v2\/types\/post"}],"author":[{"embeddable":true,"href":"https:\/\/naszpowiat.info\/index.php\/wp-json\/wp\/v2\/users\/9"}],"replies":[{"embeddable":true,"href":"https:\/\/naszpowiat.info\/index.php\/wp-json\/wp\/v2\/comments?post=8916"}],"version-history":[{"count":1,"href":"https:\/\/naszpowiat.info\/index.php\/wp-json\/wp\/v2\/posts\/8916\/revisions"}],"predecessor-version":[{"id":8918,"href":"https:\/\/naszpowiat.info\/index.php\/wp-json\/wp\/v2\/posts\/8916\/revisions\/8918"}],"wp:featuredmedia":[{"embeddable":true,"href":"https:\/\/naszpowiat.info\/index.php\/wp-json\/wp\/v2\/media\/8917"}],"wp:attachment":[{"href":"https:\/\/naszpowiat.info\/index.php\/wp-json\/wp\/v2\/media?parent=8916"}],"wp:term":[{"taxonomy":"category","embeddable":true,"href":"https:\/\/naszpowiat.info\/index.php\/wp-json\/wp\/v2\/categories?post=8916"},{"taxonomy":"post_tag","embeddable":true,"href":"https:\/\/naszpowiat.info\/index.php\/wp-json\/wp\/v2\/tags?post=8916"}],"curies":[{"name":"wp","href":"https:\/\/api.w.org\/{rel}","templated":true}]}}