{"id":8913,"date":"2025-06-03T14:08:14","date_gmt":"2025-06-03T14:08:14","guid":{"rendered":"https:\/\/naszpowiat.info\/?p=8913"},"modified":"2025-06-03T14:08:15","modified_gmt":"2025-06-03T14:08:15","slug":"wolomin-i-pruszkow-lacza-sily-sport-wspolpraca-i-nowa-energia-miedzy-miastami","status":"publish","type":"post","link":"https:\/\/naszpowiat.info\/index.php\/2025\/06\/03\/wolomin-i-pruszkow-lacza-sily-sport-wspolpraca-i-nowa-energia-miedzy-miastami\/","title":{"rendered":"Wo\u0142omin i Pruszk\u00f3w \u0142\u0105cz\u0105 si\u0142y! Sport, wsp\u00f3\u0142praca i nowa energia mi\u0119dzy miastami"},"content":{"rendered":"\n<p>We wtorkowe popo\u0142udnie, 3 czerwca 2025 roku, w murach Urz\u0119du Miasta Wo\u0142omin rozegra\u0142o si\u0119 wydarzenie, kt\u00f3re zwiastuje nowy rozdzia\u0142 we wsp\u00f3\u0142pracy mi\u0119dzy Wo\u0142ominem a Pruszkowem. Podczas oficjalnego spotkania przedstawicielki obu samorz\u0105d\u00f3w \u2013 burmistrz Wo\u0142omina El\u017cbieta Radwan oraz Zast\u0119pca Prezydenta Pruszkowa Dorota Kossakowska \u2013 wsp\u00f3lnie zadeklarowa\u0142y powr\u00f3t do mi\u0119dzymiastowych turniej\u00f3w sportowych i zacie\u015bnienie partnerskich relacji na wielu poziomach.<\/p>\n\n\n\n<p>Spotkanie, kt\u00f3re odby\u0142o si\u0119 w atmosferze \u017cyczliwo\u015bci i wzajemnego szacunku, przynios\u0142o konkretne rezultaty. Delegacja z Pruszkowa przyby\u0142a do Wo\u0142omina z nietypowym, ale wymownym podarunkiem \u2013 s\u0142odkimi kr\u00f3wkami \u2013 jako sympatycznym akcentem nawi\u0105zuj\u0105cym do wygranej Pruszkowa w frekwencyjnym pojedynku podczas ostatnich wybor\u00f3w prezydenckich. Ten symboliczny gest, cho\u0107 drobny, stanowi\u0142 wyra\u017any znak otwarto\u015bci i ch\u0119ci do dalszej, owocnej wsp\u00f3\u0142pracy.<\/p>\n\n\n\n<p>W ramach inicjatyw maj\u0105cych zbli\u017cy\u0107 oba miasta i pokaza\u0107 ich nowe, pozytywne oblicze, burmistrz El\u017cbieta Radwan otrzyma\u0142a zaproszenie do udzia\u0142u w kajakowym wyzwaniu, kt\u00f3re odb\u0119dzie si\u0119 ju\u017c w lipcu na malowniczych Stawach Potulickich w Pruszkowie. To wydarzenie ma by\u0107 pierwszym z wielu, kt\u00f3re maj\u0105 na celu nie tylko integracj\u0119 spo\u0142eczno\u015bci lokalnych, ale tak\u017ce symboliczne \u201eodczarowanie\u201d wizerunku Wo\u0142omina i Pruszkowa, kt\u00f3ry wci\u0105\u017c bywa niesprawiedliwie kojarzony z przesz\u0142o\u015bci\u0105 lat 90.<\/p>\n\n\n\n<p>Wa\u017cnym krokiem b\u0119dzie powo\u0142anie mi\u0119dzygminnej grupy roboczej, kt\u00f3ra skupi si\u0119 na opracowywaniu i wdra\u017caniu konkretnych dzia\u0142a\u0144. Wst\u0119pne ustalenia obejmuj\u0105 m.in. cykl sportowych turniej\u00f3w, a tak\u017ce rowerowe wycieczki, kt\u00f3re maj\u0105 by\u0107 organizowane naprzemiennie przez oba miasta, by z jednej strony zach\u0119ci\u0107 mieszka\u0144c\u00f3w do aktywno\u015bci fizycznej, a z drugiej \u2013 wzmocni\u0107 mi\u0119dzyludzkie wi\u0119zi i wzajemne zrozumienie.<\/p>\n\n\n\n<p>Pierwsza wsp\u00f3lna inicjatywa odb\u0119dzie si\u0119 ju\u017c 14 sierpnia w Ossowie (gmina Wo\u0142omin), podczas obchod\u00f3w 105. rocznicy Bitwy Warszawskiej i tzw. \u201eCudu nad Wis\u0142\u0105\u201d. Wydarzenie ma by\u0107 nie tylko okazj\u0105 do upami\u0119tnienia wa\u017cnych kart polskiej historii, ale tak\u017ce do integracji mieszka\u0144c\u00f3w obu miast poprzez sport i wsp\u00f3lne dzia\u0142ania.<\/p>\n\n\n<div class=\"wp-block-image\">\n<figure class=\"aligncenter size-large is-resized\"><img loading=\"lazy\" decoding=\"async\" width=\"1024\" height=\"793\" src=\"https:\/\/naszpowiat.info\/wp-content\/uploads\/2025\/06\/image-1-1024x793.png\" alt=\"\" class=\"wp-image-8914\" style=\"width:730px;height:auto\" srcset=\"https:\/\/naszpowiat.info\/wp-content\/uploads\/2025\/06\/image-1-1024x793.png 1024w, https:\/\/naszpowiat.info\/wp-content\/uploads\/2025\/06\/image-1-300x232.png 300w, https:\/\/naszpowiat.info\/wp-content\/uploads\/2025\/06\/image-1-768x594.png 768w, https:\/\/naszpowiat.info\/wp-content\/uploads\/2025\/06\/image-1-1536x1189.png 1536w, https:\/\/naszpowiat.info\/wp-content\/uploads\/2025\/06\/image-1-465x360.png 465w, https:\/\/naszpowiat.info\/wp-content\/uploads\/2025\/06\/image-1-646x500.png 646w, https:\/\/naszpowiat.info\/wp-content\/uploads\/2025\/06\/image-1.png 2048w\" sizes=\"auto, (max-width: 1024px) 100vw, 1024px\" \/><figcaption class=\"wp-element-caption\">Fot. pruszkow.com<\/figcaption><\/figure>\n<\/div><div class=\"naszp-po-tresci\" id=\"naszp-2747769436\"><script async src=\"\/\/pagead2.googlesyndication.com\/pagead\/js\/adsbygoogle.js?client=ca-pub-5304901113955943\" crossorigin=\"anonymous\"><\/script><ins class=\"adsbygoogle\" style=\"display:block;\" data-ad-client=\"ca-pub-5304901113955943\" \ndata-ad-slot=\"9226873542\" \ndata-ad-format=\"auto\"><\/ins>\n<script> \n(adsbygoogle = window.adsbygoogle || []).push({}); \n<\/script>\n<\/div>","protected":false},"excerpt":{"rendered":"<p>We wtorkowe popo\u0142udnie, 3 czerwca 2025 roku, w murach Urz\u0119du Miasta Wo\u0142omin rozegra\u0142o si\u0119 wydarzenie, kt\u00f3re zwiastuje nowy rozdzia\u0142 we wsp\u00f3\u0142pracy mi\u0119dzy Wo\u0142ominem a Pruszkowem. Podczas oficjalnego spotkania przedstawicielki obu samorz\u0105d\u00f3w \u2013 burmistrz Wo\u0142omina El\u017cbieta Radwan oraz Zast\u0119pca Prezydenta Pruszkowa Dorota Kossakowska \u2013 wsp\u00f3lnie zadeklarowa\u0142y powr\u00f3t do mi\u0119dzymiastowych turniej\u00f3w sportowych<span class=\"more-link\"><a href=\"https:\/\/naszpowiat.info\/index.php\/2025\/06\/03\/wolomin-i-pruszkow-lacza-sily-sport-wspolpraca-i-nowa-energia-miedzy-miastami\/\">Czytaj dalej<\/a><\/span><\/p>\n","protected":false},"author":9,"featured_media":8914,"comment_status":"open","ping_status":"open","sticky":false,"template":"","format":"standard","meta":{"_monsterinsights_skip_tracking":false,"_monsterinsights_sitenote_active":false,"_monsterinsights_sitenote_note":"","_monsterinsights_sitenote_category":0,"footnotes":""},"categories":[123,28,177,127,38,31,42,187,59],"tags":[207,141,309,138,124,521,290],"class_list":["entry","author-admin","post-8913","post","type-post","status-publish","format-standard","has-post-thumbnail","category-aktualnosci","category-dla-mieszkanca","category-gospodarka","category-inwestycje","category-pruszkowski","category-powiaty-mazowieckiego","category-pruszkow","category-samorzad","category-wydarzenia","tag-kultura","tag-pruszkow","tag-samorzad","tag-sport","tag-wolomin","tag-wspolpraca","tag-wydarzenia"],"aioseo_notices":[],"_links":{"self":[{"href":"https:\/\/naszpowiat.info\/index.php\/wp-json\/wp\/v2\/posts\/8913","targetHints":{"allow":["GET"]}}],"collection":[{"href":"https:\/\/naszpowiat.info\/index.php\/wp-json\/wp\/v2\/posts"}],"about":[{"href":"https:\/\/naszpowiat.info\/index.php\/wp-json\/wp\/v2\/types\/post"}],"author":[{"embeddable":true,"href":"https:\/\/naszpowiat.info\/index.php\/wp-json\/wp\/v2\/users\/9"}],"replies":[{"embeddable":true,"href":"https:\/\/naszpowiat.info\/index.php\/wp-json\/wp\/v2\/comments?post=8913"}],"version-history":[{"count":1,"href":"https:\/\/naszpowiat.info\/index.php\/wp-json\/wp\/v2\/posts\/8913\/revisions"}],"predecessor-version":[{"id":8915,"href":"https:\/\/naszpowiat.info\/index.php\/wp-json\/wp\/v2\/posts\/8913\/revisions\/8915"}],"wp:featuredmedia":[{"embeddable":true,"href":"https:\/\/naszpowiat.info\/index.php\/wp-json\/wp\/v2\/media\/8914"}],"wp:attachment":[{"href":"https:\/\/naszpowiat.info\/index.php\/wp-json\/wp\/v2\/media?parent=8913"}],"wp:term":[{"taxonomy":"category","embeddable":true,"href":"https:\/\/naszpowiat.info\/index.php\/wp-json\/wp\/v2\/categories?post=8913"},{"taxonomy":"post_tag","embeddable":true,"href":"https:\/\/naszpowiat.info\/index.php\/wp-json\/wp\/v2\/tags?post=8913"}],"curies":[{"name":"wp","href":"https:\/\/api.w.org\/{rel}","templated":true}]}}