{"id":8910,"date":"2025-06-03T07:56:30","date_gmt":"2025-06-03T07:56:30","guid":{"rendered":"https:\/\/naszpowiat.info\/?p=8910"},"modified":"2025-06-03T07:56:32","modified_gmt":"2025-06-03T07:56:32","slug":"czerwiec-2025-w-muzeum-piaseczna","status":"publish","type":"post","link":"https:\/\/naszpowiat.info\/index.php\/2025\/06\/03\/czerwiec-2025-w-muzeum-piaseczna\/","title":{"rendered":"Czerwiec 2025 w Muzeum Piaseczna"},"content":{"rendered":"\n<p>Muzeum Piaseczna zaprasza na bezp\u0142atne wydarzenia organizowane w czerwcu 2025 roku. Przypominamy te\u017c, \u017ce w weekendy mo\u017cna zwiedza\u0107 Dom \u201cZo\u015bki\u201d (w soboty) oraz Poniat\u00f3wk\u0119 (w niedziele). Wi\u0119cej informacji w artykule:&nbsp;<a href=\"https:\/\/piaseczno.eu\/zajrzyj-w-weekend-do-poniatowki-i-domu-zoski\/\">Zajrzyj w weekend do Poniat\u00f3wki i Domu \u201cZo\u015bki\u201d<\/a>.2828<\/p>\n\n\n\n<p><strong>170-lecie Henrykowa-Urocze<\/strong><\/p>\n\n\n\n<p>Animacje plastyczne:&nbsp;Jak b\u0119dzie wygl\u0105da\u0142 Henryk\u00f3w-Urocze za kolejne 170 lat?<\/p>\n\n\n\n<p>Przywileje urodzinowe dla Henrykowa&nbsp;\u2013 tworzymy przysz\u0142o\u015b\u0107 i wracamy do przesz\u0142o\u015bci! Animacje, tworzenie tekstu przywilej\u00f3w oraz lakowych piecz\u0119ci.<\/p>\n\n\n\n<p>14 czerwca 2025 (sobota), godz. 14.00, Henryk\u00f3w-Urocze,&nbsp;Park Uroczy, Mokra 11, wst\u0119p wolny.<\/p>\n\n\n\n<p><strong>Spotkanie pracownik\u00f3w ZELOS, LAMINA, POLKOLOR<\/strong><\/p>\n\n\n\n<p>W programie spotkania: debata z uczestnikami, weryfikacja zdj\u0119\u0107 i innych materia\u0142\u00f3w historycznych, realizacja wywiad\u00f3w z emerytowanymi pracownikami zak\u0142ad\u00f3w.<\/p>\n\n\n\n<p>14 czerwca 2025 (sobota), godz. 11.00, CEM Piaseczno, Jana Paw\u0142a II 55, wst\u0119p wolny, obowi\u0105zkowa rejestracja sms: imi\u0119\/ nazwisko\/ zak\u0142ad pod numerem \u2013 731658658.<\/p>\n\n\n\n<p><strong>500-lecie w\u0142\u0105czenia Mazowsza do Kr\u00f3lestwa Polskiego \u2013 wystawa plenerowa<\/strong><\/p>\n\n\n\n<p>Wystawa plenerowa z okazji rocznicy w\u0142\u0105czenia Mazowsza do Kr\u00f3lestwa Polskiego. Ekspozycja b\u0119dzie dost\u0119pna od 16 czerwca do 18 lipca 2025 r.<\/p>\n\n\n\n<p>16 czerwca 2025 (poniedzia\u0142ek), Muzeum Piaseczna, pl. Pi\u0142sudskiego 10, wst\u0119p wolny.<\/p>\n\n\n\n<p><strong>Zielone \u015awi\u0105tki, Noc Kupa\u0142y i \u015awi\u0119toja\u0144ska Sob\u00f3tka \u2013 zwyczaje zwi\u0105zane z przesileniem letnim<\/strong><\/p>\n\n\n\n<p>Jak\u0105 magi\u0119 mia\u0142 w sobie zielony tatarak i kiedy okadzano krowy? W trakcie spotkania poznacie zwyczaje zwi\u0105zane z oczyszczaj\u0105ca rol\u0105 ognia, zio\u0142ami, wyp\u0119dzaniem z\u0142a oraz dowiecie si\u0119 dlaczego&nbsp;\u201ena \u015bwi\u0119ty Jan ka\u017cdy by\u0142 sobie pan\u201d.<\/p>\n\n\n\n<p>Wyk\u0142ad prowadzi historyk \u0141ukasz Starczewski, wikariusz parafii \u015bw. Anny.<\/p>\n\n\n\n<p>22 czerwca 2025 (niedziela), godz. 16.00, Muzeum Piaseczna, pl. Pi\u0142sudskiego 10, wst\u0119p wolny.<\/p>\n\n\n\n<figure class=\"wp-block-image size-large is-resized\"><img loading=\"lazy\" decoding=\"async\" width=\"724\" height=\"1024\" src=\"https:\/\/naszpowiat.info\/wp-content\/uploads\/2025\/06\/MAJ-3-1086x1536-1-724x1024.png\" alt=\"\" class=\"wp-image-8911\" style=\"width:623px;height:auto\" srcset=\"https:\/\/naszpowiat.info\/wp-content\/uploads\/2025\/06\/MAJ-3-1086x1536-1-724x1024.png 724w, https:\/\/naszpowiat.info\/wp-content\/uploads\/2025\/06\/MAJ-3-1086x1536-1-212x300.png 212w, https:\/\/naszpowiat.info\/wp-content\/uploads\/2025\/06\/MAJ-3-1086x1536-1-768x1086.png 768w, https:\/\/naszpowiat.info\/wp-content\/uploads\/2025\/06\/MAJ-3-1086x1536-1-389x550.png 389w, https:\/\/naszpowiat.info\/wp-content\/uploads\/2025\/06\/MAJ-3-1086x1536-1-354x500.png 354w, https:\/\/naszpowiat.info\/wp-content\/uploads\/2025\/06\/MAJ-3-1086x1536-1.png 1086w\" sizes=\"auto, (max-width: 724px) 100vw, 724px\" \/><figcaption class=\"wp-element-caption\">Fot. Muzeum Piaseczna<\/figcaption><\/figure>\n<div class=\"naszp-po-tresci\" id=\"naszp-1895925237\"><script async src=\"\/\/pagead2.googlesyndication.com\/pagead\/js\/adsbygoogle.js?client=ca-pub-5304901113955943\" crossorigin=\"anonymous\"><\/script><ins class=\"adsbygoogle\" style=\"display:block;\" data-ad-client=\"ca-pub-5304901113955943\" \ndata-ad-slot=\"9226873542\" \ndata-ad-format=\"auto\"><\/ins>\n<script> \n(adsbygoogle = window.adsbygoogle || []).push({}); \n<\/script>\n<\/div>","protected":false},"excerpt":{"rendered":"<p>Muzeum Piaseczna zaprasza na bezp\u0142atne wydarzenia organizowane w czerwcu 2025 roku. Przypominamy te\u017c, \u017ce w weekendy mo\u017cna zwiedza\u0107 Dom \u201cZo\u015bki\u201d (w soboty) oraz Poniat\u00f3wk\u0119 (w niedziele). Wi\u0119cej informacji w artykule:&nbsp;Zajrzyj w weekend do Poniat\u00f3wki i Domu \u201cZo\u015bki\u201d.2828 170-lecie Henrykowa-Urocze Animacje plastyczne:&nbsp;Jak b\u0119dzie wygl\u0105da\u0142 Henryk\u00f3w-Urocze za kolejne 170 lat? Przywileje urodzinowe<span class=\"more-link\"><a href=\"https:\/\/naszpowiat.info\/index.php\/2025\/06\/03\/czerwiec-2025-w-muzeum-piaseczna\/\">Czytaj dalej<\/a><\/span><\/p>\n","protected":false},"author":9,"featured_media":8911,"comment_status":"open","ping_status":"open","sticky":false,"template":"","format":"standard","meta":{"_monsterinsights_skip_tracking":false,"_monsterinsights_sitenote_active":false,"_monsterinsights_sitenote_note":"","_monsterinsights_sitenote_category":0,"footnotes":""},"categories":[123,28,191,110,37,166],"tags":[273,207,274,151,290],"class_list":["entry","author-admin","post-8910","post","type-post","status-publish","format-standard","has-post-thumbnail","category-aktualnosci","category-dla-mieszkanca","category-edukacja","category-piaseczno","category-piaseczynski","category-rekreacja","tag-historia","tag-kultura","tag-muzeum","tag-piaseczno","tag-wydarzenia"],"aioseo_notices":[],"_links":{"self":[{"href":"https:\/\/naszpowiat.info\/index.php\/wp-json\/wp\/v2\/posts\/8910","targetHints":{"allow":["GET"]}}],"collection":[{"href":"https:\/\/naszpowiat.info\/index.php\/wp-json\/wp\/v2\/posts"}],"about":[{"href":"https:\/\/naszpowiat.info\/index.php\/wp-json\/wp\/v2\/types\/post"}],"author":[{"embeddable":true,"href":"https:\/\/naszpowiat.info\/index.php\/wp-json\/wp\/v2\/users\/9"}],"replies":[{"embeddable":true,"href":"https:\/\/naszpowiat.info\/index.php\/wp-json\/wp\/v2\/comments?post=8910"}],"version-history":[{"count":1,"href":"https:\/\/naszpowiat.info\/index.php\/wp-json\/wp\/v2\/posts\/8910\/revisions"}],"predecessor-version":[{"id":8912,"href":"https:\/\/naszpowiat.info\/index.php\/wp-json\/wp\/v2\/posts\/8910\/revisions\/8912"}],"wp:featuredmedia":[{"embeddable":true,"href":"https:\/\/naszpowiat.info\/index.php\/wp-json\/wp\/v2\/media\/8911"}],"wp:attachment":[{"href":"https:\/\/naszpowiat.info\/index.php\/wp-json\/wp\/v2\/media?parent=8910"}],"wp:term":[{"taxonomy":"category","embeddable":true,"href":"https:\/\/naszpowiat.info\/index.php\/wp-json\/wp\/v2\/categories?post=8910"},{"taxonomy":"post_tag","embeddable":true,"href":"https:\/\/naszpowiat.info\/index.php\/wp-json\/wp\/v2\/tags?post=8910"}],"curies":[{"name":"wp","href":"https:\/\/api.w.org\/{rel}","templated":true}]}}