{"id":8907,"date":"2025-06-02T20:13:10","date_gmt":"2025-06-02T20:13:10","guid":{"rendered":"https:\/\/naszpowiat.info\/?p=8907"},"modified":"2025-06-02T20:13:12","modified_gmt":"2025-06-02T20:13:12","slug":"konkurs-grantowy-z-mazowieckiej-aktywacji","status":"publish","type":"post","link":"https:\/\/naszpowiat.info\/index.php\/2025\/06\/02\/konkurs-grantowy-z-mazowieckiej-aktywacji\/","title":{"rendered":"Konkurs grantowy z Mazowieckiej Aktywacji!"},"content":{"rendered":"\n<p>Mazowsze ponownie stawia na ludzi z pomys\u0142ami, inicjatyw\u0105 i ch\u0119ci\u0105 do dzia\u0142ania! Wystartowa\u0142a kolejna ods\u0142ona konkursu grantowego \u201eMazowiecka Aktywacja\u201d, kt\u00f3ra ju\u017c od lat wspiera mieszka\u0144c\u00f3w w realizowaniu oddolnych, lokalnych projekt\u00f3w. Do 23 czerwca 2025 roku organizacje pozarz\u0105dowe, takie jak fundacje, stowarzyszenia, Ko\u0142a Gospody\u0144 Wiejskich, Ochotnicze Stra\u017ce Po\u017carne, kluby sportowe, sp\u00f3\u0142dzielnie socjalne, a tak\u017ce nieformalne grupy mieszka\u0144c\u00f3w i grupy samopomocowe dzia\u0142aj\u0105ce na terenie wojew\u00f3dztwa mazowieckiego mog\u0105 ubiega\u0107 si\u0119 o granty w wysoko\u015bci do 2000 z\u0142 lub 6500 z\u0142. To realna szansa, by przeku\u0107 dobre pomys\u0142y w konkretne dzia\u0142ania na rzecz lokalnych spo\u0142eczno\u015bci.<\/p>\n\n\n\n<p>Konkurs wspiera mini-projekty, kt\u00f3re b\u0119d\u0105 realizowane w okresie od 8 sierpnia do 20 listopada 2025 roku i kt\u00f3re odpowiadaj\u0105 na rzeczywiste potrzeby mieszka\u0144c\u00f3w. Nacisk po\u0142o\u017cony jest na dzia\u0142ania oddolne, przygotowywane przez ludzi, kt\u00f3rzy najlepiej znaj\u0105 swoje otoczenie. Mo\u017cna zg\u0142asza\u0107 inicjatywy o charakterze integracyjnym, edukacyjnym, kulturalnym, sportowym, prozdrowotnym czy ekologicznym. Warunkiem jest autentyczno\u015b\u0107, lokalno\u015b\u0107 i zaanga\u017cowanie spo\u0142eczno\u015bci.<\/p>\n\n\n\n<p>Wnioski nale\u017cy sk\u0142ada\u0107 wy\u0142\u0105cznie za po\u015brednictwem specjalnego generatora dost\u0119pnego na stronie internetowej <a>www.mazowieckaaktywacja.org.pl\/generator<\/a>. Nab\u00f3r trwa od 23 maja do 23 czerwca 2025 roku do godziny 23:59. Proces oceny przebiega w kilku etapach \u2013 od oceny formalnej i eksperckiej, po ocen\u0119 partycypacyjn\u0105, kt\u00f3ra jest wyj\u0105tkow\u0105 cech\u0105 tego konkursu. W tej ostatniej fazie to sami wnioskodawcy, poprzez wskazane osoby, oceniaj\u0105 nawzajem swoje projekty. Taka forma nie tylko wzmacnia poczucie sprawczo\u015bci, ale buduje r\u00f3wnie\u017c sie\u0107 wzajemnych inspiracji i odpowiedzialno\u015bci za wsp\u00f3lne dobro.<\/p>\n\n\n\n<p>Dofinansowanie przyznawane jest w dw\u00f3ch \u015bcie\u017ckach. \u015acie\u017cka A, przeznaczona dla grup nieformalnych i samopomocowych, pozwala na uzyskanie do 2000 z\u0142. \u015acie\u017cka B, skierowana do organizacji pozarz\u0105dowych, umo\u017cliwia zdobycie do 6500 z\u0142. W sumie do rozdysponowania jest a\u017c 212 000 z\u0142, co oznacza wsparcie dla minimum 43 projekt\u00f3w \u2013 15 mniejszych i 28 wi\u0119kszych.<\/p>\n\n\n\n<p>Aby wzi\u0105\u0107 udzia\u0142, nale\u017cy zapozna\u0107 si\u0119 z regulaminem, z\u0142o\u017cy\u0107 wniosek we wskazanym terminie, a po ewentualnym zakwalifikowaniu si\u0119 \u2013 zrealizowa\u0107 projekt i dostarczy\u0107 sprawozdanie do ko\u0144ca listopada. Niezb\u0119dnym elementem jest r\u00f3wnie\u017c udzia\u0142 w ocenie partycypacyjnej \u2013 ka\u017cda grupa musi wskaza\u0107 osob\u0119, kt\u00f3ra oceni od 5 do 10 wniosk\u00f3w innych uczestnik\u00f3w.<\/p>\n\n\n\n<p>Szczeg\u00f3\u0142owe informacje, dost\u0119p do generatora, regulamin, kontakt do organizator\u00f3w oraz nagranie informacyjne z webinarium znajduj\u0105 si\u0119 na stronie <a class=\"\" href=\"http:\/\/www.mazowieckaaktywacja.org.pl\">www.mazowieckaaktywacja.org.pl<\/a>. Zesp\u00f3\u0142 projektu s\u0142u\u017cy pomoc\u0105 mailow\u0105 i telefoniczn\u0105, a tak\u017ce aktywnie prowadzi fanpage na Facebooku, gdzie mo\u017cna znale\u017a\u0107 aktualno\u015bci, przypomnienia i inspiracje.<\/p>\n\n\n<div class=\"wp-block-image\">\n<figure class=\"aligncenter size-large\"><img decoding=\"async\" src=\"https:\/\/naszpowiat.info\/wp-content\/uploads\/2025\/06\/image-1024x576.png\" alt=\"\" class=\"wp-image-8908\"\/><figcaption class=\"wp-element-caption\">Fot. milanowek.pl<\/figcaption><\/figure>\n<\/div><div class=\"naszp-po-tresci\" id=\"naszp-2811806363\"><script async src=\"\/\/pagead2.googlesyndication.com\/pagead\/js\/adsbygoogle.js?client=ca-pub-5304901113955943\" crossorigin=\"anonymous\"><\/script><ins class=\"adsbygoogle\" style=\"display:block;\" data-ad-client=\"ca-pub-5304901113955943\" \ndata-ad-slot=\"9226873542\" \ndata-ad-format=\"auto\"><\/ins>\n<script> \n(adsbygoogle = window.adsbygoogle || []).push({}); \n<\/script>\n<\/div>","protected":false},"excerpt":{"rendered":"<p>Mazowsze ponownie stawia na ludzi z pomys\u0142ami, inicjatyw\u0105 i ch\u0119ci\u0105 do dzia\u0142ania! Wystartowa\u0142a kolejna ods\u0142ona konkursu grantowego \u201eMazowiecka Aktywacja\u201d, kt\u00f3ra ju\u017c od lat wspiera mieszka\u0144c\u00f3w w realizowaniu oddolnych, lokalnych projekt\u00f3w. Do 23 czerwca 2025 roku organizacje pozarz\u0105dowe, takie jak fundacje, stowarzyszenia, Ko\u0142a Gospody\u0144 Wiejskich, Ochotnicze Stra\u017ce Po\u017carne, kluby sportowe, sp\u00f3\u0142dzielnie<span class=\"more-link\"><a href=\"https:\/\/naszpowiat.info\/index.php\/2025\/06\/02\/konkurs-grantowy-z-mazowieckiej-aktywacji\/\">Czytaj dalej<\/a><\/span><\/p>\n","protected":false},"author":9,"featured_media":8908,"comment_status":"open","ping_status":"open","sticky":false,"template":"","format":"standard","meta":{"_monsterinsights_skip_tracking":false,"_monsterinsights_sitenote_active":false,"_monsterinsights_sitenote_note":"","_monsterinsights_sitenote_category":0,"footnotes":""},"categories":[123,186,28,127,31,187,59],"tags":[1207,1206,126,1208,207,1205,271,203,309,290],"class_list":["entry","author-admin","post-8907","post","type-post","status-publish","format-standard","has-post-thumbnail","category-aktualnosci","category-budzet","category-dla-mieszkanca","category-inwestycje","category-powiaty-mazowieckiego","category-samorzad","category-wydarzenia","tag-dotacje","tag-granty-lokalne","tag-inwestycje","tag-kgw","tag-kultura","tag-mazowiecka-aktywacja","tag-mazowsze","tag-osp","tag-samorzad","tag-wydarzenia"],"aioseo_notices":[],"_links":{"self":[{"href":"https:\/\/naszpowiat.info\/index.php\/wp-json\/wp\/v2\/posts\/8907","targetHints":{"allow":["GET"]}}],"collection":[{"href":"https:\/\/naszpowiat.info\/index.php\/wp-json\/wp\/v2\/posts"}],"about":[{"href":"https:\/\/naszpowiat.info\/index.php\/wp-json\/wp\/v2\/types\/post"}],"author":[{"embeddable":true,"href":"https:\/\/naszpowiat.info\/index.php\/wp-json\/wp\/v2\/users\/9"}],"replies":[{"embeddable":true,"href":"https:\/\/naszpowiat.info\/index.php\/wp-json\/wp\/v2\/comments?post=8907"}],"version-history":[{"count":1,"href":"https:\/\/naszpowiat.info\/index.php\/wp-json\/wp\/v2\/posts\/8907\/revisions"}],"predecessor-version":[{"id":8909,"href":"https:\/\/naszpowiat.info\/index.php\/wp-json\/wp\/v2\/posts\/8907\/revisions\/8909"}],"wp:featuredmedia":[{"embeddable":true,"href":"https:\/\/naszpowiat.info\/index.php\/wp-json\/wp\/v2\/media\/8908"}],"wp:attachment":[{"href":"https:\/\/naszpowiat.info\/index.php\/wp-json\/wp\/v2\/media?parent=8907"}],"wp:term":[{"taxonomy":"category","embeddable":true,"href":"https:\/\/naszpowiat.info\/index.php\/wp-json\/wp\/v2\/categories?post=8907"},{"taxonomy":"post_tag","embeddable":true,"href":"https:\/\/naszpowiat.info\/index.php\/wp-json\/wp\/v2\/tags?post=8907"}],"curies":[{"name":"wp","href":"https:\/\/api.w.org\/{rel}","templated":true}]}}