{"id":8904,"date":"2025-06-02T17:31:09","date_gmt":"2025-06-02T17:31:09","guid":{"rendered":"https:\/\/naszpowiat.info\/?p=8904"},"modified":"2025-06-02T17:31:11","modified_gmt":"2025-06-02T17:31:11","slug":"gubiszlaki-2025-nocny-rajd-nawigacyjny-po-powiecie-otwockim","status":"publish","type":"post","link":"https:\/\/naszpowiat.info\/index.php\/2025\/06\/02\/gubiszlaki-2025-nocny-rajd-nawigacyjny-po-powiecie-otwockim\/","title":{"rendered":"Gubiszlaki 2025 &#8211; nocny rajd nawigacyjny po powiecie otwockim"},"content":{"rendered":"\n<p>Ju\u017c <strong>7 czerwca 2025 roku o godzinie 22:00<\/strong> wystartuje kolejna edycja <strong>Nocnego Rajdu Nawigacyjnego Gubiszlaki<\/strong>! Organizatorzy \u2013 Oddzia\u0142 PTTK Otwock oraz Klub OSM Batory \u2013 ponownie zapraszaj\u0105 wszystkich entuzjast\u00f3w pieszych w\u0119dr\u00f3wek i jazdy na rowerze na wyj\u0105tkowe wydarzenie, kt\u00f3re rozpocznie si\u0119 przy ul. Stefana Batorego 34 w Otwocku.<\/p>\n\n\n\n<p>Gubiszlaki to rajd, kt\u00f3ry z roku na rok cieszy si\u0119 coraz wi\u0119kszym zainteresowaniem. W poprzednich edycjach wzi\u0119\u0142y udzia\u0142 dziesi\u0105tki uczestnik\u00f3w \u2013 od amator\u00f3w rodzinnych spacer\u00f3w po do\u015bwiadczonych turyst\u00f3w, a tak\u017ce mi\u0142o\u015bnik\u00f3w orientacji terenowej. Atmosfera wsp\u00f3\u0142zawodnictwa po zmroku, blask latarek przebijaj\u0105cych nocn\u0105 cisz\u0119 i satysfakcja z odnalezienia ukrytych punkt\u00f3w sprawiaj\u0105, \u017ce uczestnicy ch\u0119tnie wracaj\u0105 na kolejne edycje.<\/p>\n\n\n\n<p>Rajd to nie tylko sprawdzian orientacji w terenie, ale przede wszystkim niezapomniana przygoda z map\u0105 w r\u0119ku. Uczestnicy maj\u0105 do wyboru trzy trasy:<\/p>\n\n\n\n<ul class=\"wp-block-list\">\n<li><strong>Trasa piesza podstawowa (ok. 13 km)<\/strong> \u2013 idealna dla pocz\u0105tkuj\u0105cych i rodzin,<\/li>\n\n\n\n<li><strong>Trasa piesza zaawansowana (ok. 25 km)<\/strong> \u2013 dla bardziej do\u015bwiadczonych oraz os\u00f3b bior\u0105cych udzia\u0142 w klasyfikacji Turystycznych Marsz\u00f3w Warszawy i Mazowsza,<\/li>\n\n\n\n<li><strong>Trasa rowerowa (ok. 50 km)<\/strong> \u2013 dla fan\u00f3w dw\u00f3ch k\u00f3\u0142ek i mocniejszych wyzwa\u0144.<\/li>\n<\/ul>\n\n\n\n<p>Ka\u017cdy uczestnik otrzyma map\u0119 z zaznaczonymi punktami kontrolnymi oraz kart\u0119 startow\u0105. Zadaniem b\u0119dzie odnalezienie wskazanych miejsc i potwierdzenie swojej obecno\u015bci w wyznaczony spos\u00f3b. Na mecie czeka\u0107 b\u0119dzie regeneracyjny posi\u0142ek, naklejka do Kroniki Przyg\u00f3d PTTK Otwock oraz pami\u0105tkowy gad\u017cet.<\/p>\n\n\n\n<p>Koszt udzia\u0142u to 40 z\u0142 dla zapisanych do 24 maja, a 50 z\u0142 dla zg\u0142aszaj\u0105cych si\u0119 po tym terminie. Zapisy trwaj\u0105 do <strong>5 czerwca<\/strong> i prowadzone s\u0105 przez:<\/p>\n\n\n\n<ul class=\"wp-block-list\">\n<li>stron\u0119: <a href=\"https:\/\/orienteering.waw.pl\">orienteering.waw.pl<\/a><\/li>\n\n\n\n<li>e-mail: poczta@otwock.pttk.pl<\/li>\n\n\n\n<li>fanpage: <strong>PTTK Otwock<\/strong>.<\/li>\n<\/ul>\n\n\n\n<p>Wydarzenie odb\u0119dzie si\u0119 bez wzgl\u0119du na pogod\u0119. Dzieci mog\u0105 bra\u0107 udzia\u0142 pod opiek\u0105 osoby doros\u0142ej lub za pisemn\u0105 zgod\u0105 opiekuna. Dozwolony jest r\u00f3wnie\u017c udzia\u0142 ps\u00f3w \u2013 pod warunkiem, \u017ce s\u0105 pod kontrol\u0105 i nie zak\u0142\u00f3caj\u0105 spokoju innych uczestnik\u00f3w.<\/p>\n\n\n\n<figure class=\"wp-block-image size-large is-resized\"><img loading=\"lazy\" decoding=\"async\" width=\"1024\" height=\"552\" src=\"https:\/\/naszpowiat.info\/wp-content\/uploads\/2025\/06\/1709635_1748862266-1024x552.webp\" alt=\"\" class=\"wp-image-8905\" style=\"width:611px;height:auto\" srcset=\"https:\/\/naszpowiat.info\/wp-content\/uploads\/2025\/06\/1709635_1748862266-1024x552.webp 1024w, https:\/\/naszpowiat.info\/wp-content\/uploads\/2025\/06\/1709635_1748862266-300x162.webp 300w, https:\/\/naszpowiat.info\/wp-content\/uploads\/2025\/06\/1709635_1748862266-768x414.webp 768w, https:\/\/naszpowiat.info\/wp-content\/uploads\/2025\/06\/1709635_1748862266-465x251.webp 465w, https:\/\/naszpowiat.info\/wp-content\/uploads\/2025\/06\/1709635_1748862266-695x375.webp 695w, https:\/\/naszpowiat.info\/wp-content\/uploads\/2025\/06\/1709635_1748862266.webp 1200w\" sizes=\"auto, (max-width: 1024px) 100vw, 1024px\" \/><figcaption class=\"wp-element-caption\">Fot. iotwock.pl<\/figcaption><\/figure>\n<div class=\"naszp-po-tresci\" id=\"naszp-1253671569\"><script async src=\"\/\/pagead2.googlesyndication.com\/pagead\/js\/adsbygoogle.js?client=ca-pub-5304901113955943\" crossorigin=\"anonymous\"><\/script><ins class=\"adsbygoogle\" style=\"display:block;\" data-ad-client=\"ca-pub-5304901113955943\" \ndata-ad-slot=\"9226873542\" \ndata-ad-format=\"auto\"><\/ins>\n<script> \n(adsbygoogle = window.adsbygoogle || []).push({}); \n<\/script>\n<\/div>","protected":false},"excerpt":{"rendered":"<p>Ju\u017c 7 czerwca 2025 roku o godzinie 22:00 wystartuje kolejna edycja Nocnego Rajdu Nawigacyjnego Gubiszlaki! Organizatorzy \u2013 Oddzia\u0142 PTTK Otwock oraz Klub OSM Batory \u2013 ponownie zapraszaj\u0105 wszystkich entuzjast\u00f3w pieszych w\u0119dr\u00f3wek i jazdy na rowerze na wyj\u0105tkowe wydarzenie, kt\u00f3re rozpocznie si\u0119 przy ul. Stefana Batorego 34 w Otwocku. Gubiszlaki to<span class=\"more-link\"><a href=\"https:\/\/naszpowiat.info\/index.php\/2025\/06\/02\/gubiszlaki-2025-nocny-rajd-nawigacyjny-po-powiecie-otwockim\/\">Czytaj dalej<\/a><\/span><\/p>\n","protected":false},"author":9,"featured_media":8905,"comment_status":"open","ping_status":"open","sticky":false,"template":"","format":"standard","meta":{"_monsterinsights_skip_tracking":false,"_monsterinsights_sitenote_active":false,"_monsterinsights_sitenote_note":"","_monsterinsights_sitenote_category":0,"footnotes":""},"categories":[123,28,36,166,187,157],"tags":[148,147,280,309,138,290],"class_list":["entry","author-admin","post-8904","post","type-post","status-publish","format-standard","has-post-thumbnail","category-aktualnosci","category-dla-mieszkanca","category-otwocki","category-rekreacja","category-samorzad","category-sport","tag-otwock","tag-powiat-otwocki","tag-rozrywka","tag-samorzad","tag-sport","tag-wydarzenia"],"aioseo_notices":[],"_links":{"self":[{"href":"https:\/\/naszpowiat.info\/index.php\/wp-json\/wp\/v2\/posts\/8904","targetHints":{"allow":["GET"]}}],"collection":[{"href":"https:\/\/naszpowiat.info\/index.php\/wp-json\/wp\/v2\/posts"}],"about":[{"href":"https:\/\/naszpowiat.info\/index.php\/wp-json\/wp\/v2\/types\/post"}],"author":[{"embeddable":true,"href":"https:\/\/naszpowiat.info\/index.php\/wp-json\/wp\/v2\/users\/9"}],"replies":[{"embeddable":true,"href":"https:\/\/naszpowiat.info\/index.php\/wp-json\/wp\/v2\/comments?post=8904"}],"version-history":[{"count":1,"href":"https:\/\/naszpowiat.info\/index.php\/wp-json\/wp\/v2\/posts\/8904\/revisions"}],"predecessor-version":[{"id":8906,"href":"https:\/\/naszpowiat.info\/index.php\/wp-json\/wp\/v2\/posts\/8904\/revisions\/8906"}],"wp:featuredmedia":[{"embeddable":true,"href":"https:\/\/naszpowiat.info\/index.php\/wp-json\/wp\/v2\/media\/8905"}],"wp:attachment":[{"href":"https:\/\/naszpowiat.info\/index.php\/wp-json\/wp\/v2\/media?parent=8904"}],"wp:term":[{"taxonomy":"category","embeddable":true,"href":"https:\/\/naszpowiat.info\/index.php\/wp-json\/wp\/v2\/categories?post=8904"},{"taxonomy":"post_tag","embeddable":true,"href":"https:\/\/naszpowiat.info\/index.php\/wp-json\/wp\/v2\/tags?post=8904"}],"curies":[{"name":"wp","href":"https:\/\/api.w.org\/{rel}","templated":true}]}}