{"id":8901,"date":"2025-05-31T11:45:57","date_gmt":"2025-05-31T11:45:57","guid":{"rendered":"https:\/\/naszpowiat.info\/?p=8901"},"modified":"2025-05-31T11:45:58","modified_gmt":"2025-05-31T11:45:58","slug":"w-sercu-trylogii-zywa-historia-na-polanie-w-lipkowie","status":"publish","type":"post","link":"https:\/\/naszpowiat.info\/index.php\/2025\/05\/31\/w-sercu-trylogii-zywa-historia-na-polanie-w-lipkowie\/","title":{"rendered":"W sercu Trylogii \u2013 \u017cywa historia na Polanie w Lipkowie!"},"content":{"rendered":"\n<p>W niezwykle klimatycznym otoczeniu Polany Rekreacyjnej w Lipkowie ju\u017c 7 czerwca 2025 roku odb\u0119dzie si\u0119 wyj\u0105tkowe wydarzenie, kt\u00f3re przeniesie uczestnik\u00f3w wprost do \u015bwiata sienkiewiczowskiej &#8222;Trylogii&#8221;. W godzinach od 13:00 do 19:00 mieszka\u0144cy Mazowsza i nie tylko b\u0119d\u0105 mieli niepowtarzaln\u0105 okazj\u0119, by spotka\u0107 si\u0119 z \u017cyw\u0105 histori\u0105, dawnymi rzemios\u0142ami, husari\u0105 oraz barwnym \u015bwiatem szabli, muzyki i literatury. Piknik Historyczny pod nazw\u0105 \u201eSpotkanie z Trylogi\u0105\u201d to propozycja dla ca\u0142ych rodzin, mi\u0142o\u015bnik\u00f3w dziej\u00f3w Rzeczypospolitej szlacheckiej, pasjonat\u00f3w rekonstrukcji historycznych, ale tak\u017ce dla tych, kt\u00f3rzy po prostu chc\u0105 sp\u0119dzi\u0107 sobotnie popo\u0142udnie w atmosferze przygody, tradycji i kultury.<\/p>\n\n\n\n<p>Na uczestnik\u00f3w czeka prawdziwa uczta dla zmys\u0142\u00f3w i wyobra\u017ani \u2013 ju\u017c od godziny 13:00 swoje podwoje otworz\u0105 stragany oraz warsztaty dawnych rzemios\u0142, pozwalaj\u0105c odwiedzaj\u0105cym spr\u00f3bowa\u0107 swoich si\u0142 w historycznych technikach i r\u0119kodziele. O godzinie 14:15 rozpoczn\u0105 si\u0119 czytania fragment\u00f3w &#8222;Trylogii&#8221;, kt\u00f3re wprowadz\u0105 s\u0142uchaczy w atmosfer\u0119 znan\u0105 z kart powie\u015bci Henryka Sienkiewicza. Chwil\u0119 p\u00f3\u017aniej, o 14:30, zabrzmi muzyka dawnych wiek\u00f3w w wykonaniu specjalnie zaproszonych artyst\u00f3w, oddaj\u0105cych ducha czas\u00f3w XVII wieku. W kolejnych godzinach odb\u0119d\u0105 si\u0119 dynamiczne pokazy szermierki oraz widowiskowe prezentacje husarii i lekkiej jazdy kozackiej \u2013 \u017cywe obrazy z pola walki, kt\u00f3re oddaj\u0105 groz\u0119, majestat i dyscyplin\u0119 dawnych wojsk Rzeczypospolitej.<\/p>\n\n\n\n<p>Kulminacyjnym momentem wydarzenia b\u0119dzie inscenizacja s\u0142ynnego pojedynku Jurko Bohuna z pu\u0142kownikiem Micha\u0142em Wo\u0142odyjowskim, kt\u00f3ra rozpocznie si\u0119 o godzinie 17:15. Chwil\u0119 wcze\u015bniej uczestnik\u00f3w przywitaj\u0105 przedstawiciele Powiatu Warszawskiego Zachodniego, a ca\u0142o\u015b\u0107 u\u015bwietni\u0105 pokazy musztry husarskiej oraz kolejne wyst\u0119py muzyczne. Ca\u0142y piknik zako\u0144czy si\u0119 oko\u0142o godziny 19:00, po oficjalnych podzi\u0119kowaniach dla go\u015bci i organizator\u00f3w.<\/p>\n\n\n\n<p>Organizatorami wydarzenia s\u0105 Powiat Warszawski Zachodni oraz Samorz\u0105d Wojew\u00f3dztwa Mazowieckiego. W przygotowaniach i realizacji tego wyj\u0105tkowego pikniku historycznego uczestnicz\u0105 tak\u017ce Biblioteka Publiczna im. Ireny Zarzyckiej w O\u017carowie Mazowieckim, Kampinoski Park Narodowy oraz grupa Sarmackie Dziedzictwo, kt\u00f3ra od lat z pasj\u0105 kultywuje pami\u0119\u0107 o tradycji szlacheckiej i kulturze dawnej Polski.<\/p>\n\n\n<div class=\"wp-block-image\">\n<figure class=\"aligncenter size-full\"><img loading=\"lazy\" decoding=\"async\" width=\"970\" height=\"570\" src=\"https:\/\/naszpowiat.info\/wp-content\/uploads\/2025\/05\/image-47.png\" alt=\"\" class=\"wp-image-8902\" srcset=\"https:\/\/naszpowiat.info\/wp-content\/uploads\/2025\/05\/image-47.png 970w, https:\/\/naszpowiat.info\/wp-content\/uploads\/2025\/05\/image-47-300x176.png 300w, https:\/\/naszpowiat.info\/wp-content\/uploads\/2025\/05\/image-47-768x451.png 768w, https:\/\/naszpowiat.info\/wp-content\/uploads\/2025\/05\/image-47-465x273.png 465w, https:\/\/naszpowiat.info\/wp-content\/uploads\/2025\/05\/image-47-695x408.png 695w\" sizes=\"auto, (max-width: 970px) 100vw, 970px\" \/><figcaption class=\"wp-element-caption\">Fot. pwz.pl<\/figcaption><\/figure>\n<\/div><div class=\"naszp-po-tresci\" id=\"naszp-977300299\"><script async src=\"\/\/pagead2.googlesyndication.com\/pagead\/js\/adsbygoogle.js?client=ca-pub-5304901113955943\" crossorigin=\"anonymous\"><\/script><ins class=\"adsbygoogle\" style=\"display:block;\" data-ad-client=\"ca-pub-5304901113955943\" \ndata-ad-slot=\"9226873542\" \ndata-ad-format=\"auto\"><\/ins>\n<script> \n(adsbygoogle = window.adsbygoogle || []).push({}); \n<\/script>\n<\/div>","protected":false},"excerpt":{"rendered":"<p>W niezwykle klimatycznym otoczeniu Polany Rekreacyjnej w Lipkowie ju\u017c 7 czerwca 2025 roku odb\u0119dzie si\u0119 wyj\u0105tkowe wydarzenie, kt\u00f3re przeniesie uczestnik\u00f3w wprost do \u015bwiata sienkiewiczowskiej &#8222;Trylogii&#8221;. W godzinach od 13:00 do 19:00 mieszka\u0144cy Mazowsza i nie tylko b\u0119d\u0105 mieli niepowtarzaln\u0105 okazj\u0119, by spotka\u0107 si\u0119 z \u017cyw\u0105 histori\u0105, dawnymi rzemios\u0142ami, husari\u0105 oraz<span class=\"more-link\"><a href=\"https:\/\/naszpowiat.info\/index.php\/2025\/05\/31\/w-sercu-trylogii-zywa-historia-na-polanie-w-lipkowie\/\">Czytaj dalej<\/a><\/span><\/p>\n","protected":false},"author":9,"featured_media":8902,"comment_status":"open","ping_status":"open","sticky":false,"template":"","format":"standard","meta":{"_monsterinsights_skip_tracking":false,"_monsterinsights_sitenote_active":false,"_monsterinsights_sitenote_note":"","_monsterinsights_sitenote_category":0,"footnotes":""},"categories":[123,28,191,78,30,161,39,31,187,50,59],"tags":[1203,273,207,1202,1204,1145,309,1201,290],"class_list":["entry","author-admin","post-8901","post","type-post","status-publish","format-standard","has-post-thumbnail","category-aktualnosci","category-dla-mieszkanca","category-edukacja","category-historia","category-kultura","category-powiat-warszawski-zachodni","category-warszawski-zachodni","category-powiaty-mazowieckiego","category-samorzad","category-stare-babice","category-wydarzenia","tag-henryk-sienkiewicz","tag-historia","tag-kultura","tag-lipkow","tag-literatura-polska","tag-piknik-historyczny","tag-samorzad","tag-trylogia","tag-wydarzenia"],"aioseo_notices":[],"_links":{"self":[{"href":"https:\/\/naszpowiat.info\/index.php\/wp-json\/wp\/v2\/posts\/8901","targetHints":{"allow":["GET"]}}],"collection":[{"href":"https:\/\/naszpowiat.info\/index.php\/wp-json\/wp\/v2\/posts"}],"about":[{"href":"https:\/\/naszpowiat.info\/index.php\/wp-json\/wp\/v2\/types\/post"}],"author":[{"embeddable":true,"href":"https:\/\/naszpowiat.info\/index.php\/wp-json\/wp\/v2\/users\/9"}],"replies":[{"embeddable":true,"href":"https:\/\/naszpowiat.info\/index.php\/wp-json\/wp\/v2\/comments?post=8901"}],"version-history":[{"count":1,"href":"https:\/\/naszpowiat.info\/index.php\/wp-json\/wp\/v2\/posts\/8901\/revisions"}],"predecessor-version":[{"id":8903,"href":"https:\/\/naszpowiat.info\/index.php\/wp-json\/wp\/v2\/posts\/8901\/revisions\/8903"}],"wp:featuredmedia":[{"embeddable":true,"href":"https:\/\/naszpowiat.info\/index.php\/wp-json\/wp\/v2\/media\/8902"}],"wp:attachment":[{"href":"https:\/\/naszpowiat.info\/index.php\/wp-json\/wp\/v2\/media?parent=8901"}],"wp:term":[{"taxonomy":"category","embeddable":true,"href":"https:\/\/naszpowiat.info\/index.php\/wp-json\/wp\/v2\/categories?post=8901"},{"taxonomy":"post_tag","embeddable":true,"href":"https:\/\/naszpowiat.info\/index.php\/wp-json\/wp\/v2\/tags?post=8901"}],"curies":[{"name":"wp","href":"https:\/\/api.w.org\/{rel}","templated":true}]}}