{"id":8892,"date":"2025-05-30T16:30:29","date_gmt":"2025-05-30T16:30:29","guid":{"rendered":"https:\/\/naszpowiat.info\/?p=8892"},"modified":"2025-05-30T16:32:36","modified_gmt":"2025-05-30T16:32:36","slug":"dzien-dziecka-w-piasecznie","status":"publish","type":"post","link":"https:\/\/naszpowiat.info\/index.php\/2025\/05\/30\/dzien-dziecka-w-piasecznie\/","title":{"rendered":"Wielki Dzie\u0144 Dziecka w Piasecznie!"},"content":{"rendered":"\n<p>Ju\u017c 1 czerwca 2025 roku w samym sercu Piaseczna rozb\u0142y\u015bnie magiczna atmosfera pe\u0142na rado\u015bci, \u015bmiechu i dzieci\u0119cej energii! Wszystko za spraw\u0105 wyj\u0105tkowego wydarzenia z okazji Dnia Dziecka, kt\u00f3re w godzinach od 12:00 do 16:00 zamieni Park im. Ksi\u0105\u017c\u0105t Mazowieckich oraz pobliski parking mi\u0119dzy ulicami Zgoda i Sierakowskiego w prawdziw\u0105 krain\u0119 zabawy. To niezapomniane popo\u0142udnie b\u0119dzie wype\u0142nione niesamowitymi atrakcjami dla dzieci i ich rodzin, a wszystko to zupe\u0142nie za darmo!<\/p>\n\n\n\n<p>Organizatorzy przygotowali bogaty program, kt\u00f3ry zadowoli zar\u00f3wno najm\u0142odszych, jak i tych nieco starszych uczestnik\u00f3w. W samym centrum wydarze\u0144 pojawi si\u0119 Teatr Kubika ze spektaklem \u201ePrzygody Kapitana Drabinki\u201d, kt\u00f3ry rozbawi i wci\u0105gnie widz\u00f3w w dwa wyj\u0105tkowe pokazy \u2013 o 12:30 oraz 15:00. O 14:00 odb\u0119dzie si\u0119 natomiast wyj\u0105tkowy koncert familijny w ramach VII Festiwalu im. Witolda Maliszewskiego pod tytu\u0142em \u201eMuzyka Czterech \u017bywio\u0142\u00f3w\u201d, \u0142\u0105cz\u0105cy \u015bwiat d\u017awi\u0119k\u00f3w z opowie\u015bci\u0105 o si\u0142ach natury. W razie deszczu koncert zostanie przeniesiony do Domu Parafialnego Ko\u015bcio\u0142a \u015aw. Anny przy pl. Pi\u0142sudskiego 10, a ca\u0142a impreza \u2013 do hali GOSiR przy ul. 1 Maja 16.<\/p>\n\n\n\n<p>To jednak dopiero pocz\u0105tek emocji! Przez cztery godziny dzieci b\u0119d\u0105 mog\u0142y korzysta\u0107 z niezliczonych atrakcji \u2013 od cyrkowych pokaz\u00f3w i animacji, przez rodzinne konkurencje sportowe, a\u017c po bajkowe postacie, kt\u00f3re ch\u0119tnie pozuj\u0105 do zdj\u0119\u0107 i wchodz\u0105 w zabawne interakcje z najm\u0142odszymi. W\u015br\u00f3d stoisk znajd\u0105 si\u0119 interaktywne warsztaty plastyczne i edukacyjne, ogromne gry w wersji XXL, pe\u0142ne kolor\u00f3w dmucha\u0144ce, klimatyczne pokazy filmowe, kreatywna \u201eAkcja Sztaluga\u201d oraz terenowe gry i questy, kt\u00f3re przenios\u0105 uczestnik\u00f3w w \u015bwiat przyg\u00f3d. Nie zabraknie tak\u017ce kiermaszu z wyrobami lokalnych artyst\u00f3w i rzemie\u015blnik\u00f3w, co b\u0119dzie idealn\u0105 okazj\u0105, by zabra\u0107 do domu co\u015b wyj\u0105tkowego.<\/p>\n\n\n<div class=\"wp-block-image\">\n<figure class=\"aligncenter is-resized\"><a href=\"https:\/\/piaseczno.eu\/wp-content\/uploads\/2025\/05\/cyrkowy-dzien-dziecka-w-piasecznie-2025.jpg\"><img decoding=\"async\" src=\"https:\/\/piaseczno.eu\/wp-content\/uploads\/2025\/05\/cyrkowy-dzien-dziecka-w-piasecznie-2025.jpg\" alt=\"\" class=\"wp-image-85268\" style=\"width:645px;height:auto\"\/><\/a><figcaption class=\"wp-element-caption\">Fot. piaseczno.eu<\/figcaption><\/figure>\n<\/div><div class=\"naszp-po-tresci\" id=\"naszp-3620537983\"><script async src=\"\/\/pagead2.googlesyndication.com\/pagead\/js\/adsbygoogle.js?client=ca-pub-5304901113955943\" crossorigin=\"anonymous\"><\/script><ins class=\"adsbygoogle\" style=\"display:block;\" data-ad-client=\"ca-pub-5304901113955943\" \ndata-ad-slot=\"9226873542\" \ndata-ad-format=\"auto\"><\/ins>\n<script> \n(adsbygoogle = window.adsbygoogle || []).push({}); \n<\/script>\n<\/div>","protected":false},"excerpt":{"rendered":"<p>Ju\u017c 1 czerwca 2025 roku w samym sercu Piaseczna rozb\u0142y\u015bnie magiczna atmosfera pe\u0142na rado\u015bci, \u015bmiechu i dzieci\u0119cej energii! Wszystko za spraw\u0105 wyj\u0105tkowego wydarzenia z okazji Dnia Dziecka, kt\u00f3re w godzinach od 12:00 do 16:00 zamieni Park im. Ksi\u0105\u017c\u0105t Mazowieckich oraz pobliski parking mi\u0119dzy ulicami Zgoda i Sierakowskiego w prawdziw\u0105 krain\u0119<span class=\"more-link\"><a href=\"https:\/\/naszpowiat.info\/index.php\/2025\/05\/30\/dzien-dziecka-w-piasecznie\/\">Czytaj dalej<\/a><\/span><\/p>\n","protected":false},"author":9,"featured_media":8893,"comment_status":"open","ping_status":"open","sticky":false,"template":"","format":"standard","meta":{"_monsterinsights_skip_tracking":false,"_monsterinsights_sitenote_active":false,"_monsterinsights_sitenote_note":"","_monsterinsights_sitenote_category":0,"footnotes":""},"categories":[123,28,30,110,37,31,166,187,59],"tags":[1118,207,1197,151,309,290],"class_list":["entry","author-admin","post-8892","post","type-post","status-publish","format-standard","has-post-thumbnail","category-aktualnosci","category-dla-mieszkanca","category-kultura","category-piaseczno","category-piaseczynski","category-powiaty-mazowieckiego","category-rekreacja","category-samorzad","category-wydarzenia","tag-dzien-dziecka","tag-kultura","tag-park-ksiazat-mazowieckich","tag-piaseczno","tag-samorzad","tag-wydarzenia"],"aioseo_notices":[],"_links":{"self":[{"href":"https:\/\/naszpowiat.info\/index.php\/wp-json\/wp\/v2\/posts\/8892","targetHints":{"allow":["GET"]}}],"collection":[{"href":"https:\/\/naszpowiat.info\/index.php\/wp-json\/wp\/v2\/posts"}],"about":[{"href":"https:\/\/naszpowiat.info\/index.php\/wp-json\/wp\/v2\/types\/post"}],"author":[{"embeddable":true,"href":"https:\/\/naszpowiat.info\/index.php\/wp-json\/wp\/v2\/users\/9"}],"replies":[{"embeddable":true,"href":"https:\/\/naszpowiat.info\/index.php\/wp-json\/wp\/v2\/comments?post=8892"}],"version-history":[{"count":1,"href":"https:\/\/naszpowiat.info\/index.php\/wp-json\/wp\/v2\/posts\/8892\/revisions"}],"predecessor-version":[{"id":8894,"href":"https:\/\/naszpowiat.info\/index.php\/wp-json\/wp\/v2\/posts\/8892\/revisions\/8894"}],"wp:featuredmedia":[{"embeddable":true,"href":"https:\/\/naszpowiat.info\/index.php\/wp-json\/wp\/v2\/media\/8893"}],"wp:attachment":[{"href":"https:\/\/naszpowiat.info\/index.php\/wp-json\/wp\/v2\/media?parent=8892"}],"wp:term":[{"taxonomy":"category","embeddable":true,"href":"https:\/\/naszpowiat.info\/index.php\/wp-json\/wp\/v2\/categories?post=8892"},{"taxonomy":"post_tag","embeddable":true,"href":"https:\/\/naszpowiat.info\/index.php\/wp-json\/wp\/v2\/tags?post=8892"}],"curies":[{"name":"wp","href":"https:\/\/api.w.org\/{rel}","templated":true}]}}