{"id":8876,"date":"2025-05-28T11:58:00","date_gmt":"2025-05-28T11:58:00","guid":{"rendered":"https:\/\/naszpowiat.info\/?p=8876"},"modified":"2025-05-28T11:58:01","modified_gmt":"2025-05-28T11:58:01","slug":"mistrzostwa-powiatu-otwockiego-w-kolbieli","status":"publish","type":"post","link":"https:\/\/naszpowiat.info\/index.php\/2025\/05\/28\/mistrzostwa-powiatu-otwockiego-w-kolbieli\/","title":{"rendered":"Mistrzostwa Powiatu Otwockiego w Ko\u0142bieli!"},"content":{"rendered":"\n<p>We wtorek, 27 maja, sportowe emocje si\u0119gn\u0119\u0142y zenitu na stadionie w Ko\u0142bieli, gdzie blisko 170 uczni\u00f3w szk\u00f3\u0142 podstawowych z Powiatu Otwockiego stan\u0119\u0142o do rywalizacji w Mistrzostwach Powiatu Otwockiego w lekkoatletyce. Wydarzenie odby\u0142o si\u0119 na terenie sportowym przy Szkole Podstawowej im. Armii Krajowej w Ko\u0142bieli i przyci\u0105gn\u0119\u0142o reprezentacje a\u017c dziewi\u0119ciu szk\u00f3\u0142, kt\u00f3re zmierzy\u0142y si\u0119 w szeregu klasycznych konkurencji lekkoatletycznych.<\/p>\n\n\n\n<p>Zawodnicy rywalizowali w skoku w dal, pchni\u0119ciu kul\u0105 oraz biegach na r\u00f3\u017cnych dystansach \u2013 dziewcz\u0119ta startowa\u0142y na 100, 300 i 600 metr\u00f3w, natomiast ch\u0142opcy sprawdzali swoje mo\u017cliwo\u015bci na dystansach 100, 300 i a\u017c 1000 metr\u00f3w. W\u015br\u00f3d najbardziej emocjonuj\u0105cych moment\u00f3w zawod\u00f3w nie mog\u0142o zabrakn\u0105\u0107 sztafet, kt\u00f3re jak zawsze wzbudza\u0142y najwi\u0119ksze emocje i pokazywa\u0142y si\u0142\u0119 wsp\u00f3\u0142pracy, ducha zespo\u0142u i determinacj\u0119 m\u0142odych sportowc\u00f3w.<\/p>\n\n\n\n<p>Wspania\u0142\u0105 form\u0119 pokaza\u0142y dziewcz\u0119ta ze Szko\u0142y Podstawowej im. Bohaterskich Lotnik\u00f3w Polskich w Wi\u0105zownie, kt\u00f3re zdoby\u0142y z\u0142oty medal w rywalizacji sztafetowej. Srebrny medal pow\u0119drowa\u0142 do uczennic ze Szko\u0142y Podstawowej im. Powsta\u0144c\u00f3w Styczniowych w Osiecku, natomiast br\u0105z wywalczy\u0142a dru\u017cyna dziewcz\u0105t ze Szko\u0142y Podstawowej im. Wincentego Witosa w Gliniance. W konkurencji sztafet ch\u0142opc\u00f3w najlepsi okazali si\u0119 reprezentanci Szko\u0142y Podstawowej im. Batalionu \u201eZo\u015bka\u201d z Celestynowa, kt\u00f3rzy si\u0119gn\u0119li po najwy\u017csze miejsce na podium. Srebrny medal trafi\u0142 do dru\u017cyny ch\u0142opc\u00f3w ze Szko\u0142y Podstawowej im. Kawaler\u00f3w Orderu U\u015bmiechu w Rudzienku, a na trzecim stopniu podium stan\u0119li zawodnicy z Glinianki.<\/p>\n\n\n\n<p>Zawody rozpocz\u0105\u0142 oraz dekoracji medalowej dokona\u0142 W\u00f3jt Gminy Ko\u0142biel, Sylwester Winek, kt\u00f3ry z dum\u0105 i rado\u015bci\u0105 przygl\u0105da\u0142 si\u0119 zmaganiom m\u0142odych sportowc\u00f3w. Mistrzostwa sta\u0142y si\u0119 nie tylko okazj\u0105 do rywalizacji, ale tak\u017ce do integracji, budowania ducha fair play i pokazania, \u017ce sport w lokalnej spo\u0142eczno\u015bci ma si\u0119 \u015bwietnie. Uczestnicy pokazali, \u017ce determinacja, systematyczny trening i ch\u0119\u0107 walki mog\u0105 przynie\u015b\u0107 \u015bwietne rezultaty \u2013 ka\u017cdy metr, ka\u017cda sekunda by\u0142a tego dnia na wag\u0119 z\u0142ota.<\/p>\n\n\n<div class=\"wp-block-image\">\n<figure class=\"aligncenter size-full\"><img loading=\"lazy\" decoding=\"async\" width=\"800\" height=\"450\" src=\"https:\/\/naszpowiat.info\/wp-content\/uploads\/2025\/05\/image-41.png\" alt=\"\" class=\"wp-image-8877\" srcset=\"https:\/\/naszpowiat.info\/wp-content\/uploads\/2025\/05\/image-41.png 800w, https:\/\/naszpowiat.info\/wp-content\/uploads\/2025\/05\/image-41-300x169.png 300w, https:\/\/naszpowiat.info\/wp-content\/uploads\/2025\/05\/image-41-768x432.png 768w, https:\/\/naszpowiat.info\/wp-content\/uploads\/2025\/05\/image-41-465x262.png 465w, https:\/\/naszpowiat.info\/wp-content\/uploads\/2025\/05\/image-41-695x391.png 695w\" sizes=\"auto, (max-width: 800px) 100vw, 800px\" \/><figcaption class=\"wp-element-caption\">Fot. powiat-otwocki.pl<\/figcaption><\/figure>\n<\/div><div class=\"naszp-po-tresci\" id=\"naszp-3782886671\"><script async src=\"\/\/pagead2.googlesyndication.com\/pagead\/js\/adsbygoogle.js?client=ca-pub-5304901113955943\" crossorigin=\"anonymous\"><\/script><ins class=\"adsbygoogle\" style=\"display:block;\" data-ad-client=\"ca-pub-5304901113955943\" \ndata-ad-slot=\"9226873542\" \ndata-ad-format=\"auto\"><\/ins>\n<script> \n(adsbygoogle = window.adsbygoogle || []).push({}); \n<\/script>\n<\/div>","protected":false},"excerpt":{"rendered":"<p>We wtorek, 27 maja, sportowe emocje si\u0119gn\u0119\u0142y zenitu na stadionie w Ko\u0142bieli, gdzie blisko 170 uczni\u00f3w szk\u00f3\u0142 podstawowych z Powiatu Otwockiego stan\u0119\u0142o do rywalizacji w Mistrzostwach Powiatu Otwockiego w lekkoatletyce. Wydarzenie odby\u0142o si\u0119 na terenie sportowym przy Szkole Podstawowej im. Armii Krajowej w Ko\u0142bieli i przyci\u0105gn\u0119\u0142o reprezentacje a\u017c dziewi\u0119ciu szk\u00f3\u0142,<span class=\"more-link\"><a href=\"https:\/\/naszpowiat.info\/index.php\/2025\/05\/28\/mistrzostwa-powiatu-otwockiego-w-kolbieli\/\">Czytaj dalej<\/a><\/span><\/p>\n","protected":false},"author":9,"featured_media":8877,"comment_status":"open","ping_status":"open","sticky":false,"template":"","format":"standard","meta":{"_monsterinsights_skip_tracking":false,"_monsterinsights_sitenote_active":false,"_monsterinsights_sitenote_note":"","_monsterinsights_sitenote_category":0,"footnotes":""},"categories":[123,28,191,90,30,108,36,31,166,157,59],"tags":[200,1053,1188,148,403,309,138,290],"class_list":["entry","author-admin","post-8876","post","type-post","status-publish","format-standard","has-post-thumbnail","category-aktualnosci","category-dla-mieszkanca","category-edukacja","category-kolbiel","category-kultura","category-otwock","category-otwocki","category-powiaty-mazowieckiego","category-rekreacja","category-sport","category-wydarzenia","tag-kolbiel","tag-lekkoatletyka","tag-mistrzostwa-powiatu-otwockiego","tag-otwock","tag-otwocki","tag-samorzad","tag-sport","tag-wydarzenia"],"aioseo_notices":[],"_links":{"self":[{"href":"https:\/\/naszpowiat.info\/index.php\/wp-json\/wp\/v2\/posts\/8876","targetHints":{"allow":["GET"]}}],"collection":[{"href":"https:\/\/naszpowiat.info\/index.php\/wp-json\/wp\/v2\/posts"}],"about":[{"href":"https:\/\/naszpowiat.info\/index.php\/wp-json\/wp\/v2\/types\/post"}],"author":[{"embeddable":true,"href":"https:\/\/naszpowiat.info\/index.php\/wp-json\/wp\/v2\/users\/9"}],"replies":[{"embeddable":true,"href":"https:\/\/naszpowiat.info\/index.php\/wp-json\/wp\/v2\/comments?post=8876"}],"version-history":[{"count":1,"href":"https:\/\/naszpowiat.info\/index.php\/wp-json\/wp\/v2\/posts\/8876\/revisions"}],"predecessor-version":[{"id":8878,"href":"https:\/\/naszpowiat.info\/index.php\/wp-json\/wp\/v2\/posts\/8876\/revisions\/8878"}],"wp:featuredmedia":[{"embeddable":true,"href":"https:\/\/naszpowiat.info\/index.php\/wp-json\/wp\/v2\/media\/8877"}],"wp:attachment":[{"href":"https:\/\/naszpowiat.info\/index.php\/wp-json\/wp\/v2\/media?parent=8876"}],"wp:term":[{"taxonomy":"category","embeddable":true,"href":"https:\/\/naszpowiat.info\/index.php\/wp-json\/wp\/v2\/categories?post=8876"},{"taxonomy":"post_tag","embeddable":true,"href":"https:\/\/naszpowiat.info\/index.php\/wp-json\/wp\/v2\/tags?post=8876"}],"curies":[{"name":"wp","href":"https:\/\/api.w.org\/{rel}","templated":true}]}}