{"id":8816,"date":"2025-05-20T17:06:13","date_gmt":"2025-05-20T17:06:13","guid":{"rendered":"https:\/\/naszpowiat.info\/?p=8816"},"modified":"2025-05-20T17:06:13","modified_gmt":"2025-05-20T17:06:13","slug":"pumptrack-night-ride-juz-6-czerwca-w-siedlcach","status":"publish","type":"post","link":"https:\/\/naszpowiat.info\/index.php\/2025\/05\/20\/pumptrack-night-ride-juz-6-czerwca-w-siedlcach\/","title":{"rendered":"Pumptrack Night Ride ju\u017c 6 czerwca w Siedlcach!"},"content":{"rendered":"\n<p>W sercu Siedlec, nad malowniczym Zalewem Muchawka, zapowiada si\u0119 prawdziwa uczta dla fan\u00f3w rowerowego szale\u0144stwa, sportowych emocji i niepowtarzalnego klimatu nocnej rywalizacji. 6 czerwca 2025 roku teren pumptracka roz\u015bwietl\u0105 reflektory, a \u015bmia\u0142kowie z ca\u0142ego regionu zmierz\u0105 si\u0119 w premierowej edycji <strong>Pumptrack Night Ride<\/strong> \u2013 wydarzenia, kt\u00f3re ma szans\u0119 sta\u0107 si\u0119 rowerowym hitem sezonu.<\/p>\n\n\n\n<p>To pierwsza tego rodzaju nocna impreza w regionie, kt\u00f3rej organizatorami s\u0105 Agencja Rozwoju Miasta Siedlce Sp. z o.o. oraz Fundacja Ultramaratonu Nadbu\u017ca\u0144skiego. Po\u0142\u0105czenie sportu, rywalizacji i wyj\u0105tkowej atmosfery po zmroku sprawi, \u017ce b\u0119dzie to niezapomniany wiecz\u00f3r nie tylko dla uczestnik\u00f3w, ale r\u00f3wnie\u017c dla widz\u00f3w i kibic\u00f3w.<\/p>\n\n\n\n<p>Zabawa zacznie si\u0119 ju\u017c o godzinie 17:00, kiedy to wszyscy zarejestrowani zawodnicy wezm\u0105 udzia\u0142 we wsp\u00f3lnym treningu. O 18:30 ruszy pierwsza tura eliminacyjna, a druga przewidziana jest na 20:00. Ka\u017cdy zawodnik b\u0119dzie mia\u0142 szans\u0119 na trzy szybkie okr\u0105\u017cenia zewn\u0119trzn\u0105 nitk\u0105 toru. Liczy\u0107 si\u0119 b\u0119dzie precyzja, refleks i p\u0142ynno\u015b\u0107 jazdy \u2013 a przede wszystkim czas. Do wielkiego fina\u0142u, kt\u00f3ry wystartuje o 21:30, dostanie si\u0119 dziesi\u0105tka najlepszych \u2013 tych, kt\u00f3rzy udowodni\u0105, \u017ce nie boj\u0105 si\u0119 ciemno\u015bci ani szybkich zakr\u0119t\u00f3w. W rundzie fina\u0142owej ka\u017cdy z nich zmierzy si\u0119 z jednym przejazdem, z\u0142o\u017conym z trzech d\u0142u\u017cszych p\u0119tli \u2013 ostateczna klasyfikacja zale\u017ce\u0107 b\u0119dzie wy\u0142\u0105cznie od czasu uzyskanego w tej pr\u00f3bie.<\/p>\n\n\n\n<p>Udzia\u0142 w zawodach jest ca\u0142kowicie darmowy, ale obowi\u0105zuje limit uczestnik\u00f3w \u2013 tylko 60 os\u00f3b mo\u017ce stan\u0105\u0107 na starcie. Zapisy odbywaj\u0105 si\u0119 wy\u0142\u0105cznie przez formularz online, dost\u0119pny na stronie arm.siedlce.pl. Wymogiem jest uko\u0144czone 10 lat, sprawna jazda na rowerze oraz posiadanie aktywnego, publicznego konta w aplikacji Aktywne Miasta, z minimum jednym przejechanym kilometrem na rzecz Siedlec w trwaj\u0105cej og\u00f3lnopolskiej rywalizacji o miano Rowerowej Stolicy Polski 2025.<\/p>\n\n\n\n<p>Na uczestnik\u00f3w, poza dawk\u0105 emocji i sportowej adrenaliny, czeka jeszcze jedna atrakcja \u2013 losowanie nagr\u00f3d rzeczowych. Wezm\u0105 w nim udzia\u0142 wszyscy zawodnicy, kt\u00f3rzy spe\u0142ni\u0105 regulaminowe kryteria. To dodatkowy pow\u00f3d, by spr\u00f3bowa\u0107 swoich si\u0142 i poczu\u0107 magi\u0119 nocnego \u015bcigania si\u0119 po torze, gdzie ka\u017cdy zakr\u0119t, ka\u017cdy skok i ka\u017cda sekunda maj\u0105 znaczenie.<\/p>\n\n\n<div class=\"wp-block-image\">\n<figure class=\"aligncenter size-full\"><img loading=\"lazy\" decoding=\"async\" width=\"610\" height=\"401\" src=\"https:\/\/naszpowiat.info\/wp-content\/uploads\/2025\/05\/image-29.png\" alt=\"\" class=\"wp-image-8817\" srcset=\"https:\/\/naszpowiat.info\/wp-content\/uploads\/2025\/05\/image-29.png 610w, https:\/\/naszpowiat.info\/wp-content\/uploads\/2025\/05\/image-29-300x197.png 300w, https:\/\/naszpowiat.info\/wp-content\/uploads\/2025\/05\/image-29-465x306.png 465w\" sizes=\"auto, (max-width: 610px) 100vw, 610px\" \/><figcaption class=\"wp-element-caption\">Fot. siedlce.pl<\/figcaption><\/figure>\n<\/div><div class=\"naszp-po-tresci\" id=\"naszp-2016612071\"><script async src=\"\/\/pagead2.googlesyndication.com\/pagead\/js\/adsbygoogle.js?client=ca-pub-5304901113955943\" crossorigin=\"anonymous\"><\/script><ins class=\"adsbygoogle\" style=\"display:block;\" data-ad-client=\"ca-pub-5304901113955943\" \ndata-ad-slot=\"9226873542\" \ndata-ad-format=\"auto\"><\/ins>\n<script> \n(adsbygoogle = window.adsbygoogle || []).push({}); \n<\/script>\n<\/div>","protected":false},"excerpt":{"rendered":"<p>W sercu Siedlec, nad malowniczym Zalewem Muchawka, zapowiada si\u0119 prawdziwa uczta dla fan\u00f3w rowerowego szale\u0144stwa, sportowych emocji i niepowtarzalnego klimatu nocnej rywalizacji. 6 czerwca 2025 roku teren pumptracka roz\u015bwietl\u0105 reflektory, a \u015bmia\u0142kowie z ca\u0142ego regionu zmierz\u0105 si\u0119 w premierowej edycji Pumptrack Night Ride \u2013 wydarzenia, kt\u00f3re ma szans\u0119 sta\u0107 si\u0119<span class=\"more-link\"><a href=\"https:\/\/naszpowiat.info\/index.php\/2025\/05\/20\/pumptrack-night-ride-juz-6-czerwca-w-siedlcach\/\">Czytaj dalej<\/a><\/span><\/p>\n","protected":false},"author":9,"featured_media":8817,"comment_status":"open","ping_status":"open","sticky":false,"template":"","format":"standard","meta":{"_monsterinsights_skip_tracking":false,"_monsterinsights_sitenote_active":false,"_monsterinsights_sitenote_note":"","_monsterinsights_sitenote_category":0,"footnotes":""},"categories":[123,28,30,225,31,166,226,157,59],"tags":[328,1166,1167,474,138,290],"class_list":["entry","author-admin","post-8816","post","type-post","status-publish","format-standard","has-post-thumbnail","category-aktualnosci","category-dla-mieszkanca","category-kultura","category-miasta","category-powiaty-mazowieckiego","category-rekreacja","category-siedlce","category-sport","category-wydarzenia","tag-kolarstwo","tag-pumptrack-night-ride","tag-rower","tag-siedlce","tag-sport","tag-wydarzenia"],"aioseo_notices":[],"_links":{"self":[{"href":"https:\/\/naszpowiat.info\/index.php\/wp-json\/wp\/v2\/posts\/8816","targetHints":{"allow":["GET"]}}],"collection":[{"href":"https:\/\/naszpowiat.info\/index.php\/wp-json\/wp\/v2\/posts"}],"about":[{"href":"https:\/\/naszpowiat.info\/index.php\/wp-json\/wp\/v2\/types\/post"}],"author":[{"embeddable":true,"href":"https:\/\/naszpowiat.info\/index.php\/wp-json\/wp\/v2\/users\/9"}],"replies":[{"embeddable":true,"href":"https:\/\/naszpowiat.info\/index.php\/wp-json\/wp\/v2\/comments?post=8816"}],"version-history":[{"count":1,"href":"https:\/\/naszpowiat.info\/index.php\/wp-json\/wp\/v2\/posts\/8816\/revisions"}],"predecessor-version":[{"id":8818,"href":"https:\/\/naszpowiat.info\/index.php\/wp-json\/wp\/v2\/posts\/8816\/revisions\/8818"}],"wp:featuredmedia":[{"embeddable":true,"href":"https:\/\/naszpowiat.info\/index.php\/wp-json\/wp\/v2\/media\/8817"}],"wp:attachment":[{"href":"https:\/\/naszpowiat.info\/index.php\/wp-json\/wp\/v2\/media?parent=8816"}],"wp:term":[{"taxonomy":"category","embeddable":true,"href":"https:\/\/naszpowiat.info\/index.php\/wp-json\/wp\/v2\/categories?post=8816"},{"taxonomy":"post_tag","embeddable":true,"href":"https:\/\/naszpowiat.info\/index.php\/wp-json\/wp\/v2\/tags?post=8816"}],"curies":[{"name":"wp","href":"https:\/\/api.w.org\/{rel}","templated":true}]}}